{"id":29075,"date":"2026-04-24T11:01:44","date_gmt":"2026-04-24T14:01:44","guid":{"rendered":"https:\/\/magistrarcursos.com.br\/blog\/?p=29075"},"modified":"2026-04-24T11:01:44","modified_gmt":"2026-04-24T14:01:44","slug":"concurso-mpgo-promotor","status":"publish","type":"post","link":"https:\/\/magistrarcursos.com.br\/blog\/concurso-mpgo-promotor\/","title":{"rendered":"Concurso MP GO Promotor: provas subjetivas ser\u00e3o aplicadas em 24, 25 e 26 de abril!"},"content":{"rendered":"\n<p>O Minist\u00e9rio P\u00fablico do Estado de Goi\u00e1s (MP GO) divulgou o resultado das provas objetivas do concurso p\u00fablico para <strong>Promotor de Justi\u00e7a Substituto<\/strong>. O certame oferta <strong>37 vagas imediatas<\/strong>, al\u00e9m de&nbsp;forma\u00e7\u00e3o de cadastro reserva, com iniciais de&nbsp;<strong>R$ 34.083,41<\/strong>.<\/p>\n\n\n\n<h2 class=\"wp-block-heading\">Situa\u00e7\u00e3o atual do concurso MP GO Promotor<\/h2>\n\n\n\n<p>A prova objetiva do Concurso MP GO ocorreu no dia<strong> 1\u00ba de fevereiro<\/strong>, das&nbsp;<strong>13h \u00e0s 18h<\/strong>, hor\u00e1rio de Bras\u00edlia. As listas das candidatas e candidatos aprovados e classificados para a pr\u00f3xima etapa do certame foram divulgadas no <strong><a href=\"https:\/\/conhecimento.fgv.br\/concursos\/mpgo25\" data-type=\"link\" data-id=\"https:\/\/conhecimento.fgv.br\/concursos\/mpgo25\" target=\"_blank\" rel=\"noopener\">site da banca FGV<\/a><\/strong> no dia 12 de mar\u00e7o.<\/p>\n\n\n\n<p>Confira o <strong><a href=\"https:\/\/conhecimento.fgv.br\/sites\/default\/files\/concursos\/comissaodeconcurso_comunicado-n-10.pdf\" data-type=\"link\" data-id=\"https:\/\/conhecimento.fgv.br\/sites\/default\/files\/concursos\/comissaodeconcurso_comunicado-n-10.pdf\" target=\"_blank\" rel=\"noopener\">resultado da prova objetiva<\/a><\/strong>.<\/p>\n\n\n\n<p>Em 17 de mar\u00e7o, o Minist\u00e9rio P\u00fablico de Goi\u00e1s divulgou que as <strong><a href=\"https:\/\/magistrarcursos.com.br\/blog\/wp-content\/uploads\/2026\/03\/mpgo-data-prova-subjetiva.pdf\" data-type=\"link\" data-id=\"https:\/\/magistrarcursos.com.br\/blog\/wp-content\/uploads\/2026\/03\/mpgo-data-prova-subjetiva.pdf\">provas subjetivas<\/a><\/strong> ser\u00e3o aplicadas nos <strong>dias 24, 25 e 26 de abril de 2026<\/strong>, no per\u00edodo vespertino, na Faculdade SENAI FATESG, em Goi\u00e2nia (GO), sempre no per\u00edodo das 13h \u00e0s 18h.<\/p>\n\n\n\n<p><a href=\"https:\/\/magistrarcursos.com.br\/blog\/wp-content\/uploads\/2026\/04\/mpgo-.pdf\" target=\"_blank\" rel=\"noreferrer noopener\"><strong>Comunicado n\u00ba 13<\/strong><\/a><\/p>\n\n\n\n<p>A FGV divulgou que <strong>7.320 pessoas disputam as vagas para Promotor de Justi\u00e7a<\/strong>, sendo que 1.514 se declararam negros e 434 se enquadram como pessoas com defici\u00eancia (PcD). Isso corresponde a uma concorr\u00eancia de <strong>197 candidatos por vaga<\/strong>.<br><br>Confira o <a href=\"https:\/\/magistrarcursos.com.br\/blog\/wp-content\/uploads\/2025\/09\/edital-mpgo.pdf\" target=\"_blank\" rel=\"noreferrer noopener\"><strong>edital do concurso MP GO Promotor<\/strong><\/a>!<\/p>\n\n\n\n<h3 class=\"wp-block-heading\">Cronograma<\/h3>\n\n\n\n<ul class=\"wp-block-list\">\n<li><strong>Abertura\/In\u00edcio das Inscri\u00e7\u00f5es Provis\u00f3rias:<\/strong> A partir das 16h do dia 29 de setembro de 2025.<\/li>\n\n\n\n<li><strong>Fim das Inscri\u00e7\u00f5es Provis\u00f3rias:<\/strong> At\u00e9 as 16h do dia 13 de novembro de 2025.<\/li>\n\n\n\n<li><strong>Prazo para Solicita\u00e7\u00e3o de Isen\u00e7\u00e3o da Taxa:<\/strong> Entre 16h do dia 29 de setembro de 2025 e 16h do dia 1\u00ba de outubro de 2025<\/li>\n\n\n\n<li><strong>Prazo Final para Pagamento da Taxa de Inscri\u00e7\u00e3o:<\/strong> At\u00e9 as 16h do dia 14 de novembro de 2025.<\/li>\n\n\n\n<li><strong>Prova preambular:<\/strong> 1\u00ba de fevereiro de 2026.<\/li>\n\n\n\n<li><strong>Resultado da prova objetiva<\/strong>: 12 de mar\u00e7o de 2026<\/li>\n\n\n\n<li><strong>Provas subjetivas:<\/strong> 24, 25 e 26 de abril de 2026.<\/li>\n<\/ul>\n\n\n\n<figure class=\"wp-block-image size-full\"><a href=\"https:\/\/vitalicia.magistrarcursos.com.br\/?utm_source=blog&amp;utm_medium=banner&amp;utm_campaign=vitalicia\" target=\"_blank\" rel=\" noreferrer noopener\"><img fetchpriority=\"high\" decoding=\"async\" width=\"800\" height=\"250\" src=\"https:\/\/magistrarcursos.com.br\/blog\/wp-content\/uploads\/2025\/11\/banner-vitalicia-novo.webp\" alt=\"\" class=\"wp-image-28790\" srcset=\"https:\/\/magistrarcursos.com.br\/blog\/wp-content\/uploads\/2025\/11\/banner-vitalicia-novo.webp 800w, https:\/\/magistrarcursos.com.br\/blog\/wp-content\/uploads\/2025\/11\/banner-vitalicia-novo-300x94.webp 300w, https:\/\/magistrarcursos.com.br\/blog\/wp-content\/uploads\/2025\/11\/banner-vitalicia-novo-768x240.webp 768w\" sizes=\"(max-width: 800px) 100vw, 800px\" \/><\/a><\/figure>\n\n\n\n<h2 class=\"wp-block-heading\">Vagas<\/h2>\n\n\n\n<p>S\u00e3o ofertadas 37 vagas para reposi\u00e7\u00e3o de cargos vital\u00edcios, al\u00e9m de forma\u00e7\u00e3o de cadastro de reserva. O subs\u00eddio inicial para o&nbsp;<strong><a href=\"https:\/\/magistrarcursos.com.br\/blog\/promotor-de-justica\/\">Promotor de Justi\u00e7a<\/a><\/strong>&nbsp;\u00e9 de R$ 34.083,41.<\/p>\n\n\n\n<p>O edital prev\u00ea reserva de vagas:<\/p>\n\n\n\n<ul class=\"wp-block-list\">\n<li><strong>10%<\/strong>&nbsp;para pessoas com defici\u00eancia (4 vagas);<\/li>\n\n\n\n<li><strong>20%<\/strong>&nbsp;para candidatas e candidatos negros (7 vagas).<\/li>\n<\/ul>\n\n\n\n<h2 class=\"wp-block-heading\">Sal\u00e1rio (remunera\u00e7\u00e3o)<\/h2>\n\n\n\n<h3 class=\"wp-block-heading\">Promotor de Justi\u00e7a<\/h3>\n\n\n\n<ul class=\"wp-block-list\">\n<li>Promotor de Justi\u00e7a Substituto: R$ 34.083,41<\/li>\n\n\n\n<li>Promotor de Justi\u00e7a Entr\u00e2ncia Inicial: R$ 35.877,27<\/li>\n\n\n\n<li>Promotor de Justi\u00e7a Entr\u00e2ncia Final: R$ 39.753,21<\/li>\n<\/ul>\n\n\n\n<h2 class=\"wp-block-heading\">Etapas do concurso<\/h2>\n\n\n\n<p>O concurso para Promotor do <a href=\"https:\/\/magistrarcursos.com.br\/blog\/mpgo-abre-concurso-para-promotor-de-justica-substituto-com-salario-inicial-de-r-34-mil\/\"><strong>MP GO abriu o edital<\/strong><\/a> e ir\u00e1 contar com as seguintes fases:<\/p>\n\n\n\n<h3 class=\"wp-block-heading\">Prova Preambular (Objetiva)<\/h3>\n\n\n\n<p>A prova preambular \u00e9 de responsabilidade da Funda\u00e7\u00e3o Getulio Vargas (FGV) e consiste em 100 (cem) quest\u00f5es de m\u00faltipla escolha, sendo divididas nas seguintes disciplinas:<\/p>\n\n\n\n<ul class=\"wp-block-list\">\n<li><strong>Direito Penal, Processual Penal e Legisla\u00e7\u00e3o Penal Especial:<\/strong> 35 quest\u00f5es<\/li>\n\n\n\n<li><strong>Direitos Difusos, Coletivos e Individuais Homog\u00eaneos:<\/strong> 20 quest\u00f5es<\/li>\n\n\n\n<li><strong>Direito Constitucional:<\/strong> 15 quest\u00f5es<\/li>\n\n\n\n<li><strong>Direito Civil e Processual Civil:<\/strong> 15 quest\u00f5es<\/li>\n\n\n\n<li><strong>Direito Administrativo e Eleitoral:<\/strong> 10 quest\u00f5es<\/li>\n\n\n\n<li><strong>Minist\u00e9rio P\u00fablico (Legisla\u00e7\u00e3o Institucional):<\/strong> 5 quest\u00f5es<\/li>\n\n\n\n<li><strong>Total:<\/strong> 100 quest\u00f5es<\/li>\n<\/ul>\n\n\n\n<h3 class=\"wp-block-heading\">Provas Subjetivas<\/h3>\n\n\n\n<p>As candidatas e candidatos habilitados na prova preambular ser\u00e3o submetidos a 3 (tr\u00eas) provas subjetivas, que podem versar sobre quest\u00f5es te\u00f3ricas, pr\u00e1ticas ou dissertativas. Os grupos de disciplinas das provas subjetivas s\u00e3o:<\/p>\n\n\n\n<ul class=\"wp-block-list\">\n<li><strong>Grupo 1:<\/strong> Direito Penal, Processual Penal e Legisla\u00e7\u00e3o Criminal Especial.<\/li>\n\n\n\n<li><strong>Grupo 2:<\/strong> Direito Civil, Direito Processual Civil, Tutela de Interesses Difusos, Coletivos e Individuais Homog\u00eaneos.<\/li>\n\n\n\n<li><strong>Grupo 3:<\/strong> Direito Constitucional, Administrativo, Eleitoral e Legisla\u00e7\u00e3o do Minist\u00e9rio P\u00fablico.<\/li>\n<\/ul>\n\n\n\n<h3 class=\"wp-block-heading\">Inscri\u00e7\u00e3o Definitiva<\/h3>\n\n\n\n<p>As candidatas e candidatos aprovados nas provas subjetivas dever\u00e3o requerer a inscri\u00e7\u00e3o definitiva em um prazo de 10 (dez) dias corridos, contados da publica\u00e7\u00e3o do resultado das subjetivas. Esta fase tem car\u00e1ter eliminat\u00f3rio e exige a apresenta\u00e7\u00e3o de diversos documentos, como o diploma de bacharel em Direito e a comprova\u00e7\u00e3o de, no m\u00ednimo, tr\u00eas anos de atividade jur\u00eddica ap\u00f3s a conclus\u00e3o do curso.<\/p>\n\n\n\n<h3 class=\"wp-block-heading\">Provas Orais<\/h3>\n\n\n\n<p>As candidatas e candidatos com inscri\u00e7\u00e3o definitiva deferida ser\u00e3o convocados para as provas orais, as quais s\u00e3o eliminat\u00f3rias. A argui\u00e7\u00e3o ter\u00e1 por objeto os tr\u00eas grupos de disciplinas (Direito Penal\/Processual Penal; Direito Civil\/Processual Civil\/Tutela Coletiva; Direito Constitucional\/Administrativo\/Eleitoral\/MP). <\/p>\n\n\n\n<p>O candidato ser\u00e1 aprovado para a fase seguinte se obtiver nota m\u00ednima igual a 6,0 (seis) em cada uma das provas dos tr\u00eas grupos de disciplinas.<\/p>\n\n\n\n<h3 class=\"wp-block-heading\">Avalia\u00e7\u00e3o de T\u00edtulos<\/h3>\n\n\n\n<p>A avalia\u00e7\u00e3o de t\u00edtulos \u00e9 a \u00faltima fase do concurso e possui natureza meramente classificat\u00f3ria. Os t\u00edtulos considerados s\u00e3o:<\/p>\n\n\n\n<figure class=\"wp-block-table\"><table class=\"has-fixed-layout\"><thead><tr><td>T\u00edtulo<\/td><td>Pontua\u00e7\u00e3o<\/td><td>Crit\u00e9rios e Veda\u00e7\u00f5es<\/td><\/tr><\/thead><tbody><tr><td><strong>a) Doutorado ou Livre-Doc\u00eancia<\/strong><\/td><td>0,3 ponto<\/td><td>Diploma ou certificado de curso de doutorado ou livre-doc\u00eancia na \u00e1rea de Direito, expedido ou reconhecido por institui\u00e7\u00e3o de ensino brasileira. N\u00e3o \u00e9 acumul\u00e1vel com os t\u00edtulos &#8220;b&#8221;, &#8220;d&#8221; e &#8220;e&#8221;.<\/td><\/tr><tr><td><strong>b) Mestrado<\/strong><\/td><td>0,2 ponto<\/td><td>Diploma ou certificado de curso de mestrado na \u00e1rea de Direito, expedido ou reconhecido por institui\u00e7\u00e3o de ensino brasileira. N\u00e3o \u00e9 acumul\u00e1vel com os t\u00edtulos &#8220;a&#8221;, &#8220;d&#8221; e &#8220;e&#8221;.<\/td><\/tr><tr><td><strong>c) Exerc\u00edcio na Carreira Jur\u00eddica<\/strong><\/td><td>0,3 ponto<\/td><td>Exerc\u00edcio de cargo na carreira do Minist\u00e9rio P\u00fablico, da Magistratura, da Defensoria P\u00fablica ou da Advocacia P\u00fablica. Exige per\u00edodo m\u00ednimo de 2 (dois) anos. Estes t\u00edtulos n\u00e3o s\u00e3o acumul\u00e1veis entre si.<\/td><\/tr><tr><td><strong>d) Especializa\u00e7\u00e3o (P\u00f3s-gradua\u00e7\u00e3o lato sensu)<\/strong><\/td><td>0,1 ponto<\/td><td>Diploma ou certificado de curso de especializa\u00e7\u00e3o na \u00e1rea de Direito. N\u00e3o \u00e9 acumul\u00e1vel com os t\u00edtulos &#8220;a&#8221;, &#8220;b&#8221; e &#8220;e&#8221;.<\/td><\/tr><tr><td><strong>e) Cursos de Escola Superior<\/strong><\/td><td>0,1 ponto<\/td><td>Certificado de conclus\u00e3o, com aproveitamento, de curso promovido por Escola do Minist\u00e9rio P\u00fablico, da Magistratura, da Advocacia ou Defensoria, com carga hor\u00e1ria m\u00ednima de 100 (cem) horas, e reconhecido pela Administra\u00e7\u00e3o Superior. \u00c9 vedada a acumula\u00e7\u00e3o de pontua\u00e7\u00f5es entre essas categorias. N\u00e3o \u00e9 acumul\u00e1vel com os t\u00edtulos &#8220;a&#8221;, &#8220;b&#8221; e &#8220;d&#8221;.<\/td><\/tr><tr><td><strong>f) Obra Publicada (Livro)<\/strong><\/td><td>0,3 ponto<\/td><td>Obra publicada (livro) de autoria individual na \u00e1rea das ci\u00eancias jur\u00eddicas, com registro oficial, em data anterior \u00e0 publica\u00e7\u00e3o do edital. O t\u00edtulo deve ser oferecido em exemplar impresso ou digital.<\/td><\/tr><tr><td><strong>g) Magist\u00e9rio Superior<\/strong><\/td><td>0,3 ponto<\/td><td>Exerc\u00edcio de magist\u00e9rio superior na \u00e1rea de Direito pelo per\u00edodo m\u00ednimo de 2 (dois) anos. Este t\u00edtulo ser\u00e1 considerado uma \u00fanica vez, mesmo que o magist\u00e9rio tenha sido ministrado em diversas institui\u00e7\u00f5es, e somente ser\u00e1 considerada a doc\u00eancia anterior \u00e0 publica\u00e7\u00e3o do edital.<\/td><\/tr><tr><td><strong>h) Cargo\/Fun\u00e7\u00e3o T\u00e9cnico-Jur\u00eddica<\/strong><\/td><td>0,1 ponto<\/td><td>Exerc\u00edcio de cargo ou fun\u00e7\u00e3o t\u00e9cnico-jur\u00eddica, em car\u00e1ter efetivo ou em comiss\u00e3o, privativo de bacharel em Direito, em \u00f3rg\u00e3os da administra\u00e7\u00e3o p\u00fablica federal, estadual ou municipal. Exige o exerc\u00edcio de, no m\u00ednimo, 1 (um) ano no cargo ou fun\u00e7\u00e3o.<\/td><\/tr><\/tbody><\/table><\/figure>\n\n\n\n<h2 class=\"wp-block-heading\">Prepare-se para concurso do MPGO com Magistrar Educacional<\/h2>\n\n\n\n<p>Diante do alto n\u00edvel de concorr\u00eancia, \u00e9 muito importante investir em uma prepara\u00e7\u00e3o estrat\u00e9gica. Para se preparar com anteced\u00eancia, os candidatos podem contar com o <strong><a href=\"https:\/\/magistrarcursos.com.br\/cursos\/ministerio-publico-estadual\/reta-final-mpgo\/\" data-type=\"link\" data-id=\"https:\/\/magistrarcursos.com.br\/cursos\/ministerio-publico-estadual\/reta-final-mpgo\/\" target=\"_blank\" rel=\"noreferrer noopener\">curso MPGO Promotor<\/a><\/strong> do Magistrar Educacional.<\/p>\n\n\n\n<ul class=\"wp-block-list\">\n<li>Roteiro de estudos personalizado;<\/li>\n\n\n\n<li>Simulados;<\/li>\n\n\n\n<li>Banco de mais de 10 mil quest\u00f5es comentadas;<\/li>\n\n\n\n<li>Estudo orientado por intelig\u00eancia artificial jur\u00eddica.<\/li>\n<\/ul>\n","protected":false},"excerpt":{"rendered":"<p>Minist\u00e9rio P\u00fablico do Estado de Goi\u00e1s oferta 37 vagas para Promotor Substituto, com sal\u00e1rio de R$ 34 mil<\/p>\n","protected":false},"author":16,"featured_media":29077,"comment_status":"closed","ping_status":"closed","sticky":false,"template":"","format":"standard","meta":{"footnotes":""},"categories":[100,115],"tags":[],"class_list":["post-29075","post","type-post","status-publish","format-standard","has-post-thumbnail","hentry","category-concursos","category-ministerio-publico"],"_links":{"self":[{"href":"https:\/\/magistrarcursos.com.br\/blog\/wp-json\/wp\/v2\/posts\/29075","targetHints":{"allow":["GET"]}}],"collection":[{"href":"https:\/\/magistrarcursos.com.br\/blog\/wp-json\/wp\/v2\/posts"}],"about":[{"href":"https:\/\/magistrarcursos.com.br\/blog\/wp-json\/wp\/v2\/types\/post"}],"author":[{"embeddable":true,"href":"https:\/\/magistrarcursos.com.br\/blog\/wp-json\/wp\/v2\/users\/16"}],"replies":[{"embeddable":true,"href":"https:\/\/magistrarcursos.com.br\/blog\/wp-json\/wp\/v2\/comments?post=29075"}],"version-history":[{"count":13,"href":"https:\/\/magistrarcursos.com.br\/blog\/wp-json\/wp\/v2\/posts\/29075\/revisions"}],"predecessor-version":[{"id":35414,"href":"https:\/\/magistrarcursos.com.br\/blog\/wp-json\/wp\/v2\/posts\/29075\/revisions\/35414"}],"wp:featuredmedia":[{"embeddable":true,"href":"https:\/\/magistrarcursos.com.br\/blog\/wp-json\/wp\/v2\/media\/29077"}],"wp:attachment":[{"href":"https:\/\/magistrarcursos.com.br\/blog\/wp-json\/wp\/v2\/media?parent=29075"}],"wp:term":[{"taxonomy":"category","embeddable":true,"href":"https:\/\/magistrarcursos.com.br\/blog\/wp-json\/wp\/v2\/categories?post=29075"},{"taxonomy":"post_tag","embeddable":true,"href":"https:\/\/magistrarcursos.com.br\/blog\/wp-json\/wp\/v2\/tags?post=29075"}],"curies":[{"name":"wp","href":"https:\/\/api.w.org\/{rel}","templated":true}]}}