{"id":34971,"date":"2026-08-25T11:05:07","date_gmt":"2026-08-25T14:05:07","guid":{"rendered":"https:\/\/magistrarcursos.com.br\/blog\/?p=34971"},"modified":"2026-08-25T11:05:07","modified_gmt":"2026-08-25T14:05:07","slug":"concurso-procurador-manaus","status":"publish","type":"post","link":"https:\/\/magistrarcursos.com.br\/blog\/concurso-procurador-manaus\/","title":{"rendered":"Concurso PGM Manaus: convoca\u00e7\u00e3o para prova ser\u00e1 publicada em setembro; confira as datas"},"content":{"rendered":"\n<p>O concurso da <strong>Procuradoria-Geral do Munic\u00edpio de Manaus (PGM Manaus)<\/strong> est\u00e1 com inscri\u00e7\u00f5es encerradas e avan\u00e7ou para a etapa de convoca\u00e7\u00e3o dos candidatos.<\/p>\n\n\n\n<p>O edital de convoca\u00e7\u00e3o para a prova objetiva est\u00e1 previsto para <strong>3 de setembro de 2026<\/strong>, enquanto a aplica\u00e7\u00e3o do exame ocorrer\u00e1 em <strong>20 de setembro<\/strong>, no per\u00edodo da manh\u00e3.<\/p>\n\n\n\n<p>O certame oferece <strong>6 vagas imediatas<\/strong> para o cargo de <a href=\"https:\/\/magistrarcursos.com.br\/blog\/procurador\/\" target=\"_blank\" rel=\"noreferrer noopener\">Procurador<\/a> do Munic\u00edpio de 3\u00aa Classe, al\u00e9m de forma\u00e7\u00e3o de cadastro de reserva. A remunera\u00e7\u00e3o inicial \u00e9 de <strong>R$ 29.009,10<\/strong>.<\/p>\n\n\n\n<p><a href=\"https:\/\/www.google.com\/aclk?sa=L&amp;pf=1&amp;ai=DChsSEwjC-I2MorqWAxViTUgAHYHHCJ4YACICCAEQARoCY2U&amp;co=1&amp;ase=2&amp;gclid=Cj0KCQjw16_UBhCqARIsAIdOaXyMj7y_JtT_Yjco-1oE7lRTzeJzsgsG1J7ovQDG7VlDdzwicFjdQlgaAjbTEALw_wcB&amp;ei=RL-MapqGFN7a5OUPwtre-AU&amp;cid=CAASZuRoQENvBMvLn7UCMnHDrVm-5i0ZNkCw5PwKJxguzLCSPjAuZ_9GlIAqw9pTH0KRy7xBA8E2Xfp2T5onUFfequyryl0sehmPhO4TThsgs4hXSV243no1pywNVwBr82wh-b5w5CN0XQ&amp;cce=2&amp;category=acrcp_v1_32&amp;sig=AOD64_3az9jnq_QMw9fICXeyWOFpvOKaoQ&amp;q&amp;sqi=2&amp;nis=4&amp;adurl=https:\/\/www.concursosfcc.com.br\/concursos\/pgmam126\/index.html?gad_source%3D1%26gad_campaignid%3D24135235627%26gbraid%3D0AAAAAqa5XL7Egk-EyVKdkaAjGwVjL8s0-%26gclid%3DCj0KCQjw16_UBhCqARIsAIdOaXyMj7y_JtT_Yjco-1oE7lRTzeJzsgsG1J7ovQDG7VlDdzwicFjdQlgaAjbTEALw_wcB&amp;ved=2ahUKEwiauIGMorqWAxVeLbkGHUKtF18Q0Qx6BAgREAE\" target=\"_blank\" rel=\"noreferrer noopener\">Organizado pela <strong>Funda\u00e7\u00e3o Carlos Chagas (FCC)<\/strong><\/a>, o concurso exige gradua\u00e7\u00e3o em Direito e inscri\u00e7\u00e3o regular na <a href=\"https:\/\/magistrarcursos.com.br\/cursos\/oab\/\" target=\"_blank\" rel=\"noreferrer noopener\"><strong>Ordem dos Advogados do Brasil (OAB)<\/strong><\/a>. As inscri\u00e7\u00f5es foram realizadas entre <strong>6 de julho e 4 de agosto de 2026<\/strong>.<\/p>\n\n\n\n<p>A sele\u00e7\u00e3o ser\u00e1 composta por <strong>prova objetiva, duas provas discursivas, prova oral e avalia\u00e7\u00e3o de t\u00edtulos<\/strong>. Ap\u00f3s a prova objetiva, os candidatos classificados avan\u00e7ar\u00e3o para as etapas discursivas, previstas para <strong>29 de novembro e 6 de dezembro de 2026<\/strong>.<\/p>\n\n\n\n<p>A seguir, confira a situa\u00e7\u00e3o atual, o cronograma, as vagas, o sal\u00e1rio, os requisitos e todas as etapas do <strong>concurso PGM Manaus 2026<\/strong>.<\/p>\n\n\n\n<p><a href=\"https:\/\/magistrarcursos.com.br\/blog\/wp-content\/uploads\/2026\/07\/edital-pgm-manaus.pdf\" target=\"_blank\" rel=\"noreferrer noopener\"><strong>Confira o edital do Concurso PGM Manaus 2026<\/strong><\/a><\/p>\n\n\n\n<div style=\"text-align: center;margin: 30px 0;font-family: 'Segoe UI', Roboto, 'Helvetica Neue', sans-serif\">\n  <a href=\"https:\/\/instagram.com\/magistrarcursos\" target=\"_blank\" rel=\"noopener noreferrer\" style=\"align-items: center;gap: 12px;background-color: #000000;color: #D4AF37;padding: 14px 28px;border-radius: 50px;text-decoration: none;font-weight: bold;font-size: 1.2rem;letter-spacing: 1px;border: 1px solid #D4AF37\">\n    \n      \n      \n      \n    \n    <span>Siga @magistrarcursos<\/span>\n  <\/a>\n  <div style=\"margin-top: 12px;font-size: 0.85rem;color: #444;font-weight: 500\">\n    \ud83d\udcda Conte\u00fados di\u00e1rios, dicas de estudos e novidades sobre concursos jur\u00eddicos\n  <\/div>\n<\/div>\n\n\n\n<h2 class=\"wp-block-heading\">Situa\u00e7\u00e3o atual do concurso PGM Manaus<\/h2>\n\n\n\n<p>As inscri\u00e7\u00f5es do concurso PGM Manaus foram encerradas em <strong>4 de agosto de 2026<\/strong>. Agora, o certame avan\u00e7a para a prepara\u00e7\u00e3o da primeira etapa de avalia\u00e7\u00e3o.<\/p>\n\n\n\n<p>A <strong>Funda\u00e7\u00e3o Carlos Chagas (FCC)<\/strong> dever\u00e1 publicar em <strong>3 de setembro de 2026<\/strong> o edital de convoca\u00e7\u00e3o para a prova objetiva. O exame ser\u00e1 aplicado em <strong>20 de setembro<\/strong>, no per\u00edodo da manh\u00e3, em Manaus\/AM.<\/p>\n\n\n\n<p>Ap\u00f3s a aplica\u00e7\u00e3o, est\u00e1 prevista para <strong>21 de setembro<\/strong>, a partir das 17h, a divulga\u00e7\u00e3o das quest\u00f5es e do gabarito da prova. Os candidatos poder\u00e3o apresentar recursos contra os gabaritos e as quest\u00f5es entre <strong>22 e 24 de setembro<\/strong>.<\/p>\n\n\n\n<p>O <strong>resultado preliminar da prova objetiva<\/strong> est\u00e1 previsto para <strong>27 de outubro<\/strong>, enquanto o resultado definitivo dever\u00e1 ser publicado em <strong>13 de novembro<\/strong>.<\/p>\n\n\n\n<p>Os candidatos classificados seguir\u00e3o para as provas discursivas, marcadas para <strong>29 de novembro e 6 de dezembro de 2026<\/strong>. A prova oral ser\u00e1 realizada posteriormente, conforme cronograma a ser divulgado.<\/p>\n\n\n\n<p><strong>Veja mais:\u00a0<a href=\"https:\/\/magistrarcursos.com.br\/blog\/concurso-procurador\/\" target=\"_blank\" rel=\"noreferrer noopener\">Concurso para Procurador 2026: MPF, PGE e Assembleia Legislativa<\/a><\/strong><\/p>\n\n\n\n<h2 class=\"wp-block-heading\">Quando ser\u00e1 a prova do concurso PGM Manaus?<\/h2>\n\n\n\n<p>A <strong>prova objetiva do concurso PGM Manaus ser\u00e1 aplicada em 20 de setembro de 2026<\/strong>, no per\u00edodo da manh\u00e3, em Manaus\/AM.<\/p>\n\n\n\n<p>O edital de convoca\u00e7\u00e3o para a etapa est\u00e1 previsto para <strong>3 de setembro<\/strong>. O documento dever\u00e1 informar os locais de aplica\u00e7\u00e3o e as demais orienta\u00e7\u00f5es para os candidatos.<\/p>\n\n\n\n<p>A prova ter\u00e1 <strong>100 quest\u00f5es de m\u00faltipla escolha<\/strong>, com valor total de 100 pontos. Ser\u00e1 considerado habilitado o candidato que obtiver, no m\u00ednimo, <strong>60 pontos<\/strong>.<\/p>\n\n\n\n<p>Depois da aplica\u00e7\u00e3o, a FCC dever\u00e1 divulgar as quest\u00f5es e o gabarito em <strong>21 de setembro<\/strong>. O per\u00edodo para recursos ser\u00e1 de <strong>22 a 24 de setembro<\/strong>.<\/p>\n\n\n\n<h2 class=\"wp-block-heading\">Cronograma do concurso PGM Manaus<\/h2>\n\n\n\n<figure class=\"wp-block-table\"><table class=\"has-fixed-layout\"><thead><tr><th>Etapa<\/th><th>Data<\/th><\/tr><\/thead><tbody><tr><td>Edital de abertura<\/td><td>02\/07\/2026<\/td><\/tr><tr><td>Inscri\u00e7\u00f5es<\/td><td>06\/07 a 04\/08\/2026<\/td><\/tr><tr><td>Pagamento da taxa<\/td><td>at\u00e9 05\/08\/2026<\/td><\/tr><tr><td><strong>Edital de convoca\u00e7\u00e3o para a prova objetiva<\/strong><\/td><td><strong>03\/09\/2026<\/strong><\/td><\/tr><tr><td><strong>Prova objetiva<\/strong><\/td><td><strong>20\/09\/2026<\/strong><\/td><\/tr><tr><td>Divulga\u00e7\u00e3o do gabarito e das quest\u00f5es<\/td><td>21\/09\/2026<\/td><\/tr><tr><td>Recursos contra gabarito e quest\u00f5es<\/td><td>22 a 24\/09\/2026<\/td><\/tr><tr><td>Resultado preliminar da objetiva<\/td><td>27\/10\/2026<\/td><\/tr><tr><td>Recursos contra resultado preliminar<\/td><td>28 a 30\/10\/2026<\/td><\/tr><tr><td>Resultado definitivo da objetiva<\/td><td>13\/11\/2026<\/td><\/tr><tr><td><strong>Prova discursiva 1<\/strong><\/td><td><strong>29\/11\/2026<\/strong><\/td><\/tr><tr><td><strong>Prova discursiva 2<\/strong><\/td><td><strong>06\/12\/2026<\/strong><\/td><\/tr><tr><td>Resultado preliminar das discursivas<\/td><td>19\/01\/2027<\/td><\/tr><tr><td>Recursos contra resultado preliminar das discursivas<\/td><td>20 e 21\/01\/2027<\/td><\/tr><tr><td>Resultado definitivo das discursivas<\/td><td>03\/03\/2027<\/td><\/tr><tr><td>Entrega dos t\u00edtulos<\/td><td>09 a 11\/03\/2027<\/td><\/tr><tr><td>Prova oral<\/td><td>A definir<\/td><\/tr><\/tbody><\/table><\/figure>\n\n\n\n<h2 class=\"wp-block-heading\">Vagas do concurso PGM Manaus<\/h2>\n\n\n\n<p>O concurso oferece <strong>6 vagas imediatas<\/strong> para o cargo de Procurador do Munic\u00edpio de 3\u00aa Classe, al\u00e9m de forma\u00e7\u00e3o de cadastro de reserva.<\/p>\n\n\n\n<p>A distribui\u00e7\u00e3o \u00e9:<\/p>\n\n\n\n<ul class=\"wp-block-list\">\n<li><strong>5 vagas para ampla concorr\u00eancia<\/strong>;<\/li>\n\n\n\n<li><strong>1 vaga para pessoas com defici\u00eancia (PcD)<\/strong>.<\/li>\n<\/ul>\n\n\n\n<p>O edital prev\u00ea ainda a forma\u00e7\u00e3o de cadastro de reserva, que poder\u00e1 ser utilizado durante o prazo de validade do concurso, conforme a necessidade da administra\u00e7\u00e3o municipal.<\/p>\n\n\n\n<h2 class=\"wp-block-heading\">Sal\u00e1rio do Procurador da PGM Manaus<\/h2>\n\n\n\n<p>O cargo de <strong>Procurador do Munic\u00edpio de 3\u00aa Classe<\/strong> possui remunera\u00e7\u00e3o inicial de <strong>R$ 29.009,10<\/strong>.<\/p>\n\n\n\n<p>O valor \u00e9 composto por:<\/p>\n\n\n\n<ul class=\"wp-block-list\">\n<li><strong>Vencimento:<\/strong> R$ 18.314,50;<\/li>\n\n\n\n<li><strong>Gratifica\u00e7\u00e3o de Procurat\u00f3rio:<\/strong> R$ 10.694,60.<\/li>\n<\/ul>\n\n\n\n<p>A remunera\u00e7\u00e3o corresponde ao in\u00edcio da carreira e poder\u00e1 sofrer altera\u00e7\u00f5es conforme a legisla\u00e7\u00e3o municipal e a evolu\u00e7\u00e3o funcional do servidor.<\/p>\n\n\n\n<h2 class=\"wp-block-heading\">Requisitos para ser Procurador da PGM Manaus<\/h2>\n\n\n\n<p>Para concorrer ao cargo de Procurador do Munic\u00edpio de 3\u00aa Classe, o candidato deve possuir:<\/p>\n\n\n\n<ul class=\"wp-block-list\">\n<li><strong>Diploma de gradua\u00e7\u00e3o em Direito<\/strong>, reconhecido pelo MEC;<\/li>\n\n\n\n<li><strong>Inscri\u00e7\u00e3o regular na Ordem dos Advogados do Brasil (OAB)<\/strong>.<\/li>\n<\/ul>\n\n\n\n<p>Tamb\u00e9m \u00e9 necess\u00e1rio atender aos requisitos gerais para investidura no cargo, como ter idade m\u00ednima de 18 anos e estar em dia com as obriga\u00e7\u00f5es eleitorais.<\/p>\n\n\n\n<h2 class=\"wp-block-heading\">Como ser\u00e1 a prova objetiva da PGM Manaus?<\/h2>\n\n\n\n<p>A prova objetiva ter\u00e1 <strong>100 quest\u00f5es de m\u00faltipla escolha<\/strong>, dura\u00e7\u00e3o de <strong>cinco horas<\/strong> e valor total de 100 pontos.<\/p>\n\n\n\n<p>A distribui\u00e7\u00e3o ser\u00e1:<\/p>\n\n\n\n<ul class=\"wp-block-list\">\n<li><strong>Direito Constitucional:<\/strong> 15 quest\u00f5es;<\/li>\n\n\n\n<li><strong>Direito Administrativo:<\/strong> 15 quest\u00f5es;<\/li>\n\n\n\n<li><strong>Direito Tribut\u00e1rio:<\/strong> 15 quest\u00f5es;<\/li>\n\n\n\n<li><strong>Direito Processual Civil:<\/strong> 15 quest\u00f5es;<\/li>\n\n\n\n<li><strong>Direito Financeiro e Or\u00e7ament\u00e1rio:<\/strong> 7 quest\u00f5es;<\/li>\n\n\n\n<li><strong>Direito Civil:<\/strong> 7 quest\u00f5es;<\/li>\n\n\n\n<li><strong>Direito Previdenci\u00e1rio:<\/strong> 5 quest\u00f5es;<\/li>\n\n\n\n<li><strong>Direito Ambiental:<\/strong> 5 quest\u00f5es;<\/li>\n\n\n\n<li><strong>Direito Empresarial:<\/strong> 4 quest\u00f5es;<\/li>\n\n\n\n<li><strong>Direito do Trabalho:<\/strong> 4 quest\u00f5es;<\/li>\n\n\n\n<li><strong>Direito Processual do Trabalho:<\/strong> 4 quest\u00f5es;<\/li>\n\n\n\n<li><strong>Direito Municipal:<\/strong> 4 quest\u00f5es.<\/li>\n<\/ul>\n\n\n\n<p>Ser\u00e1 considerado habilitado o candidato que alcan\u00e7ar <strong>60 pontos ou mais<\/strong>.<\/p>\n\n\n\n<h2 class=\"wp-block-heading\">Como ser\u00e3o as provas discursivas?<\/h2>\n\n\n\n<p>A segunda fase ser\u00e1 composta por <strong>duas provas discursivas<\/strong>, aplicadas em dois domingos consecutivos: <strong>29 de novembro e 6 de dezembro de 2026<\/strong>.<\/p>\n\n\n\n<p>Cada prova ter\u00e1 dura\u00e7\u00e3o de <strong>cinco horas<\/strong> e ser\u00e1 composta por:<\/p>\n\n\n\n<ul class=\"wp-block-list\">\n<li><strong>Uma pe\u00e7a processual ou parecer<\/strong>, valendo 40 pontos;<\/li>\n\n\n\n<li><strong>Tr\u00eas quest\u00f5es discursivas<\/strong>, valendo 20 pontos cada.<\/li>\n<\/ul>\n\n\n\n<p>Cada avalia\u00e7\u00e3o ter\u00e1 valor total de 100 pontos.<\/p>\n\n\n\n<p>O edital prev\u00ea a possibilidade de consulta a materiais durante as provas discursivas, observadas as regras estabelecidas pela organiza\u00e7\u00e3o do concurso.<\/p>\n\n\n\n<h2 class=\"wp-block-heading\">Como ser\u00e1 a prova oral?<\/h2>\n\n\n\n<p>A prova oral ter\u00e1 car\u00e1ter <strong>eliminat\u00f3rio e classificat\u00f3rio<\/strong> e ser\u00e1 realizada em sess\u00e3o p\u00fablica.<\/p>\n\n\n\n<p>A etapa abordar\u00e1 as disciplinas previstas no conte\u00fado program\u00e1tico do concurso e ser\u00e1 avaliada de 0 a 100 pontos.<\/p>\n\n\n\n<p>Ser\u00e1 eliminado o candidato que obtiver <strong>m\u00e9dia inferior a 60 pontos<\/strong>.<\/p>\n\n\n\n<p>A data e as demais regras para realiza\u00e7\u00e3o da prova oral ser\u00e3o divulgadas posteriormente pela organiza\u00e7\u00e3o do concurso.<\/p>\n\n\n\n<h2 class=\"wp-block-heading\">Como funciona a avalia\u00e7\u00e3o de t\u00edtulos?<\/h2>\n\n\n\n<p>A avalia\u00e7\u00e3o de t\u00edtulos ter\u00e1 car\u00e1ter <strong>classificat\u00f3rio<\/strong> e pontua\u00e7\u00e3o m\u00e1xima de <strong>10 pontos<\/strong>.<\/p>\n\n\n\n<p>Entre os t\u00edtulos previstos est\u00e3o:<\/p>\n\n\n\n<ul class=\"wp-block-list\">\n<li>Exerc\u00edcio do magist\u00e9rio superior em disciplina da \u00e1rea jur\u00eddica: at\u00e9 1,60 ponto;<\/li>\n\n\n\n<li>Exerc\u00edcio efetivo da advocacia: at\u00e9 1,60 ponto;<\/li>\n\n\n\n<li>Exerc\u00edcio de cargo ou fun\u00e7\u00e3o p\u00fablica privativa de bacharel em Direito: at\u00e9 1,60 ponto;<\/li>\n\n\n\n<li>Aprova\u00e7\u00e3o em concursos para Procurador, Advogado da Uni\u00e3o, Procurador Federal, Procurador da Fazenda Nacional, Defensor P\u00fablico, Juiz ou membro do Minist\u00e9rio P\u00fablico: at\u00e9 0,80 ponto;<\/li>\n\n\n\n<li>Aprova\u00e7\u00e3o em concurso para outro cargo privativo de bacharel em Direito: at\u00e9 0,40 ponto;<\/li>\n\n\n\n<li>Artigos, pareceres, ensaios, trabalhos jur\u00eddicos e cap\u00edtulos de livros publicados: at\u00e9 0,40 ponto;<\/li>\n\n\n\n<li>Livros jur\u00eddicos publicados: at\u00e9 0,60 ponto;<\/li>\n\n\n\n<li>Doutorado em Direito: 1,50 ponto;<\/li>\n\n\n\n<li>Mestrado em Direito: 1,00 ponto;<\/li>\n\n\n\n<li>Especializa\u00e7\u00e3o em Direito, com m\u00ednimo de 360 horas: 0,50 ponto.<\/li>\n<\/ul>\n\n\n\n<p>A pontua\u00e7\u00e3o ser\u00e1 atribu\u00edda conforme os crit\u00e9rios e documentos estabelecidos no edital.<\/p>\n\n\n\n<h2 class=\"wp-block-heading\">Concurso PGM Manaus: taxa de inscri\u00e7\u00e3o<\/h2>\n\n\n\n<p>A taxa de inscri\u00e7\u00e3o do concurso foi fixada em <strong>R$ 380<\/strong>.<\/p>\n\n\n\n<p>O prazo de inscri\u00e7\u00f5es ocorreu de <strong>6 de julho a 4 de agosto de 2026<\/strong>, exclusivamente pelo site da Funda\u00e7\u00e3o Carlos Chagas.<\/p>\n\n\n\n<p>O pagamento da taxa p\u00f4de ser realizado at\u00e9 <strong>5 de agosto de 2026<\/strong>.<\/p>\n\n\n\n<h3 class=\"wp-block-heading\">Isen\u00e7\u00e3o da taxa<\/h3>\n\n\n\n<p>Puderam solicitar isen\u00e7\u00e3o os candidatos que se enquadrassem nas hip\u00f3teses previstas no edital, incluindo:<\/p>\n\n\n\n<ul class=\"wp-block-list\">\n<li>Inscritos no Cadastro \u00danico para Programas Sociais do Governo Federal (Cad\u00danico);<\/li>\n\n\n\n<li>Doadores de medula \u00f3ssea;<\/li>\n\n\n\n<li>Doadoras de leite materno;<\/li>\n\n\n\n<li>Doadores de sangue;<\/li>\n\n\n\n<li>Convocados pela Justi\u00e7a Eleitoral do Estado do Amazonas.<\/li>\n<\/ul>\n\n\n\n<p>O per\u00edodo para solicita\u00e7\u00e3o da isen\u00e7\u00e3o foi de <strong>6 a 10 de julho de 2026<\/strong>.<\/p>\n\n\n\n<h2 class=\"wp-block-heading\">O que faz um Procurador do Munic\u00edpio?<\/h2>\n\n\n\n<p>O <strong>Procurador do Munic\u00edpio<\/strong> \u00e9 respons\u00e1vel pela representa\u00e7\u00e3o judicial e extrajudicial do munic\u00edpio e pela defesa de seus interesses jur\u00eddicos.<\/p>\n\n\n\n<p>Entre as atribui\u00e7\u00f5es da carreira est\u00e3o:<\/p>\n\n\n\n<ul class=\"wp-block-list\">\n<li>Representar o munic\u00edpio judicialmente;<\/li>\n\n\n\n<li>Atuar em processos administrativos e judiciais;<\/li>\n\n\n\n<li>Elaborar pareceres jur\u00eddicos;<\/li>\n\n\n\n<li>Prestar consultoria jur\u00eddica aos \u00f3rg\u00e3os municipais;<\/li>\n\n\n\n<li>Analisar contratos e atos administrativos;<\/li>\n\n\n\n<li>Atuar em quest\u00f5es tribut\u00e1rias e financeiras;<\/li>\n\n\n\n<li>Orientar juridicamente a administra\u00e7\u00e3o p\u00fablica;<\/li>\n\n\n\n<li>Defender o patrim\u00f4nio e os interesses do munic\u00edpio.<\/li>\n<\/ul>\n\n\n\n<p>A atua\u00e7\u00e3o pode envolver diferentes \u00e1reas do Direito, incluindo Direito Administrativo, Constitucional, Tribut\u00e1rio, Financeiro, Processual Civil e Municipal.<\/p>\n\n\n\n<h2 class=\"wp-block-heading\"><strong>Prepare-se para o concurso PGM Manaus com o Magistrar!<\/strong><\/h2>\n\n\n\n<p>Quem inicia a prepara\u00e7\u00e3o para concursos jur\u00eddicos costuma enfrentar um per\u00edodo de estagna\u00e7\u00e3o. O\u00a0<a href=\"https:\/\/magistrarcursos.com.br\/cursos\/procuradorias\/marco-180-procuradorias\/\" target=\"_blank\" rel=\"noreferrer noopener\"><strong>curso para procuradorias<\/strong><\/a>, do Magistrar, foi pensado para oferecer uma prepara\u00e7\u00e3o completa e estrat\u00e9gica reunindo os temas mais recorrentes da carreira, ideal para candidatos que buscam evolu\u00e7\u00e3o em m\u00e9dio prazo e desejam um direcionamento eficiente nos estudos.<\/p>\n\n\n\n<p>O que voc\u00ea encontrar\u00e1 no&nbsp;<strong>Marco 180 \u2013 Procuradorias<\/strong>:<\/p>\n\n\n\n<ul class=\"wp-block-list\">\n<li>180 Resumos \u00c1guia com os temas mais cobrados em concursos da carreira<\/li>\n\n\n\n<li>Mapas de Lei Seca com indica\u00e7\u00e3o dos dispositivos mais exigidos pelas bancas<\/li>\n\n\n\n<li>12 simulados com 100 quest\u00f5es comentadas<\/li>\n\n\n\n<li>10 simulados de informativos em quest\u00f5es, com mais de 800 informativos aplicados em formato \u201cCerto\u201d ou \u201cErrado\u201d<\/li>\n\n\n\n<li>50 teses relevantes para ambienta\u00e7\u00e3o em provas escritas<\/li>\n\n\n\n<li>Roteiro mensal de estudos para cumprimento completo do programa em 180 dias<\/li>\n<\/ul>\n\n\n\n<figure class=\"wp-block-image size-full\"><a href=\"https:\/\/t.magistrarcursos.com.br\/cerebro-juridico\/?utm_source=blog\" target=\"_blank\" rel=\" noreferrer noopener\"><img fetchpriority=\"high\" decoding=\"async\" width=\"800\" height=\"237\" src=\"https:\/\/magistrarcursos.com.br\/blog\/wp-content\/uploads\/2026\/04\/banner-vitalicia-cerebro.webp\" alt=\"\" class=\"wp-image-34598\" srcset=\"https:\/\/magistrarcursos.com.br\/blog\/wp-content\/uploads\/2026\/04\/banner-vitalicia-cerebro.webp 800w, https:\/\/magistrarcursos.com.br\/blog\/wp-content\/uploads\/2026\/04\/banner-vitalicia-cerebro-300x89.webp 300w, https:\/\/magistrarcursos.com.br\/blog\/wp-content\/uploads\/2026\/04\/banner-vitalicia-cerebro-768x228.webp 768w\" sizes=\"(max-width: 800px) 100vw, 800px\" \/><\/a><\/figure>\n","protected":false},"excerpt":{"rendered":"<p>FCC organiza concurso para Procurador do Munic\u00edpio, que oferece 6 vagas e sal\u00e1rio inicial de R$ 29.009,10<\/p>\n","protected":false},"author":17,"featured_media":34864,"comment_status":"closed","ping_status":"closed","sticky":false,"template":"","format":"standard","meta":{"footnotes":""},"categories":[100,108],"tags":[],"class_list":["post-34971","post","type-post","status-publish","format-standard","has-post-thumbnail","hentry","category-concursos","category-procuradorias"],"_links":{"self":[{"href":"https:\/\/magistrarcursos.com.br\/blog\/wp-json\/wp\/v2\/posts\/34971","targetHints":{"allow":["GET"]}}],"collection":[{"href":"https:\/\/magistrarcursos.com.br\/blog\/wp-json\/wp\/v2\/posts"}],"about":[{"href":"https:\/\/magistrarcursos.com.br\/blog\/wp-json\/wp\/v2\/types\/post"}],"author":[{"embeddable":true,"href":"https:\/\/magistrarcursos.com.br\/blog\/wp-json\/wp\/v2\/users\/17"}],"replies":[{"embeddable":true,"href":"https:\/\/magistrarcursos.com.br\/blog\/wp-json\/wp\/v2\/comments?post=34971"}],"version-history":[{"count":12,"href":"https:\/\/magistrarcursos.com.br\/blog\/wp-json\/wp\/v2\/posts\/34971\/revisions"}],"predecessor-version":[{"id":44943,"href":"https:\/\/magistrarcursos.com.br\/blog\/wp-json\/wp\/v2\/posts\/34971\/revisions\/44943"}],"wp:featuredmedia":[{"embeddable":true,"href":"https:\/\/magistrarcursos.com.br\/blog\/wp-json\/wp\/v2\/media\/34864"}],"wp:attachment":[{"href":"https:\/\/magistrarcursos.com.br\/blog\/wp-json\/wp\/v2\/media?parent=34971"}],"wp:term":[{"taxonomy":"category","embeddable":true,"href":"https:\/\/magistrarcursos.com.br\/blog\/wp-json\/wp\/v2\/categories?post=34971"},{"taxonomy":"post_tag","embeddable":true,"href":"https:\/\/magistrarcursos.com.br\/blog\/wp-json\/wp\/v2\/tags?post=34971"}],"curies":[{"name":"wp","href":"https:\/\/api.w.org\/{rel}","templated":true}]}}