{"id":35161,"date":"2026-04-22T09:01:36","date_gmt":"2026-04-22T12:01:36","guid":{"rendered":"https:\/\/magistrarcursos.com.br\/blog\/?p=35161"},"modified":"2026-04-22T09:01:36","modified_gmt":"2026-04-22T12:01:36","slug":"concurso-mp-al-convocacao-para-provas-publicada-veja-orientacoes","status":"publish","type":"post","link":"https:\/\/magistrarcursos.com.br\/blog\/concurso-mp-al-convocacao-para-provas-publicada-veja-orientacoes\/","title":{"rendered":"Concurso MP AL: convoca\u00e7\u00e3o para provas publicada; veja orienta\u00e7\u00f5es!"},"content":{"rendered":"\n<p>A Comiss\u00e3o do <strong><a href=\"https:\/\/magistrarcursos.com.br\/blog\/concursos-mp-al\/\" data-type=\"link\" data-id=\"https:\/\/magistrarcursos.com.br\/blog\/concursos-mp-al\/\">concurso MP AL<\/a><\/strong> divulgou, nesta quarta-feira (22\/4), o edital de convoca\u00e7\u00e3o para as provas objetivas. O documento foi publicado no Di\u00e1rio Oficial Eletr\u00f4nico do Minist\u00e9rio P\u00fablico do Estado de Alagoas e traz todas as instru\u00e7\u00f5es para os candidatos inscritos.<\/p>\n\n\n\n<p>As provas ser\u00e3o aplicadas no dia <strong>17 de maio de 2026 (domingo)<\/strong>, na cidade de <strong>Macei\u00f3\/AL<\/strong>, em dois turnos conforme o cargo pretendido.<\/p>\n\n\n\n<h2 class=\"wp-block-heading\">Datas e hor\u00e1rios das provas do concurso MP AL<\/h2>\n\n\n\n<figure class=\"wp-block-table\"><table class=\"has-fixed-layout\"><thead><tr><th>Turno<\/th><th>Cargo<\/th><th>Apresenta\u00e7\u00e3o<\/th><th>Fechamento dos port\u00f5es<\/th><th>Dura\u00e7\u00e3o<\/th><\/tr><\/thead><tbody><tr><td>Manh\u00e3<\/td><td>T\u00e9cnico do Minist\u00e9rio P\u00fablico<\/td><td>8h00<\/td><td>8h30<\/td><td>3 horas<\/td><\/tr><tr><td>Tarde<\/td><td>Analista do Minist\u00e9rio P\u00fablico<\/td><td>13h30<\/td><td>14h00<\/td><td>3 horas<\/td><\/tr><\/tbody><\/table><\/figure>\n\n\n\n<blockquote class=\"wp-block-quote is-layout-flow wp-block-quote-is-layout-flow\">\n<p>\u23f1\ufe0f Perman\u00eancia m\u00ednima em sala: 2 horas, conforme edital.<\/p>\n<\/blockquote>\n\n\n\n<h3 class=\"wp-block-heading\">Local de prova<\/h3>\n\n\n\n<p>Todas as provas ser\u00e3o realizadas no munic\u00edpio de Macei\u00f3\/AL. O local exato ser\u00e1 informado por meio do <strong>Cart\u00e3o Informativo<\/strong>, enviado por e-mail e tamb\u00e9m dispon\u00edvel no <strong><a href=\"https:\/\/www.concursosfcc.com.br\/concursos\/mpeal125\/index.html\" data-type=\"link\" data-id=\"https:\/\/www.concursosfcc.com.br\/concursos\/mpeal125\/index.html\" target=\"_blank\" rel=\"noopener\">site da Funda\u00e7\u00e3o Carlos Chagas<\/a><\/strong>.<\/p>\n\n\n\n<p><strong>Aten\u00e7\u00e3o:<\/strong> Caso voc\u00ea n\u00e3o receba o Cart\u00e3o Informativo at\u00e9 o 3\u00ba dia que antecede a prova (ou seja, at\u00e9 14\/05\/2026), ou tenha d\u00favidas sobre o local, data e hor\u00e1rio, entre em contato com o Servi\u00e7o de Atendimento ao Candidato (SAC) da FCC pelo telefone <strong>(0XX11) 3723-4388<\/strong>, de segunda a sexta, das 10h \u00e0s 16h (hor\u00e1rio de Bras\u00edlia).<\/p>\n\n\n\n<h2 class=\"wp-block-heading\">Documentos e identifica\u00e7\u00e3o<\/h2>\n\n\n\n<p>Ser\u00e1 admitido \u00e0 sala de provas apenas o candidato devidamente identificado, nos termos do item 8.8 do Cap\u00edtulo 8 do Edital n\u00ba 01\/2026. A recomenda\u00e7\u00e3o \u00e9 que os candidatos levem o <strong>Cart\u00e3o Informativo no dia da prova<\/strong>, pois ele cont\u00e9m dados essenciais para a orienta\u00e7\u00e3o.<\/p>\n\n\n\n<p>A banca organizadora informa ainda que, por medida de seguran\u00e7a, <strong>detectores de metais<\/strong> poder\u00e3o ser utilizados a qualquer momento nas salas e depend\u00eancias do local de prova, de forma aleat\u00f3ria.<\/p>\n\n\n\n<h2 class=\"wp-block-heading\">Panorama do concurso MP AL<\/h2>\n\n\n\n<p>O <strong>concurso MP AL<\/strong> para servidores foi lan\u00e7ado em janeiro de 2026, com inscri\u00e7\u00f5es encerradas em 19 de mar\u00e7o. A sele\u00e7\u00e3o oferta <strong>27 vagas imediatas<\/strong> e forma\u00e7\u00e3o de cadastro de reserva para os cargos de <strong>T\u00e9cnico<\/strong> (n\u00edvel m\u00e9dio) e <strong>Analista do Minist\u00e9rio P\u00fablico<\/strong> (n\u00edvel superior), com sal\u00e1rios iniciais que podem chegar a <strong>R$ 6.243,37<\/strong>, a depender da especialidade.<\/p>\n\n\n\n<p>A organiza\u00e7\u00e3o \u00e9 da <strong>Funda\u00e7\u00e3o Carlos Chagas (FCC)<\/strong>, refer\u00eancia em concursos p\u00fablicos em todo o pa\u00eds.<\/p>\n\n\n\n<p>As oportunidades s\u00e3o distribu\u00eddas da seguinte forma:<\/p>\n\n\n\n<h3 class=\"wp-block-heading\"><a href=\"https:\/\/magistrarcursos.com.br\/blog\/analista-mp\/\">Analista do Minist\u00e9rio P\u00fablico<\/a>&nbsp;\u2013 n\u00edvel superior<\/h3>\n\n\n\n<p><strong>Total: 23 vagas + cadastro de reserva<\/strong><\/p>\n\n\n\n<ul class=\"wp-block-list\">\n<li>Analista do MP \u2013\u00a0<strong>\u00c1rea Jur\u00eddica<\/strong>:\u00a0<strong>11 vagas + CR<\/strong><\/li>\n\n\n\n<li>Analista do MP \u2013 \u00c1rea de Gest\u00e3o P\u00fablica:\u00a0<strong>1 vaga + CR<\/strong><\/li>\n\n\n\n<li>Analista do MP \u2013 \u00c1rea de Comunica\u00e7\u00e3o Social:\u00a0<strong>1 vaga + CR<\/strong><\/li>\n\n\n\n<li>Analista do MP \u2013 \u00c1rea de Arquivologia:\u00a0<strong>1 vaga + CR<\/strong><\/li>\n\n\n\n<li>Analista do MP \u2013 \u00c1rea de Assist\u00eancia Social:\u00a0<strong>1 vaga + CR<\/strong><\/li>\n\n\n\n<li>Analista do MP \u2013 \u00c1rea de Engenharia Civil:\u00a0<strong>1 vaga + CR<\/strong><\/li>\n\n\n\n<li>Analista do MP \u2013 \u00c1rea de Engenharia El\u00e9trica:\u00a0<strong>1 vaga + CR<\/strong><\/li>\n\n\n\n<li>Analista do MP \u2013 \u00c1rea de Estat\u00edstica:\u00a0<strong>1 vaga + CR<\/strong><\/li>\n\n\n\n<li>Analista do MP \u2013 \u00c1rea de Pedagogia:\u00a0<strong>1 vaga + CR<\/strong><\/li>\n\n\n\n<li>Analista do MP \u2013 \u00c1rea de Psicologia:\u00a0<strong>1 vaga + CR<\/strong><\/li>\n\n\n\n<li>Analista do MP \u2013 Especialidade Administra\u00e7\u00e3o de Redes:\u00a0<strong>1 vaga + CR<\/strong><\/li>\n\n\n\n<li>Analista do MP \u2013 Especialidade Administra\u00e7\u00e3o de Banco de Dados:\u00a0<strong>1 vaga + CR<\/strong><\/li>\n\n\n\n<li>Analista do MP \u2013 Especialidade Desenvolvimento de Sistemas:\u00a0<strong>1 vaga + CR<\/strong><\/li>\n<\/ul>\n\n\n\n<h3 class=\"wp-block-heading\">T\u00e9cnico do Minist\u00e9rio P\u00fablico \u2013 n\u00edvel m\u00e9dio<\/h3>\n\n\n\n<p><strong>Total: 4 vagas + cadastro de reserva<\/strong><\/p>\n\n\n\n<ul class=\"wp-block-list\">\n<li>T\u00e9cnico do Minist\u00e9rio P\u00fablico:\u00a0<strong>1 vaga + CR<\/strong><\/li>\n\n\n\n<li>T\u00e9cnico do Minist\u00e9rio P\u00fablico \u2013 \u00c1rea de Tecnologia da Informa\u00e7\u00e3o:\u00a0<strong>3 vagas + CR<\/strong><\/li>\n<\/ul>\n\n\n\n<h2 class=\"wp-block-heading\">Orienta\u00e7\u00f5es finais<\/h2>\n\n\n\n<ul class=\"wp-block-list\">\n<li>Confira com anteced\u00eancia o local da prova no site da FCC.<\/li>\n\n\n\n<li>Planeje seu deslocamento para Macei\u00f3\/AL.<\/li>\n\n\n\n<li>Chegue com pelo menos 1 hora de anteced\u00eancia.<\/li>\n\n\n\n<li>Leve documento de identifica\u00e7\u00e3o original com foto.<\/li>\n\n\n\n<li>N\u00e3o se esque\u00e7a do Cart\u00e3o Informativo (recomendado).<\/li>\n\n\n\n<li>Respeite a perman\u00eancia m\u00ednima de 2 horas em sala.<\/li>\n<\/ul>\n\n\n\n<p>Confira o <strong><a href=\"https:\/\/magistrarcursos.com.br\/blog\/wp-content\/uploads\/2026\/04\/convocacao-provas-mp-al.pdf\" data-type=\"link\" data-id=\"https:\/\/magistrarcursos.com.br\/blog\/wp-content\/uploads\/2026\/04\/convocacao-provas-mp-al.pdf\">edital de convoca\u00e7\u00e3o para as provas<\/a><\/strong> na \u00edntegra!<\/p>\n\n\n\n<figure class=\"wp-block-image size-full\"><a href=\"https:\/\/t.magistrarcursos.com.br\/cerebro-juridico\/?utm_source=blog\" target=\"_blank\" rel=\" noreferrer noopener\"><img fetchpriority=\"high\" decoding=\"async\" width=\"800\" height=\"237\" src=\"https:\/\/magistrarcursos.com.br\/blog\/wp-content\/uploads\/2026\/04\/banner-vitalicia-cerebro.webp\" alt=\"\" class=\"wp-image-34598\" srcset=\"https:\/\/magistrarcursos.com.br\/blog\/wp-content\/uploads\/2026\/04\/banner-vitalicia-cerebro.webp 800w, https:\/\/magistrarcursos.com.br\/blog\/wp-content\/uploads\/2026\/04\/banner-vitalicia-cerebro-300x89.webp 300w, https:\/\/magistrarcursos.com.br\/blog\/wp-content\/uploads\/2026\/04\/banner-vitalicia-cerebro-768x228.webp 768w\" sizes=\"(max-width: 800px) 100vw, 800px\" \/><\/a><\/figure>\n\n\n\n<p><\/p>\n","protected":false},"excerpt":{"rendered":"<p>As provas para T\u00e9cnico e Analista ser\u00e3o aplicadas no dia 17 de maio, em Macei\u00f3\/AL; s\u00e3o 27 vagas imediatas e iniciais de at\u00e9 R$ 6,2 mil<\/p>\n","protected":false},"author":18,"featured_media":28831,"comment_status":"closed","ping_status":"closed","sticky":false,"template":"","format":"standard","meta":{"footnotes":""},"categories":[48,115],"tags":[],"class_list":["post-35161","post","type-post","status-publish","format-standard","has-post-thumbnail","hentry","category-noticias","category-ministerio-publico"],"_links":{"self":[{"href":"https:\/\/magistrarcursos.com.br\/blog\/wp-json\/wp\/v2\/posts\/35161","targetHints":{"allow":["GET"]}}],"collection":[{"href":"https:\/\/magistrarcursos.com.br\/blog\/wp-json\/wp\/v2\/posts"}],"about":[{"href":"https:\/\/magistrarcursos.com.br\/blog\/wp-json\/wp\/v2\/types\/post"}],"author":[{"embeddable":true,"href":"https:\/\/magistrarcursos.com.br\/blog\/wp-json\/wp\/v2\/users\/18"}],"replies":[{"embeddable":true,"href":"https:\/\/magistrarcursos.com.br\/blog\/wp-json\/wp\/v2\/comments?post=35161"}],"version-history":[{"count":1,"href":"https:\/\/magistrarcursos.com.br\/blog\/wp-json\/wp\/v2\/posts\/35161\/revisions"}],"predecessor-version":[{"id":35166,"href":"https:\/\/magistrarcursos.com.br\/blog\/wp-json\/wp\/v2\/posts\/35161\/revisions\/35166"}],"wp:featuredmedia":[{"embeddable":true,"href":"https:\/\/magistrarcursos.com.br\/blog\/wp-json\/wp\/v2\/media\/28831"}],"wp:attachment":[{"href":"https:\/\/magistrarcursos.com.br\/blog\/wp-json\/wp\/v2\/media?parent=35161"}],"wp:term":[{"taxonomy":"category","embeddable":true,"href":"https:\/\/magistrarcursos.com.br\/blog\/wp-json\/wp\/v2\/categories?post=35161"},{"taxonomy":"post_tag","embeddable":true,"href":"https:\/\/magistrarcursos.com.br\/blog\/wp-json\/wp\/v2\/tags?post=35161"}],"curies":[{"name":"wp","href":"https:\/\/api.w.org\/{rel}","templated":true}]}}