{"id":35176,"date":"2026-04-22T10:03:29","date_gmt":"2026-04-22T13:03:29","guid":{"rendered":"https:\/\/magistrarcursos.com.br\/blog\/?p=35176"},"modified":"2026-04-22T10:03:29","modified_gmt":"2026-04-22T13:03:29","slug":"cnu-2025-mgi-autoriza-nomeacao-de-3-mil-aprovados-no-maior-concurso-publico-do-pais","status":"publish","type":"post","link":"https:\/\/magistrarcursos.com.br\/blog\/cnu-2025-mgi-autoriza-nomeacao-de-3-mil-aprovados-no-maior-concurso-publico-do-pais\/","title":{"rendered":"CNU 2025: MGI autoriza nomea\u00e7\u00e3o de 3.147 aprovados no maior concurso p\u00fablico do pa\u00eds"},"content":{"rendered":"\n<p>O Minist\u00e9rio da Gest\u00e3o e da Inova\u00e7\u00e3o em Servi\u00e7os P\u00fablicos (MGI) publicou nesta quarta-feira (22\/4), no Di\u00e1rio Oficial da Uni\u00e3o, a <strong><a href=\"https:\/\/www.in.gov.br\/web\/dou\/-\/portaria-mgi-n-3.356-de-17-de-abril-de-2026-700572753\" data-type=\"link\" data-id=\"https:\/\/www.in.gov.br\/web\/dou\/-\/portaria-mgi-n-3.356-de-17-de-abril-de-2026-700572753\" target=\"_blank\" rel=\"noopener\">Portaria MGI n\u00ba 3.356\/2026<\/a><\/strong>, que autoriza a nomea\u00e7\u00e3o de <strong>3.147 candidatos aprovados<\/strong> na segunda edi\u00e7\u00e3o do Concurso P\u00fablico Nacional Unificado (CNU 2025).<\/p>\n\n\n\n<p>A medida marca o in\u00edcio da fase de convoca\u00e7\u00e3o dos primeiros colocados no certame que consolidou um novo modelo de acesso ao servi\u00e7o p\u00fablico federal, com alcance nacional e forte apelo \u00e0 diversidade e \u00e0 democratiza\u00e7\u00e3o das oportunidades.<\/p>\n\n\n\n<h2 class=\"wp-block-heading\">Distribui\u00e7\u00e3o das vagas por \u00f3rg\u00e3o<\/h2>\n\n\n\n<p>As autoriza\u00e7\u00f5es abrangem <strong>36 \u00f3rg\u00e3os e entidades<\/strong> da administra\u00e7\u00e3o p\u00fablica federal direta e indireta, contemplando os nove blocos tem\u00e1ticos do CNU 2025. O maior contingente fica com o pr\u00f3prio MGI, que ter\u00e1 <strong>1.250 nomea\u00e7\u00f5es<\/strong>, sendo:<\/p>\n\n\n\n<ul class=\"wp-block-list\">\n<li><strong>1.000 vagas<\/strong> para o cargo de <strong>Analista T\u00e9cnico-Administrativo (ATA)<\/strong>;<\/li>\n\n\n\n<li><strong>250 vagas<\/strong> para <strong>Analista T\u00e9cnico de Desenvolvimento Socioecon\u00f4mico<\/strong>.<\/li>\n<\/ul>\n\n\n\n<p>Em seguida, destacam-se:<\/p>\n\n\n\n<ul class=\"wp-block-list\">\n<li><strong>INSS<\/strong>: 300 vagas para <strong>Analista do Seguro Social<\/strong>;<\/li>\n\n\n\n<li><strong>Comandos Militares<\/strong>: 131 (Ex\u00e9rcito), 140 (Marinha) e 90 (Aeron\u00e1utica);<\/li>\n\n\n\n<li><strong>Hospital das For\u00e7as Armadas (HFA)<\/strong>: 127 vagas;<\/li>\n\n\n\n<li><strong>Institutos de sa\u00fade do Minist\u00e9rio da Sa\u00fade<\/strong>: INTO (94), INCA (78), INC (75), IEC (28) e CENP (25);<\/li>\n\n\n\n<li><strong>Ag\u00eancias reguladoras<\/strong>: ANM (80), ANAC (70), ANATEL (50), ANTT (50), ANTAQ (30), ANS (20), ANP (16), ANVISA (14) e ANCINE (10);<\/li>\n\n\n\n<li><strong>Outros \u00f3rg\u00e3os de destaque<\/strong>: IPHAN (60), FUNDACENTRO (65), MDA (64), ITI (50), MPA (32), MF (30), IBRAM (28), FUNARTE (28), Fundaj (20), ENAP (21), FBN (14), Imprensa Nacional (14), MCID (15), MIDR (10), MTUR (8) e Funda\u00e7\u00e3o Cultural Palmares (10).<\/li>\n<\/ul>\n\n\n\n<blockquote class=\"wp-block-quote is-layout-flow wp-block-quote-is-layout-flow\">\n<p><strong>Total geral: 3.147 vagas autorizadas.<\/strong><\/p>\n<\/blockquote>\n\n\n\n<h2 class=\"wp-block-heading\">Pr\u00f3ximos passos: cada \u00f3rg\u00e3o conduzir\u00e1 suas nomea\u00e7\u00f5es<\/h2>\n\n\n\n<p>Com a publica\u00e7\u00e3o da portaria, a responsabilidade pela convoca\u00e7\u00e3o, nomea\u00e7\u00e3o e posse passa a ser de cada \u00f3rg\u00e3o ou entidade listado no documento. Caber\u00e1 a cada um deles:<\/p>\n\n\n\n<ul class=\"wp-block-list\">\n<li>Verificar a exist\u00eancia de vagas na data da nomea\u00e7\u00e3o;<\/li>\n\n\n\n<li>Atestar a adequa\u00e7\u00e3o or\u00e7ament\u00e1ria e financeira das novas despesas;<\/li>\n\n\n\n<li>Publicar editais, portarias ou atos administrativos pr\u00f3prios, conforme o Decreto n\u00ba 9.739\/2019.<\/li>\n<\/ul>\n\n\n\n<p>O MGI realizar\u00e1 diretamente as nomea\u00e7\u00f5es apenas para os cargos de seu pr\u00f3prio quadro. Os demais \u00f3rg\u00e3os dever\u00e3o seguir seus cronogramas e necessidades administrativas.<\/p>\n\n\n\n<h2 class=\"wp-block-heading\">Carreiras transversais e recomposi\u00e7\u00e3o do Estado<\/h2>\n\n\n\n<p>Um ponto de destaque da portaria \u00e9 a previs\u00e3o de <strong>1.000 vagas para Analista T\u00e9cnico-Administrativo (ATA)<\/strong>. Embora vinculadas formalmente ao MGI, essas vagas fazem parte da carreira de <strong>Analista T\u00e9cnico do Poder Executivo (ATE)<\/strong>, criada pela Lei n\u00ba 15.367\/2026, que permite atua\u00e7\u00e3o transversal em diversos \u00f3rg\u00e3os da administra\u00e7\u00e3o p\u00fablica, conforme a necessidade do Estado.<\/p>\n\n\n\n<p>Essa estrat\u00e9gia visa:<\/p>\n\n\n\n<ul class=\"wp-block-list\">\n<li>Maior flexibilidade na aloca\u00e7\u00e3o de servidores;<\/li>\n\n\n\n<li>Racionaliza\u00e7\u00e3o do quadro de pessoal;<\/li>\n\n\n\n<li>Recomposi\u00e7\u00e3o da for\u00e7a de trabalho diante da expectativa de <strong>mais de 70 mil aposentadorias at\u00e9 2030<\/strong>.<\/li>\n<\/ul>\n\n\n\n<p><strong>Leia tamb\u00e9m: <a href=\"https:\/\/magistrarcursos.com.br\/blog\/mgi-preve-onda-de-aposentadorias-mais-de-70-mil-servidores-podem-deixar-o-governo-federal-ate-2030\/\" data-type=\"link\" data-id=\"https:\/\/magistrarcursos.com.br\/blog\/mgi-preve-onda-de-aposentadorias-mais-de-70-mil-servidores-podem-deixar-o-governo-federal-ate-2030\/\">MGI prev\u00ea onda de aposentadorias: mais de 70 mil servidores podem deixar o governo federal at\u00e9 2030<\/a><br><\/strong><\/p>\n\n\n\n<h2 class=\"wp-block-heading\">Perfil dos aprovados no CNU 2025<\/h2>\n\n\n\n<p>O CNU 2025 consolidou um novo patamar de inclus\u00e3o no servi\u00e7o p\u00fablico. Entre os aprovados:<\/p>\n\n\n\n<ul class=\"wp-block-list\">\n<li><strong>48,4% s\u00e3o mulheres<\/strong>;<\/li>\n\n\n\n<li><strong>40,5% s\u00e3o pessoas negras, ind\u00edgenas, quilombolas ou com defici\u00eancia<\/strong>;<\/li>\n\n\n\n<li><strong>578 cidades<\/strong> de todos os estados e do Distrito Federal est\u00e3o representadas, com crescimento expressivo de regi\u00f5es historicamente sub-representadas, como o Nordeste.<\/li>\n<\/ul>\n\n\n\n<p>Ao todo, o concurso registrou <strong>761.545 inscri\u00e7\u00f5es<\/strong>, com provas aplicadas em <strong>228 munic\u00edpios<\/strong> e participa\u00e7\u00e3o de candidatos de <strong>4.951 cidades<\/strong>.<\/p>\n\n\n\n<p>A autoriza\u00e7\u00e3o das 3.147 nomea\u00e7\u00f5es representa um marco na recomposi\u00e7\u00e3o e moderniza\u00e7\u00e3o do servi\u00e7o p\u00fablico federal. Mais do que n\u00fameros, trata-se da entrada de profissionais qualificados, diversos e preparados para fortalecer pol\u00edticas p\u00fablicas e ampliar a presen\u00e7a do Estado na vida da popula\u00e7\u00e3o.<\/p>\n\n\n\n<figure class=\"wp-block-image size-full\"><a href=\"https:\/\/t.magistrarcursos.com.br\/cerebro-juridico\/?utm_source=blog\" target=\"_blank\" rel=\" noreferrer noopener\"><img fetchpriority=\"high\" decoding=\"async\" width=\"800\" height=\"237\" src=\"https:\/\/magistrarcursos.com.br\/blog\/wp-content\/uploads\/2026\/04\/banner-vitalicia-cerebro.webp\" alt=\"\" class=\"wp-image-34598\" srcset=\"https:\/\/magistrarcursos.com.br\/blog\/wp-content\/uploads\/2026\/04\/banner-vitalicia-cerebro.webp 800w, https:\/\/magistrarcursos.com.br\/blog\/wp-content\/uploads\/2026\/04\/banner-vitalicia-cerebro-300x89.webp 300w, https:\/\/magistrarcursos.com.br\/blog\/wp-content\/uploads\/2026\/04\/banner-vitalicia-cerebro-768x228.webp 768w\" sizes=\"(max-width: 800px) 100vw, 800px\" \/><\/a><\/figure>\n","protected":false},"excerpt":{"rendered":"<p>Portaria publicada nesta quarta-feira (22) no DOU d\u00e1 in\u00edcio \u00e0 convoca\u00e7\u00e3o dos primeiros aprovados da segunda edi\u00e7\u00e3o do Concurso Nacional Unificado<\/p>\n","protected":false},"author":18,"featured_media":35178,"comment_status":"closed","ping_status":"closed","sticky":false,"template":"","format":"standard","meta":{"footnotes":""},"categories":[48],"tags":[],"class_list":["post-35176","post","type-post","status-publish","format-standard","has-post-thumbnail","hentry","category-noticias"],"_links":{"self":[{"href":"https:\/\/magistrarcursos.com.br\/blog\/wp-json\/wp\/v2\/posts\/35176","targetHints":{"allow":["GET"]}}],"collection":[{"href":"https:\/\/magistrarcursos.com.br\/blog\/wp-json\/wp\/v2\/posts"}],"about":[{"href":"https:\/\/magistrarcursos.com.br\/blog\/wp-json\/wp\/v2\/types\/post"}],"author":[{"embeddable":true,"href":"https:\/\/magistrarcursos.com.br\/blog\/wp-json\/wp\/v2\/users\/18"}],"replies":[{"embeddable":true,"href":"https:\/\/magistrarcursos.com.br\/blog\/wp-json\/wp\/v2\/comments?post=35176"}],"version-history":[{"count":1,"href":"https:\/\/magistrarcursos.com.br\/blog\/wp-json\/wp\/v2\/posts\/35176\/revisions"}],"predecessor-version":[{"id":35179,"href":"https:\/\/magistrarcursos.com.br\/blog\/wp-json\/wp\/v2\/posts\/35176\/revisions\/35179"}],"wp:featuredmedia":[{"embeddable":true,"href":"https:\/\/magistrarcursos.com.br\/blog\/wp-json\/wp\/v2\/media\/35178"}],"wp:attachment":[{"href":"https:\/\/magistrarcursos.com.br\/blog\/wp-json\/wp\/v2\/media?parent=35176"}],"wp:term":[{"taxonomy":"category","embeddable":true,"href":"https:\/\/magistrarcursos.com.br\/blog\/wp-json\/wp\/v2\/categories?post=35176"},{"taxonomy":"post_tag","embeddable":true,"href":"https:\/\/magistrarcursos.com.br\/blog\/wp-json\/wp\/v2\/tags?post=35176"}],"curies":[{"name":"wp","href":"https:\/\/api.w.org\/{rel}","templated":true}]}}