{"id":35186,"date":"2026-04-22T10:55:33","date_gmt":"2026-04-22T13:55:33","guid":{"rendered":"https:\/\/magistrarcursos.com.br\/blog\/?p=35186"},"modified":"2026-04-22T10:55:33","modified_gmt":"2026-04-22T13:55:33","slug":"deputado-ricardo-vale-propoe-proibir-nomeacao-de-condenados-por-violencia-contra-mulher-e-pessoas-vulneraveis-para-cargos-comissionados-no-df","status":"publish","type":"post","link":"https:\/\/magistrarcursos.com.br\/blog\/deputado-ricardo-vale-propoe-proibir-nomeacao-de-condenados-por-violencia-contra-mulher-e-pessoas-vulneraveis-para-cargos-comissionados-no-df\/","title":{"rendered":"Deputado Ricardo Vale prop\u00f5e proibir nomea\u00e7\u00e3o de condenados por viol\u00eancia contra mulher e pessoas vulner\u00e1veis para cargos comissionados no DF"},"content":{"rendered":"\n<p>A <strong>C\u00e2mara Legislativa do Distrito Federal<\/strong> publicou nesta quarta-feira (22) o <a href=\"https:\/\/magistrarcursos.com.br\/blog\/wp-content\/uploads\/2026\/04\/PL-22702026.pdf\">Projeto de Lei n\u00ba 2270\/2026<\/a>, de autoria do deputado <strong>Ricardo Vale (PT)<\/strong>, que pro\u00edbe a nomea\u00e7\u00e3o para cargos em comiss\u00e3o ou fun\u00e7\u00f5es de confian\u00e7a de pessoas condenadas por crimes dolosos contra crian\u00e7as, adolescentes, idosos ou pessoas com defici\u00eancia, bem como de homens condenados com fundamento na <strong>Lei Maria da Penha<\/strong> ou por <strong>crimes de agress\u00e3o contra mulher<\/strong> em raz\u00e3o de sua condi\u00e7\u00e3o feminina.<\/p>\n\n\n\n<p><strong><a href=\"https:\/\/www.cl.df.gov.br\/proposicao\/-\/documentos\/PL_2270_2026\" target=\"_blank\" rel=\"noopener\">Confira mais informa\u00e7\u00f5es sobre o PL 2270\/2026<\/a><\/strong><\/p>\n\n\n\n<p>A proposta abrange toda a <strong>administra\u00e7\u00e3o p\u00fablica direta e indireta de qualquer Poder do Distrito Federal<\/strong>. A proibi\u00e7\u00e3o tem in\u00edcio com o tr\u00e2nsito em julgado da senten\u00e7a ou condena\u00e7\u00e3o por \u00f3rg\u00e3o judicial colegiado e se estende at\u00e9 o cumprimento integral da pena.<\/p>\n\n\n\n<p>O projeto est\u00e1 na fase de apresenta\u00e7\u00e3o, foi protocolado, lido, numerado, publicado e encaminhado \u00e0s comiss\u00f5es para an\u00e1lise. Os pr\u00f3ximos passos s\u00e3o a discuss\u00e3o e emiss\u00e3o de pareceres pelas comiss\u00f5es, que podem sugerir emendas ao texto original, seguida da inclus\u00e3o na Ordem do Dia e vota\u00e7\u00e3o em plen\u00e1rio. Se aprovado, o projeto segue para elabora\u00e7\u00e3o da reda\u00e7\u00e3o final e, depois, para san\u00e7\u00e3o ou veto do governador do Distrito Federal.<\/p>\n\n\n\n<p>Quem j\u00e1 estiver no exerc\u00edcio de cargo comissionado nas condi\u00e7\u00f5es previstas <strong>dever\u00e1 ser exonerado imediatamente<\/strong>, sem preju\u00edzo de apura\u00e7\u00f5es administrativas. O projeto segue tend\u00eancia observada em outros estados e munic\u00edpios brasileiros. <strong>Goi\u00e1s<\/strong>, <strong>Acre<\/strong>, <strong>S\u00e3o Paulo<\/strong>, <strong>Natal<\/strong>, <strong>Bel\u00e9m<\/strong> e <strong>Rio de Janeiro<\/strong> j\u00e1 possuem legisla\u00e7\u00f5es semelhantes.<\/p>\n\n\n\n<p>A constitucionalidade de leis nesse sentido foi reconhecida pelo <strong>Supremo Tribunal Federal<\/strong> em 2021, no julgamento do <a href=\"https:\/\/portal.stf.jus.br\/noticias\/verNoticiaDetalhe.asp?idConteudo=464391&amp;ori=1\" target=\"_blank\" rel=\"noopener\"><strong>Recurso Extraordin\u00e1rio n\u00ba 1308883<\/strong><\/a>, relatado pelo ministro <strong>Edson Fachin<\/strong>, que assentou que normas com esse conte\u00fado d\u00e3o concretude aos princ\u00edpios da moralidade e impessoalidade previstos no <strong>artigo 37 da Constitui\u00e7\u00e3o Federal<\/strong>.<\/p>\n\n\n\n<p>Na justifica\u00e7\u00e3o do projeto, <strong>Ricardo Vale<\/strong> destaca que a iniciativa n\u00e3o trata de regime jur\u00eddico de servidores p\u00fablicos, mat\u00e9ria de iniciativa privativa do Executivo, mas de regra geral de moralidade administrativa, o que afasta questionamentos sobre v\u00edcio de iniciativa legislativa.<\/p>\n\n\n\n<p>O projeto foi assinado em <strong>9 de abril de 2026<\/strong> e publicado no Suplemento do DCL n\u00ba 74, de <strong>22 de abril de 2026<\/strong>.<\/p>\n","protected":false},"excerpt":{"rendered":"<p>PL 2270\/2026, do deputado Ricardo Vale (PT), foi publicado no Di\u00e1rio da C\u00e2mara Legislativa nesta quarta-feira (22); proposta abrange toda a administra\u00e7\u00e3o p\u00fablica direta e indireta do Distrito Federal<\/p>\n","protected":false},"author":17,"featured_media":35187,"comment_status":"closed","ping_status":"closed","sticky":false,"template":"","format":"standard","meta":{"footnotes":""},"categories":[48],"tags":[],"class_list":["post-35186","post","type-post","status-publish","format-standard","has-post-thumbnail","hentry","category-noticias"],"_links":{"self":[{"href":"https:\/\/magistrarcursos.com.br\/blog\/wp-json\/wp\/v2\/posts\/35186","targetHints":{"allow":["GET"]}}],"collection":[{"href":"https:\/\/magistrarcursos.com.br\/blog\/wp-json\/wp\/v2\/posts"}],"about":[{"href":"https:\/\/magistrarcursos.com.br\/blog\/wp-json\/wp\/v2\/types\/post"}],"author":[{"embeddable":true,"href":"https:\/\/magistrarcursos.com.br\/blog\/wp-json\/wp\/v2\/users\/17"}],"replies":[{"embeddable":true,"href":"https:\/\/magistrarcursos.com.br\/blog\/wp-json\/wp\/v2\/comments?post=35186"}],"version-history":[{"count":4,"href":"https:\/\/magistrarcursos.com.br\/blog\/wp-json\/wp\/v2\/posts\/35186\/revisions"}],"predecessor-version":[{"id":35191,"href":"https:\/\/magistrarcursos.com.br\/blog\/wp-json\/wp\/v2\/posts\/35186\/revisions\/35191"}],"wp:featuredmedia":[{"embeddable":true,"href":"https:\/\/magistrarcursos.com.br\/blog\/wp-json\/wp\/v2\/media\/35187"}],"wp:attachment":[{"href":"https:\/\/magistrarcursos.com.br\/blog\/wp-json\/wp\/v2\/media?parent=35186"}],"wp:term":[{"taxonomy":"category","embeddable":true,"href":"https:\/\/magistrarcursos.com.br\/blog\/wp-json\/wp\/v2\/categories?post=35186"},{"taxonomy":"post_tag","embeddable":true,"href":"https:\/\/magistrarcursos.com.br\/blog\/wp-json\/wp\/v2\/tags?post=35186"}],"curies":[{"name":"wp","href":"https:\/\/api.w.org\/{rel}","templated":true}]}}