{"id":35236,"date":"2026-04-23T08:29:52","date_gmt":"2026-04-23T11:29:52","guid":{"rendered":"https:\/\/magistrarcursos.com.br\/blog\/?p=35236"},"modified":"2026-04-23T08:29:52","modified_gmt":"2026-04-23T11:29:52","slug":"concurso-alece-edital-para-servidores-tera-600-vagas-ao-todo-segundo-presidente","status":"publish","type":"post","link":"https:\/\/magistrarcursos.com.br\/blog\/concurso-alece-edital-para-servidores-tera-600-vagas-ao-todo-segundo-presidente\/","title":{"rendered":"Concurso ALECE: edital para servidores ter\u00e1 600 vagas ao todo, segundo presidente"},"content":{"rendered":"\n<p>O <strong><a href=\"https:\/\/magistrarcursos.com.br\/blog\/concurso-alece\/\" data-type=\"link\" data-id=\"https:\/\/magistrarcursos.com.br\/blog\/concurso-alece\/\">concurso ALECE<\/a><\/strong> promete ser um dos mais expressivos do ano no servi\u00e7o p\u00fablico estadual. Na \u00faltima quarta-feira (22\/04), durante a posse de oito novos servidores da Assembleia Legislativa do Estado do Cear\u00e1, o presidente da Casa, Romeu Aldigueri (PSB), anunciou que o pr\u00f3ximo edital contemplar\u00e1 <strong>600 vagas ao todo<\/strong>, sendo 200 imediatas e 400 para forma\u00e7\u00e3o de cadastro de reserva.<\/p>\n\n\n\n<p>A declara\u00e7\u00e3o surpreendeu at\u00e9 mesmo os mais atentos ao andamento do certame. Em mar\u00e7o, a expectativa era de 200 vagas imediatas e um n\u00famero menor de oportunidades em CR. Agora, a amplia\u00e7\u00e3o consolida a sele\u00e7\u00e3o como a <strong>maior da hist\u00f3ria da Alece<\/strong>.<\/p>\n\n\n\n<blockquote class=\"wp-block-quote is-layout-flow wp-block-quote-is-layout-flow\">\n<p><em>\u201cHoje \u00e9 um dia de alegria. N\u00f3s chamamos todos os remanescentes do concurso vigente dentro das vagas. \u00c9 o quinto chamamento no ano que a gente faz, preparando a Casa para o novo certame, para o novo concurso p\u00fablico, que ser\u00e1 o maior da hist\u00f3ria da Alece, com 200 vagas diretas e 400 vagas de cadastro de reserva\u201d<\/em> afirmou Romeu Aldigueri, presidente da Alece.<\/p>\n<\/blockquote>\n\n\n\n<h2 class=\"wp-block-heading\">Edital previsto para maio: o que j\u00e1 se sabe<\/h2>\n\n\n\n<p>De acordo com o presidente, os tr\u00e2mites burocr\u00e1ticos est\u00e3o em andamento e a previs\u00e3o \u00e9 que o <strong>edital seja publicado em meados de maio de 2026<\/strong>. A comiss\u00e3o organizadora foi oficialmente institu\u00edda em novembro de 2025 e j\u00e1 realiza reuni\u00f5es t\u00e9cnicas para defini\u00e7\u00e3o dos crit\u00e9rios e da organizadora.<\/p>\n\n\n\n<p>A pr\u00f3xima etapa, ainda pendente, \u00e9 a <strong>contrata\u00e7\u00e3o da banca organizadora<\/strong>, passo que antecede diretamente a divulga\u00e7\u00e3o do documento oficial. Caso o cronograma seja mantido, os candidatos poder\u00e3o ter o regulamento completo nas pr\u00f3ximas semanas.<\/p>\n\n\n\n<p><strong>Leia tamb\u00e9m: <a href=\"https:\/\/magistrarcursos.com.br\/blog\/concurso-ale-rr\/\" data-type=\"link\" data-id=\"https:\/\/magistrarcursos.com.br\/blog\/concurso-ale-rr\/\">Concurso ALE RR Servidores: inscri\u00e7\u00f5es abertas; 220 vagas e iniciais de at\u00e9 R$ 19,4 mil!<\/a><\/strong><\/p>\n\n\n\n<h2 class=\"wp-block-heading\">Distribui\u00e7\u00e3o das vagas por cargo (Analista Legislativo)<\/h2>\n\n\n\n<p>Ainda segundo informa\u00e7\u00f5es, a distribui\u00e7\u00e3o preliminar das vagas para o cargo de <strong>Analista Legislativo<\/strong> j\u00e1 foi definida. Confira:<\/p>\n\n\n\n<figure class=\"wp-block-table\"><table class=\"has-fixed-layout\"><thead><tr><th>Especialidade<\/th><th>Vagas imediatas<\/th><th>Cadastro de reserva<\/th><\/tr><\/thead><tbody><tr><td>Arquitetura e Urbanismo<\/td><td>1<\/td><td>1<\/td><\/tr><tr><td>Arquivologia<\/td><td>2<\/td><td>2<\/td><\/tr><tr><td>Audiovisual<\/td><td>3<\/td><td>3<\/td><\/tr><tr><td>Biblioteconomia<\/td><td>2<\/td><td>2<\/td><\/tr><tr><td>Ci\u00eancia de Dados<\/td><td>10<\/td><td>10<\/td><\/tr><tr><td>Ci\u00eancias Atuariais<\/td><td>2<\/td><td>2<\/td><\/tr><tr><td>Ci\u00eancias Cont\u00e1beis<\/td><td>7<\/td><td>7<\/td><\/tr><tr><td>Ci\u00eancias Sociais<\/td><td>7<\/td><td>7<\/td><\/tr><tr><td>Controle Interno<\/td><td>9<\/td><td>9<\/td><\/tr><tr><td>Design Gr\u00e1fico<\/td><td>6<\/td><td>6<\/td><\/tr><tr><td>Desenvolvedor de Software<\/td><td>2<\/td><td>2<\/td><\/tr><tr><td>Direito<\/td><td>20<\/td><td>20<\/td><\/tr><tr><td>Engenharia Ambiental<\/td><td>1<\/td><td>1<\/td><\/tr><tr><td>Engenharia Civil<\/td><td>2<\/td><td>2<\/td><\/tr><tr><td>Engenharia Mec\u00e2nica<\/td><td>1<\/td><td>1<\/td><\/tr><tr><td>Estat\u00edstica<\/td><td>2<\/td><td>2<\/td><\/tr><tr><td>Gest\u00e3o P\u00fablica<\/td><td>44<\/td><td>44<\/td><\/tr><tr><td>Jornalismo<\/td><td>10<\/td><td>10<\/td><\/tr><tr><td>L\u00edngua Portuguesa<\/td><td>9<\/td><td>9<\/td><\/tr><tr><td>Muse\u00f3logo<\/td><td>1<\/td><td>1<\/td><\/tr><tr><td>Pedagogia<\/td><td>4<\/td><td>4<\/td><\/tr><tr><td>Pesquisador<\/td><td>2<\/td><td>2<\/td><\/tr><tr><td>Planejamento e Or\u00e7amento<\/td><td>6<\/td><td>6<\/td><\/tr><tr><td>Psicologia Organizacional<\/td><td>3<\/td><td>3<\/td><\/tr><tr><td>Publicidade e Propaganda<\/td><td>6<\/td><td>6<\/td><\/tr><tr><td>Servi\u00e7o Social<\/td><td>8<\/td><td>8<\/td><\/tr><\/tbody><\/table><\/figure>\n\n\n\n<p>As oportunidades contemplam exclusivamente cargos de n\u00edvel superior. Ainda n\u00e3o h\u00e1 confirma\u00e7\u00e3o oficial sobre vagas para n\u00edvel m\u00e9dio, mas novos detalhes devem constar no edital.<\/p>\n\n\n\n<h2 class=\"wp-block-heading\">Presidente destaca renova\u00e7\u00e3o e experi\u00eancia na Casa<\/h2>\n\n\n\n<p>Durante a posse dos novos servidores, remanescentes do concurso anterior, Aldigueri enfatizou a import\u00e2ncia da \u201coxigena\u00e7\u00e3o\u201d trazida pelos aprovados mais recentes, aliada \u00e0 experi\u00eancia dos servidores antigos.<\/p>\n\n\n\n<blockquote class=\"wp-block-quote is-layout-flow wp-block-quote-is-layout-flow\">\n<p><em>\u201cEssa troca de experi\u00eancia de quem est\u00e1 vindo, com muita vontade de fazer, muita vontade de aprender com quem est\u00e1 aqui tamb\u00e9m, esse \u2018mix\u2019 faz com que essa engrenagem rode cada vez melhor, sempre pensando no bem-estar da popula\u00e7\u00e3o cearense.\u201d<\/em><\/p>\n<\/blockquote>\n\n\n\n<p>A solenidade contou ainda com a presen\u00e7a do deputado Davi de Raimund\u00e3o (MDB) e de gestores da Diretoria-Geral, do Departamento de Gest\u00e3o de Pessoas (DGP), da Procuradoria-Geral, entre outras autoridades da Casa.<\/p>\n\n\n\n<h2 class=\"wp-block-heading\">\u00daltimo concurso ALECE: o que mudou?<\/h2>\n\n\n\n<p>O certame anterior, realizado em 2020, ofertou vagas para n\u00edveis m\u00e9dio e superior, com chamamentos progressivos ao longo dos anos. O quinto chamamento deste ano, que empossou os oito novos servidores na quarta-feira, esgotou os remanescentes daquele cadastro.<\/p>\n\n\n\n<p>Agora, com a promessa de um edital ainda maior e mais abrangente, a expectativa \u00e9 de <strong>forte concorr\u00eancia<\/strong>, mas tamb\u00e9m de <strong>mais oportunidades reais<\/strong> para ingresso no Legislativo cearense.<\/p>\n\n\n\n<p>Confira o&nbsp;<strong><a href=\"https:\/\/cdn.cebraspe.org.br\/concursos\/al_ce_20\/arquivos\/ED_1_ALCE_20_ABT.PDF\" target=\"_blank\" rel=\"noreferrer noopener\">edital ALECE Servidores 2020<\/a><\/strong>.<\/p>\n\n\n\n<figure class=\"wp-block-image size-full\"><a href=\"https:\/\/t.magistrarcursos.com.br\/cerebro-juridico\/?utm_source=blog\" target=\"_blank\" rel=\" noreferrer noopener\"><img fetchpriority=\"high\" decoding=\"async\" width=\"800\" height=\"237\" src=\"https:\/\/magistrarcursos.com.br\/blog\/wp-content\/uploads\/2026\/04\/banner-vitalicia-cerebro.webp\" alt=\"\" class=\"wp-image-34598\" srcset=\"https:\/\/magistrarcursos.com.br\/blog\/wp-content\/uploads\/2026\/04\/banner-vitalicia-cerebro.webp 800w, https:\/\/magistrarcursos.com.br\/blog\/wp-content\/uploads\/2026\/04\/banner-vitalicia-cerebro-300x89.webp 300w, https:\/\/magistrarcursos.com.br\/blog\/wp-content\/uploads\/2026\/04\/banner-vitalicia-cerebro-768x228.webp 768w\" sizes=\"(max-width: 800px) 100vw, 800px\" \/><\/a><\/figure>\n\n\n\n<p><\/p>\n","protected":false},"excerpt":{"rendered":"<p>Maior certame da hist\u00f3ria da Assembleia Legislativa do Cear\u00e1 deve ser publicado em maio de 2026, com 200 vagas imediatas e 400 para cadastro de reserva<\/p>\n","protected":false},"author":18,"featured_media":32400,"comment_status":"closed","ping_status":"closed","sticky":false,"template":"","format":"standard","meta":{"footnotes":""},"categories":[48],"tags":[],"class_list":["post-35236","post","type-post","status-publish","format-standard","has-post-thumbnail","hentry","category-noticias"],"_links":{"self":[{"href":"https:\/\/magistrarcursos.com.br\/blog\/wp-json\/wp\/v2\/posts\/35236","targetHints":{"allow":["GET"]}}],"collection":[{"href":"https:\/\/magistrarcursos.com.br\/blog\/wp-json\/wp\/v2\/posts"}],"about":[{"href":"https:\/\/magistrarcursos.com.br\/blog\/wp-json\/wp\/v2\/types\/post"}],"author":[{"embeddable":true,"href":"https:\/\/magistrarcursos.com.br\/blog\/wp-json\/wp\/v2\/users\/18"}],"replies":[{"embeddable":true,"href":"https:\/\/magistrarcursos.com.br\/blog\/wp-json\/wp\/v2\/comments?post=35236"}],"version-history":[{"count":1,"href":"https:\/\/magistrarcursos.com.br\/blog\/wp-json\/wp\/v2\/posts\/35236\/revisions"}],"predecessor-version":[{"id":35240,"href":"https:\/\/magistrarcursos.com.br\/blog\/wp-json\/wp\/v2\/posts\/35236\/revisions\/35240"}],"wp:featuredmedia":[{"embeddable":true,"href":"https:\/\/magistrarcursos.com.br\/blog\/wp-json\/wp\/v2\/media\/32400"}],"wp:attachment":[{"href":"https:\/\/magistrarcursos.com.br\/blog\/wp-json\/wp\/v2\/media?parent=35236"}],"wp:term":[{"taxonomy":"category","embeddable":true,"href":"https:\/\/magistrarcursos.com.br\/blog\/wp-json\/wp\/v2\/categories?post=35236"},{"taxonomy":"post_tag","embeddable":true,"href":"https:\/\/magistrarcursos.com.br\/blog\/wp-json\/wp\/v2\/tags?post=35236"}],"curies":[{"name":"wp","href":"https:\/\/api.w.org\/{rel}","templated":true}]}}