{"id":35412,"date":"2026-04-24T11:30:06","date_gmt":"2026-04-24T14:30:06","guid":{"rendered":"https:\/\/magistrarcursos.com.br\/blog\/?p=35412"},"modified":"2026-04-24T11:33:18","modified_gmt":"2026-04-24T14:33:18","slug":"concurso-senappen-governo-autoriza-nomeacao-de-90-aprovados-fora-das-vagas","status":"publish","type":"post","link":"https:\/\/magistrarcursos.com.br\/blog\/concurso-senappen-governo-autoriza-nomeacao-de-90-aprovados-fora-das-vagas\/","title":{"rendered":"Concurso Senappen: governo autoriza nomea\u00e7\u00e3o de 90 aprovados fora das vagas"},"content":{"rendered":"\n<p>O <strong>governo federal publicou<\/strong> nesta sexta-feira, 24 de abril de 2026, no Di\u00e1rio Oficial da Uni\u00e3o (DOU), <strong>o decreto que autoriza a nomea\u00e7\u00e3o de 90 candidatos aprovados no concurso Senappen<\/strong> (Secretaria Nacional de Pol\u00edticas Penais), vinculada ao Minist\u00e9rio da Justi\u00e7a e Seguran\u00e7a P\u00fablica.<\/p>\n\n\n\n<p>A medida beneficia os candidatos aprovados fora do n\u00famero de vagas previsto inicialmente no edital, ampliando as chances de ingresso no servi\u00e7o p\u00fablico federal.<\/p>\n\n\n\n<p>O documento foi assinado pelo presidente Luiz In\u00e1cio Lula da Silva no dia 23 de abril e j\u00e1 est\u00e1 em vigor.<\/p>\n\n\n\n<figure class=\"wp-block-image size-full\"><img fetchpriority=\"high\" decoding=\"async\" width=\"757\" height=\"902\" src=\"https:\/\/magistrarcursos.com.br\/blog\/wp-content\/uploads\/2026\/04\/image-4.png\" alt=\"\" class=\"wp-image-35417\" srcset=\"https:\/\/magistrarcursos.com.br\/blog\/wp-content\/uploads\/2026\/04\/image-4.png 757w, https:\/\/magistrarcursos.com.br\/blog\/wp-content\/uploads\/2026\/04\/image-4-252x300.png 252w\" sizes=\"(max-width: 757px) 100vw, 757px\" \/><\/figure>\n\n\n\n<figure class=\"wp-block-image size-full\"><a href=\"https:\/\/t.magistrarcursos.com.br\/lp\/prf-2026\/?utm_source=blog&amp;utm_medium=banner&amp;utm_campaign=prf\" target=\"_blank\" rel=\" noreferrer noopener\"><img decoding=\"async\" width=\"730\" height=\"200\" src=\"https:\/\/magistrarcursos.com.br\/blog\/wp-content\/uploads\/2026\/04\/aula-como-passar-prf.webp\" alt=\"\" class=\"wp-image-34391\" srcset=\"https:\/\/magistrarcursos.com.br\/blog\/wp-content\/uploads\/2026\/04\/aula-como-passar-prf.webp 730w, https:\/\/magistrarcursos.com.br\/blog\/wp-content\/uploads\/2026\/04\/aula-como-passar-prf-300x82.webp 300w\" sizes=\"(max-width: 730px) 100vw, 730px\" \/><\/a><\/figure>\n\n\n\n<h2 class=\"wp-block-heading\">Distribui\u00e7\u00e3o das vagas autorizadas<\/h2>\n\n\n\n<p>De acordo com o decreto, as nomea\u00e7\u00f5es ser\u00e3o divididas entre dois cargos:<\/p>\n\n\n\n<ul class=\"wp-block-list\">\n<li><strong>80 vagas<\/strong> para <strong>Policial Penal Federal<\/strong><\/li>\n\n\n\n<li><strong>10 vagas<\/strong> para <strong>Especialista Federal em Assist\u00eancia \u00e0 Execu\u00e7\u00e3o Penal<\/strong><\/li>\n<\/ul>\n\n\n\n<p>A convoca\u00e7\u00e3o de excedentes foi poss\u00edvel ap\u00f3s a prorroga\u00e7\u00e3o da validade do <strong>concurso Senappen<\/strong>, que segue vigente at\u00e9 <strong>26 de maio de 2026<\/strong>.<\/p>\n\n\n\n<p><strong>Veja tamb\u00e9m:<\/strong>&nbsp;<strong><a href=\"https:\/\/magistrarcursos.com.br\/blog\/concursos-policiais-previstos-para-abril-de-2026-veja-editais-confirmados-e-selecoes-em-preparacao\/\" target=\"_blank\" rel=\"noreferrer noopener\">Concursos policiais previstos para abril de 2026: veja editais confirmados e sele\u00e7\u00f5es em prepara\u00e7\u00e3o<\/a><\/strong><\/p>\n\n\n\n<h2 class=\"wp-block-heading\">Condi\u00e7\u00f5es para a nomea\u00e7\u00e3o<\/h2>\n\n\n\n<p>Apesar da autoriza\u00e7\u00e3o formal, o preenchimento dos cargos depender\u00e1 do cumprimento de requisitos legais e administrativos. Entre as condi\u00e7\u00f5es estabelecidas est\u00e3o:<\/p>\n\n\n\n<ul class=\"wp-block-list\">\n<li>Exist\u00eancia de vagas dispon\u00edveis no quadro de pessoal<\/li>\n\n\n\n<li>Adequa\u00e7\u00e3o or\u00e7ament\u00e1ria e financeira \u00e0 Lei Or\u00e7ament\u00e1ria Anual<\/li>\n\n\n\n<li>Compatibilidade com a Lei de Diretrizes Or\u00e7ament\u00e1rias<\/li>\n<\/ul>\n\n\n\n<p>Al\u00e9m disso, caber\u00e1 \u00e0 pr\u00f3pria Senappen verificar se os candidatos atendem a todos os requisitos exigidos para a nomea\u00e7\u00e3o e conduzir os atos administrativos necess\u00e1rios para a convoca\u00e7\u00e3o.<\/p>\n\n\n\n<p><strong>Veja tamb\u00e9m:<\/strong>&nbsp;<strong><a href=\"https:\/\/magistrarcursos.com.br\/blog\/concursos-policiais\/\" target=\"_blank\" rel=\"noreferrer noopener\">Concursos Policiais 2026: Pol\u00edcia Civil, Militar e Penal<\/a><\/strong><\/p>\n\n\n\n<h2 class=\"wp-block-heading\">Pr\u00f3ximos passos e expectativa<\/h2>\n\n\n\n<p>Com a publica\u00e7\u00e3o do decreto, a expectativa \u00e9 que as nomea\u00e7\u00f5es do concurso Senappen ocorram nos pr\u00f3ximos meses, respeitando os tr\u00e2mites internos e a disponibilidade or\u00e7ament\u00e1ria do governo federal.<\/p>\n\n\n\n<p>A nomea\u00e7\u00e3o de excedentes refor\u00e7a que candidatos fora das vagas imediatas ainda podem ser convocados ao longo da validade do concurso.<\/p>\n\n\n\n<p><strong>Veja tamb\u00e9m:&nbsp;<a href=\"https:\/\/magistrarcursos.com.br\/blog\/concursos-guarda-municipal-gcm\/\" target=\"_blank\" rel=\"noreferrer noopener\">Concursos para Guarda Civil Municipal (GCM) com inscri\u00e7\u00f5es abertas ou previstos para 2026<\/a><\/strong><\/p>\n\n\n\n<h2 class=\"wp-block-heading\">Impacto para os candidatos<\/h2>\n\n\n\n<p>A autoriza\u00e7\u00e3o refor\u00e7a a pr\u00e1tica recorrente de convoca\u00e7\u00e3o de excedentes em concursos federais, o que amplia as expectativas para candidatos aprovados fora das vagas imediatas no concurso Senappen. A recomenda\u00e7\u00e3o \u00e9 acompanhar as publica\u00e7\u00f5es oficiais, j\u00e1 que novas nomea\u00e7\u00f5es podem ocorrer dentro do prazo de validade do certame.<\/p>\n\n\n\n<p><\/p>\n","protected":false},"excerpt":{"rendered":"<p>Decreto publicado no Di\u00e1rio Oficial da Uni\u00e3o amplia convoca\u00e7\u00f5es para Policial Penal Federal e Especialista em Assist\u00eancia \u00e0 Execu\u00e7\u00e3o Penal<\/p>\n","protected":false},"author":16,"featured_media":35416,"comment_status":"closed","ping_status":"closed","sticky":false,"template":"","format":"standard","meta":{"footnotes":""},"categories":[48,107],"tags":[],"class_list":["post-35412","post","type-post","status-publish","format-standard","has-post-thumbnail","hentry","category-noticias","category-policias"],"_links":{"self":[{"href":"https:\/\/magistrarcursos.com.br\/blog\/wp-json\/wp\/v2\/posts\/35412","targetHints":{"allow":["GET"]}}],"collection":[{"href":"https:\/\/magistrarcursos.com.br\/blog\/wp-json\/wp\/v2\/posts"}],"about":[{"href":"https:\/\/magistrarcursos.com.br\/blog\/wp-json\/wp\/v2\/types\/post"}],"author":[{"embeddable":true,"href":"https:\/\/magistrarcursos.com.br\/blog\/wp-json\/wp\/v2\/users\/16"}],"replies":[{"embeddable":true,"href":"https:\/\/magistrarcursos.com.br\/blog\/wp-json\/wp\/v2\/comments?post=35412"}],"version-history":[{"count":8,"href":"https:\/\/magistrarcursos.com.br\/blog\/wp-json\/wp\/v2\/posts\/35412\/revisions"}],"predecessor-version":[{"id":35424,"href":"https:\/\/magistrarcursos.com.br\/blog\/wp-json\/wp\/v2\/posts\/35412\/revisions\/35424"}],"wp:featuredmedia":[{"embeddable":true,"href":"https:\/\/magistrarcursos.com.br\/blog\/wp-json\/wp\/v2\/media\/35416"}],"wp:attachment":[{"href":"https:\/\/magistrarcursos.com.br\/blog\/wp-json\/wp\/v2\/media?parent=35412"}],"wp:term":[{"taxonomy":"category","embeddable":true,"href":"https:\/\/magistrarcursos.com.br\/blog\/wp-json\/wp\/v2\/categories?post=35412"},{"taxonomy":"post_tag","embeddable":true,"href":"https:\/\/magistrarcursos.com.br\/blog\/wp-json\/wp\/v2\/tags?post=35412"}],"curies":[{"name":"wp","href":"https:\/\/api.w.org\/{rel}","templated":true}]}}