{"id":35432,"date":"2026-04-24T12:09:13","date_gmt":"2026-04-24T15:09:13","guid":{"rendered":"https:\/\/magistrarcursos.com.br\/blog\/?p=35432"},"modified":"2026-04-24T12:09:13","modified_gmt":"2026-04-24T15:09:13","slug":"concursos-fiscais-quatro-editais-podem-sair-ainda-em-abril-de-2026","status":"publish","type":"post","link":"https:\/\/magistrarcursos.com.br\/blog\/concursos-fiscais-quatro-editais-podem-sair-ainda-em-abril-de-2026\/","title":{"rendered":"Concursos fiscais: quatro editais podem sair ainda em abril de 2026"},"content":{"rendered":"\n<p>Abril de 2026 ainda n\u00e3o acabou e tem tudo para ser um m\u00eas hist\u00f3rico para concurseiros da \u00e1rea fiscal. Dois editais de secretarias estaduais de fazenda est\u00e3o com publica\u00e7\u00e3o prevista para os pr\u00f3ximos dias, enquanto dois concursos municipais de ISS aguardam apenas a formaliza\u00e7\u00e3o do contrato com a banca para dar largada oficial.<\/p>\n\n\n\n<p>Ao todo, os quatro certames somam mais de <strong>400 vagas<\/strong> entre oportunidades imediatas e cadastro de reserva, com remunera\u00e7\u00f5es que variam de <strong>R$ 3.900<\/strong> a mais de <strong>R$ 28 mil<\/strong> brutos mensais. Confira a situa\u00e7\u00e3o de cada um.<\/p>\n\n\n\n<h2 class=\"wp-block-heading\">Concurso SEFAZ DF<\/h2>\n\n\n\n<p>A <strong>Secretaria de Estado de Economia do Distrito Federal<\/strong> est\u00e1 na reta final para publica\u00e7\u00e3o do edital. Informa\u00e7\u00f5es n\u00e3o oficiais apontam que o processo retornou da <strong>Procuradoria-Geral do Distrito Federal (PGDF)<\/strong>, que havia sido acionada para sanar pend\u00eancias jur\u00eddicas que travavam o andamento do certame.<\/p>\n\n\n\n<p>Com o aval recebido, a equipe t\u00e9cnica trabalha nos ajustes finais da minuta. Estimativas internas previam a publica\u00e7\u00e3o em cerca de 45 dias ap\u00f3s meados de mar\u00e7o, o que aponta para o fim de abril como data-alvo.<\/p>\n\n\n\n<ul class=\"wp-block-list\">\n<li><strong>\u00d3rg\u00e3o:<\/strong> Secretaria de Estado de Economia do Distrito Federal<\/li>\n\n\n\n<li><strong>Banca:<\/strong> Cebraspe (contrato j\u00e1 assinado desde outubro de 2025)<\/li>\n\n\n\n<li><strong>Vagas:<\/strong> 115 imediatas + 150 cadastro de reserva<\/li>\n\n\n\n<li><strong>Cargo:<\/strong> Auditor Fiscal da Receita<\/li>\n\n\n\n<li><strong>Sal\u00e1rio:<\/strong> R$ 23.597,07 (podendo chegar a R$ 37 mil brutos com gratifica\u00e7\u00f5es)<\/li>\n\n\n\n<li><strong>Escolaridade:<\/strong> N\u00edvel superior<\/li>\n\n\n\n<li><strong>Etapas previstas:<\/strong> Prova objetiva, prova discursiva e sindic\u00e2ncia da vida pregressa<\/li>\n\n\n\n<li><strong>Status:<\/strong> Ajustes finais da minuta em andamento<\/li>\n<\/ul>\n\n\n\n<p><a href=\"https:\/\/magistrarcursos.com.br\/blog\/concurso-sefaz-df\/\" target=\"_blank\" rel=\"noreferrer noopener\"><strong>Confira mais informa\u00e7\u00f5es sobre o Concurso SEFAZ DF<\/strong><\/a><\/p>\n\n\n\n<h2 class=\"wp-block-heading\">Concurso SEFAZ CE<\/h2>\n\n\n\n<p>O secret\u00e1rio da <strong>Fazenda do Cear\u00e1<\/strong>, <strong>Fabr\u00edzio Gomes<\/strong>, confirmou publicamente que o edital est\u00e1 previsto para abril de 2026. Em <strong>6 de abril<\/strong>, foi publicada no Di\u00e1rio Oficial do Estado a portaria que constitui a comiss\u00e3o coordenadora do certame, presidida por <strong>Thiago de Morais de Lima<\/strong>, o que representa o \u00faltimo passo antes da publica\u00e7\u00e3o oficial. O contrato com a <strong>FCC<\/strong> foi assinado em fevereiro, com vig\u00eancia de 24 meses e estimativa de 14 mil inscritos. A carreira foi reestruturada em setembro de 2025, unificando os antigos cargos de <strong>Auditor Fiscal<\/strong>, <strong>Auditor Jur\u00eddico<\/strong>, <strong>Auditor Cont\u00e1bil-Financeiro<\/strong> e <strong>Auditor de TI<\/strong> em uma \u00fanica carreira de <strong>Auditor-Fiscal<\/strong>.<\/p>\n\n\n\n<ul class=\"wp-block-list\">\n<li><strong>\u00d3rg\u00e3o:<\/strong> Secretaria da Fazenda do Estado do Cear\u00e1<\/li>\n\n\n\n<li><strong>Banca:<\/strong> Funda\u00e7\u00e3o Carlos Chagas (FCC)<\/li>\n\n\n\n<li><strong>Vagas:<\/strong> 100 imediatas + 200 cadastro de reserva<\/li>\n\n\n\n<li><strong>Cargo:<\/strong> Auditor-Fiscal da Fazenda Estadual<\/li>\n\n\n\n<li><strong>Sal\u00e1rio:<\/strong> vencimento b\u00e1sico de R$ 13.779,05, podendo chegar a R$ 28 mil l\u00edquidos com gratifica\u00e7\u00f5es<\/li>\n\n\n\n<li><strong>Escolaridade:<\/strong> N\u00edvel superior<\/li>\n\n\n\n<li><strong>Etapas previstas:<\/strong> Prova objetiva (160 quest\u00f5es em dois dias), prova discursiva e avalia\u00e7\u00e3o de t\u00edtulos<\/li>\n\n\n\n<li><strong>Status:<\/strong> Comiss\u00e3o coordenadora formada; edital com publica\u00e7\u00e3o prevista para abril<\/li>\n<\/ul>\n\n\n\n<p><a href=\"https:\/\/magistrarcursos.com.br\/blog\/concurso-sefaz-ce\/\" target=\"_blank\" rel=\"noreferrer noopener\"><strong>Confira mais informa\u00e7\u00f5es sobre o Concurso SEFAZ CE<\/strong><\/a><\/p>\n\n\n\n<h2 class=\"wp-block-heading\">Concurso ISS Porto Velho<\/h2>\n\n\n\n<p>O <strong>Cebraspe<\/strong> foi contratado pela <strong>Secretaria Municipal de Economia de Porto Velho (SEMEC)<\/strong> em <strong>18 de mar\u00e7o de 2026<\/strong>. Conforme o contrato, deve ser respeitado um prazo m\u00ednimo de <strong>18 dias \u00fateis<\/strong> entre a assinatura e a publica\u00e7\u00e3o do edital, o que coloca abril como janela mais prov\u00e1vel para a divulga\u00e7\u00e3o. O prefeito <strong>L\u00e9o Moraes<\/strong> j\u00e1 havia anunciado o concurso como parte do maior pacote de sele\u00e7\u00f5es da hist\u00f3ria do munic\u00edpio.<\/p>\n\n\n\n<ul class=\"wp-block-list\">\n<li><strong>\u00d3rg\u00e3o:<\/strong> Secretaria Municipal de Economia de Porto Velho (SEMEC)<\/li>\n\n\n\n<li><strong>Banca:<\/strong> Cebraspe<\/li>\n\n\n\n<li><strong>Vagas:<\/strong> 15 imediatas + 15 cadastro de reserva<\/li>\n\n\n\n<li><strong>Cargos:<\/strong> Auditor Fiscal da Receita Municipal (10 vagas imediatas) e Assistente de Arrecada\u00e7\u00e3o (5 vagas imediatas)<\/li>\n\n\n\n<li><strong>Sal\u00e1rio:<\/strong> at\u00e9 R$ 18.431,04 brutos para Auditor Fiscal (vencimento + produtividade m\u00e1xima + aux\u00edlio alimenta\u00e7\u00e3o)<\/li>\n\n\n\n<li><strong>Escolaridade:<\/strong> N\u00edvel superior<\/li>\n\n\n\n<li><strong>Etapas previstas:<\/strong> Prova objetiva (120 quest\u00f5es), prova discursiva e avalia\u00e7\u00e3o de t\u00edtulos<\/li>\n\n\n\n<li><strong>Status:<\/strong> Contrato assinado em mar\u00e7o; edital iminente<\/li>\n<\/ul>\n\n\n\n<p><a href=\"https:\/\/magistrarcursos.com.br\/blog\/concurso-iss-porto-velho\/\" target=\"_blank\" rel=\"noreferrer noopener\"><strong>Confira mais informa\u00e7\u00f5es sobre o Concurso ISS Porto Velho<\/strong><\/a><\/p>\n\n\n\n<h2 class=\"wp-block-heading\">Concurso ISS Manaus<\/h2>\n\n\n\n<p>A Funda\u00e7\u00e3o Carlos Chagas (FCC) foi escolhida como banca organizadora do concurso da Secretaria Municipal de Finan\u00e7as e Tecnologia da Informa\u00e7\u00e3o de Manaus em <strong>13 de abril de 2026<\/strong>, encerrando um longo processo que incluiu a forma\u00e7\u00e3o e reformula\u00e7\u00e3o de comiss\u00f5es e at\u00e9 a anula\u00e7\u00e3o de um contrato anterior. Com a banca definida, o pr\u00f3ximo passo \u00e9 a publica\u00e7\u00e3o do extrato de contrato e, na sequ\u00eancia, o edital de abertura. A secretaria tem <strong>83 cargos vagos<\/strong>, com o maior d\u00e9ficit no cargo de Auditor Fiscal.<\/p>\n\n\n\n<ul class=\"wp-block-list\">\n<li><strong>\u00d3rg\u00e3o:<\/strong> Secretaria Municipal de Finan\u00e7as e Tecnologia da Informa\u00e7\u00e3o de Manaus (SEMEF)<\/li>\n\n\n\n<li><strong>Banca:<\/strong> Funda\u00e7\u00e3o Carlos Chagas (FCC)<\/li>\n\n\n\n<li><strong>Vagas:<\/strong> 10 imediatas + 60 cadastro de reserva<\/li>\n\n\n\n<li><strong>Cargo:<\/strong> Auditor Fiscal de Tributos Municipais<\/li>\n\n\n\n<li><strong>Sal\u00e1rio:<\/strong> R$ 24.817,05 (vencimento inicial + gratifica\u00e7\u00e3o de produtividade)<\/li>\n\n\n\n<li><strong>Escolaridade:<\/strong> N\u00edvel superior em qualquer \u00e1rea<\/li>\n\n\n\n<li><strong>Etapas previstas:<\/strong> Prova objetiva, prova discursiva e pesquisa de vida pregressa (sem prova de t\u00edtulos)<\/li>\n\n\n\n<li><strong>Status:<\/strong> Banca definida em abril; publica\u00e7\u00e3o do extrato de contrato e edital como pr\u00f3ximos passos<\/li>\n<\/ul>\n\n\n\n<p><a href=\"https:\/\/magistrarcursos.com.br\/blog\/concurso-iss-manaus\/\" target=\"_blank\" rel=\"noreferrer noopener\"><strong>Confira mais informa\u00e7\u00f5es sobre o Concurso ISS Manaus<\/strong><\/a><\/p>\n\n\n\n<p><\/p>\n","protected":false},"excerpt":{"rendered":"<p>SEFAZ DF e SEFAZ CE est\u00e3o com publica\u00e7\u00e3o iminente; ISS Porto Velho e ISS Manaus tamb\u00e9m avan\u00e7am e podem divulgar editais nas pr\u00f3ximas semanas<\/p>\n","protected":false},"author":17,"featured_media":35434,"comment_status":"closed","ping_status":"closed","sticky":false,"template":"","format":"standard","meta":{"footnotes":""},"categories":[48,117],"tags":[],"class_list":["post-35432","post","type-post","status-publish","format-standard","has-post-thumbnail","hentry","category-noticias","category-fiscal"],"_links":{"self":[{"href":"https:\/\/magistrarcursos.com.br\/blog\/wp-json\/wp\/v2\/posts\/35432","targetHints":{"allow":["GET"]}}],"collection":[{"href":"https:\/\/magistrarcursos.com.br\/blog\/wp-json\/wp\/v2\/posts"}],"about":[{"href":"https:\/\/magistrarcursos.com.br\/blog\/wp-json\/wp\/v2\/types\/post"}],"author":[{"embeddable":true,"href":"https:\/\/magistrarcursos.com.br\/blog\/wp-json\/wp\/v2\/users\/17"}],"replies":[{"embeddable":true,"href":"https:\/\/magistrarcursos.com.br\/blog\/wp-json\/wp\/v2\/comments?post=35432"}],"version-history":[{"count":1,"href":"https:\/\/magistrarcursos.com.br\/blog\/wp-json\/wp\/v2\/posts\/35432\/revisions"}],"predecessor-version":[{"id":35435,"href":"https:\/\/magistrarcursos.com.br\/blog\/wp-json\/wp\/v2\/posts\/35432\/revisions\/35435"}],"wp:featuredmedia":[{"embeddable":true,"href":"https:\/\/magistrarcursos.com.br\/blog\/wp-json\/wp\/v2\/media\/35434"}],"wp:attachment":[{"href":"https:\/\/magistrarcursos.com.br\/blog\/wp-json\/wp\/v2\/media?parent=35432"}],"wp:term":[{"taxonomy":"category","embeddable":true,"href":"https:\/\/magistrarcursos.com.br\/blog\/wp-json\/wp\/v2\/categories?post=35432"},{"taxonomy":"post_tag","embeddable":true,"href":"https:\/\/magistrarcursos.com.br\/blog\/wp-json\/wp\/v2\/tags?post=35432"}],"curies":[{"name":"wp","href":"https:\/\/api.w.org\/{rel}","templated":true}]}}