{"id":35433,"date":"2026-04-24T12:26:42","date_gmt":"2026-04-24T15:26:42","guid":{"rendered":"https:\/\/magistrarcursos.com.br\/blog\/?p=35433"},"modified":"2026-04-24T12:26:42","modified_gmt":"2026-04-24T15:26:42","slug":"concurso-nav-brasil-edital-publicado-com-128-vagas-de-niveis-medio-e-superior","status":"publish","type":"post","link":"https:\/\/magistrarcursos.com.br\/blog\/concurso-nav-brasil-edital-publicado-com-128-vagas-de-niveis-medio-e-superior\/","title":{"rendered":"Concurso NAV Brasil: edital publicado com 128 vagas de n\u00edveis m\u00e9dio e superior; at\u00e9 R$ 10,8 mil!"},"content":{"rendered":"\n<p>A <strong>NAV Brasil Servi\u00e7os de Navega\u00e7\u00e3o A\u00e9rea S.A.<\/strong> oficializou a abertura de seu novo edital para o provimento de cargos efetivos. O <strong>concurso NAV Brasil<\/strong> \u00e9 uma excelente oportunidade para quem busca estabilidade no regime celetista, oferecendo um total de <strong>128 vagas imediatas<\/strong>, al\u00e9m da forma\u00e7\u00e3o de cadastro reserva para n\u00edveis m\u00e9dio, m\u00e9dio-t\u00e9cnico e superior.<\/p>\n\n\n\n<p>As oportunidades est\u00e3o distribu\u00eddas em diversas localidades do pa\u00eds, com destaque para o Rio de Janeiro, e os contratos de trabalho seguir\u00e3o as normas da CLT.<\/p>\n\n\n\n<p>Confira o <strong><a href=\"https:\/\/conhecimento.fgv.br\/sites\/default\/files\/concursos\/edital-01-2026-nav-brasil_0.pdf\" data-type=\"link\" data-id=\"https:\/\/conhecimento.fgv.br\/sites\/default\/files\/concursos\/edital-01-2026-nav-brasil_0.pdf\" target=\"_blank\" rel=\"noopener\">edital do concurso NAV Brasil<\/a><\/strong>!<\/p>\n\n\n\n<h2 class=\"wp-block-heading\">Cronograma do concurso NAV Brasil<\/h2>\n\n\n\n<p>Os candidatos interessados devem ficar atentos \u00e0s principais datas do certame:<\/p>\n\n\n\n<ul class=\"wp-block-list\">\n<li><strong>Inscri\u00e7\u00f5es:<\/strong> das 16h de 27 de abril at\u00e9 \u00e0s 18h de 28 de maio de 2026.<\/li>\n\n\n\n<li><strong>Solicita\u00e7\u00e3o de isen\u00e7\u00e3o da taxa:<\/strong> de 27 de abril a 28 de maio de 2026.<\/li>\n\n\n\n<li><strong>\u00daltimo dia para pagamento da taxa:<\/strong> 29 de maio de 2026.<\/li>\n\n\n\n<li><strong>Aplica\u00e7\u00e3o da Prova Objetiva:<\/strong> <strong>02 de agosto de 2026<\/strong>.<\/li>\n<\/ul>\n\n\n\n<p><strong><em>Participe do Movimento Lei Seca no WhatsApp: leitura guiada dos artigos mais cobrados em concursos p\u00fablicos!<\/em><\/strong><\/p>\n\n\n\n<div class=\"wp-block-group has-text-color has-background has-link-color has-medium-font-size wp-elements-340385ecf68bc664acdf2d27b13054cd is-layout-constrained wp-block-group-is-layout-constrained\" style=\"color:#9b8344;background-color:#255c49\">\n<p class=\"has-text-align-center\"><strong><a href=\"https:\/\/t.magistrarcursos.com.br\/lp\/grupo-lei-seca-enam\/?utm_source=blog\">QUERO PARTICIPAR DO MOVIMENTO LEI SECA!<\/a><\/strong><\/p>\n<\/div>\n\n\n\n<h2 class=\"wp-block-heading\">Cargos e vagas do concurso NAV Brasil<\/h2>\n\n\n\n<p>O concurso da NAV Brasil oferece um total de <strong>128 vagas imediatas<\/strong> e <strong>730 vagas para cadastro de reserva (CR)<\/strong>, distribu\u00eddas entre cargos de n\u00edveis m\u00e9dio, m\u00e9dio-t\u00e9cnico e superior.<\/p>\n\n\n\n<p>Abaixo est\u00e3o listados os cargos e a respectiva distribui\u00e7\u00e3o de vagas:<\/p>\n\n\n\n<h3 class=\"wp-block-heading\"><strong>N\u00edvel M\u00e9dio<\/strong><\/h3>\n\n\n\n<ul class=\"wp-block-list\">\n<li><strong>Profissional T\u00e9cnico de Navega\u00e7\u00e3o A\u00e9rea \u2013 Operador de Torre de Controle:<\/strong> 32 vagas imediatas e 300 CR.<\/li>\n<\/ul>\n\n\n\n<h3 class=\"wp-block-heading\"><strong>N\u00edvel M\u00e9dio-T\u00e9cnico (T\u00e9cnico em Infraestrutura e Manuten\u00e7\u00e3o)<\/strong><\/h3>\n\n\n\n<ul class=\"wp-block-list\">\n<li><strong>Eletrot\u00e9cnica:<\/strong> 1 vaga imediata e 10 CR.<\/li>\n\n\n\n<li><strong>Eletr\u00f4nica:<\/strong> 1 vaga imediata e 10 CR.<\/li>\n\n\n\n<li><strong>Mec\u00e2nica:<\/strong> 1 vaga imediata e 10 CR.<\/li>\n\n\n\n<li><strong>Edifica\u00e7\u00f5es:<\/strong> 1 vaga imediata e 10 CR.<\/li>\n<\/ul>\n\n\n\n<h3 class=\"wp-block-heading\"><strong>N\u00edvel Superior<\/strong><\/h3>\n\n\n\n<ul class=\"wp-block-list\">\n<li><strong>Analista de Gest\u00e3o:<\/strong> 22 vagas imediatas e 150 CR.<\/li>\n\n\n\n<li><strong>Meteorologista:<\/strong> 6 vagas imediatas e 30 CR.<\/li>\n\n\n\n<li><strong>Analista de Tecnologia:<\/strong> 4 vagas imediatas e 50 CR.<\/li>\n\n\n\n<li><strong>Advogado:<\/strong> 3 vagas imediatas e 20 CR.<\/li>\n\n\n\n<li><strong>Engenheiro Civil:<\/strong> 2 vagas imediatas e 20 CR.<\/li>\n\n\n\n<li><strong>Assistente Social:<\/strong> 1 vaga imediata e 10 CR.<\/li>\n\n\n\n<li><strong>Analista de Comunica\u00e7\u00e3o Social e MKT:<\/strong> 1 vaga imediata e 10 CR.<\/li>\n\n\n\n<li><strong>Contador:<\/strong> 1 vaga imediata e 30 CR.<\/li>\n\n\n\n<li><strong>Pedagogo:<\/strong> 1 vaga imediata e 10 CR.<\/li>\n\n\n\n<li><strong>Psic\u00f3logo:<\/strong> 1 vaga imediata e 10 CR.<\/li>\n\n\n\n<li><strong>Engenheiro de Telecomunica\u00e7\u00f5es:<\/strong> 1 vaga imediata e 10 CR.<\/li>\n\n\n\n<li><strong>Engenheiro de Software:<\/strong> 1 vaga imediata e 10 CR.<\/li>\n\n\n\n<li><strong>Engenheiro Mec\u00e2nico:<\/strong> 1 vaga imediata e 10 CR.<\/li>\n\n\n\n<li><strong>Engenheiro Eletr\u00f4nico:<\/strong> 1 vaga imediata e 10 CR.<\/li>\n\n\n\n<li><strong>Engenheiro Eletricista:<\/strong> 1 vaga imediata e 10 CR.<\/li>\n<\/ul>\n\n\n\n<p>Do total de vagas providas durante a validade do concurso, <strong>5% s\u00e3o reservadas para pessoas com defici\u00eancia (PCD)<\/strong>. Al\u00e9m disso, <strong>30% das vagas s\u00e3o reservadas para pessoas pretas, pardas, ind\u00edgenas e quilombolas (PPIQ)<\/strong>, sendo 25% para negros (pretos e pardos), 3% para ind\u00edgenas e 2% para quilombolas.<\/p>\n\n\n\n<h2 class=\"wp-block-heading\">Requisitos<\/h2>\n\n\n\n<p>Para concorrer, os candidatos devem cumprir requisitos b\u00e1sicos e espec\u00edficos de cada fun\u00e7\u00e3o:<\/p>\n\n\n\n<ul class=\"wp-block-list\">\n<li><strong>Gerais:<\/strong> Ter nacionalidade brasileira ou portuguesa, idade m\u00ednima de 18 anos, estar em dia com obriga\u00e7\u00f5es militares (sexo masculino) e eleitorais.<\/li>\n\n\n\n<li><strong>N\u00edvel Superior:<\/strong> Diploma de gradua\u00e7\u00e3o na \u00e1rea espec\u00edfica e <strong>registro ativo no respectivo Conselho de Classe<\/strong> (como OAB, CREA, CRC, CRP, etc.).<\/li>\n\n\n\n<li><strong>N\u00edvel T\u00e9cnico:<\/strong> Certificado de conclus\u00e3o de curso t\u00e9cnico na \u00e1rea e registro no Conselho de T\u00e9cnicos Industriais.<\/li>\n\n\n\n<li><strong>N\u00edvel M\u00e9dio (PTNA):<\/strong> Ensino m\u00e9dio completo e, para o exerc\u00edcio da fun\u00e7\u00e3o, ser\u00e1 exigido o <strong>Certificado M\u00e9dico Aeron\u00e1utico (CMA)<\/strong> v\u00e1lido e sem restri\u00e7\u00f5es.<\/li>\n<\/ul>\n\n\n\n<h2 class=\"wp-block-heading\">Sal\u00e1rios, carga hor\u00e1ria e benef\u00edcios<\/h2>\n\n\n\n<p>As remunera\u00e7\u00f5es oferecidas no <strong>concurso NAV Brasil<\/strong> s\u00e3o atrativas, chegando a cinco d\u00edgitos para cargos de engenharia:<\/p>\n\n\n\n<ul class=\"wp-block-list\">\n<li><strong>Sal\u00e1rios:<\/strong> Variam de <strong>R$ 4.632,10<\/strong> (T\u00e9cnicos e Assistente Social) a <strong>R$ 10.868,68<\/strong> (Engenheiros). O cargo de Meteorologista e Analista de Tecnologia possui inicial de R$ 6.972,61.<\/li>\n\n\n\n<li><strong>Carga Hor\u00e1ria:<\/strong> Geralmente de <strong>40 horas semanais<\/strong>, com exce\u00e7\u00e3o de Assistente Social (30h) e regimes de escala de 36h para PTNA e Meteorologista.<\/li>\n\n\n\n<li><strong>Benef\u00edcios:<\/strong> A NAV Brasil oferece vale-refei\u00e7\u00e3o\/alimenta\u00e7\u00e3o, cesta alimenta\u00e7\u00e3o, vale-transporte ou aux\u00edlio-combust\u00edvel, aux\u00edlio-creche, assist\u00eancia \u00e0 sa\u00fade e seguro de vida em grupo.<\/li>\n<\/ul>\n\n\n\n<h2 class=\"wp-block-heading\">Inscri\u00e7\u00f5es do concurso NAV Brasil<\/h2>\n\n\n\n<p>As inscri\u00e7\u00f5es ser\u00e3o realizadas exclusivamente via internet, no per\u00edodo entre as 16h de 27 de abril at\u00e9 \u00e0s 18h de 28 de maio de 2026, pelo <strong><a href=\"https:\/\/conhecimento.fgv.br\/concursos\/navbrasil26\" data-type=\"link\" data-id=\"https:\/\/conhecimento.fgv.br\/concursos\/navbrasil26\" target=\"_blank\" rel=\"noopener\">site da banca FGV<\/a><\/strong>.<\/p>\n\n\n\n<p>Os valores das taxas de inscri\u00e7\u00e3o s\u00e3o:<\/p>\n\n\n\n<ul class=\"wp-block-list\">\n<li><strong>N\u00edvel M\u00e9dio e T\u00e9cnico:<\/strong> R$ 83,64.<\/li>\n\n\n\n<li><strong>N\u00edvel Superior:<\/strong> R$ 93,64.<\/li>\n<\/ul>\n\n\n\n<p>A isen\u00e7\u00e3o da taxa pode ser solicitada por candidatos inscritos no <strong>Cad\u00danico<\/strong> ou que sejam <strong>doadores de medula \u00f3ssea<\/strong>. No ato da inscri\u00e7\u00e3o, \u00e9 obrigat\u00f3rio o envio (upload) de uma foto 3X4 recente.<\/p>\n\n\n\n<h2 class=\"wp-block-heading\">Etapas e provas do concurso NAV Brasil<\/h2>\n\n\n\n<p>O concurso NAV Brasil \u00e9 estruturado em duas fases principais, com etapas que variam de acordo com o n\u00edvel de escolaridade e o cargo pretendido.<\/p>\n\n\n\n<p>As provas objetivas ocorrer\u00e3o em dois turnos no dia 02 de agosto: pela manh\u00e3 para n\u00edvel m\u00e9dio (08h \u00e0s 11h30) e \u00e0 tarde para n\u00edveis t\u00e9cnico e superior (14h \u00e0s 18h), sempre no hor\u00e1rio de Bras\u00edlia. <\/p>\n\n\n\n<p>As avalia\u00e7\u00f5es ser\u00e3o aplicadas em capitais e cidades polo de diversos estados, como S\u00e3o Paulo, Rio de Janeiro, Belo Horizonte, Goi\u00e2nia e outros.<\/p>\n\n\n\n<h3 class=\"wp-block-heading\">1\u00aa Fase <\/h3>\n\n\n\n<p>Esta fase \u00e9 comum a todos os candidatos e compreende as seguintes etapas:<\/p>\n\n\n\n<ul class=\"wp-block-list\">\n<li><strong>Prova Objetiva:<\/strong> De car\u00e1ter eliminat\u00f3rio e classificat\u00f3rio para todos os cargos.<\/li>\n\n\n\n<li><strong>Procedimentos de Verifica\u00e7\u00e3o (Cotas):<\/strong> Compreende o Procedimento Complementar \u00e0 Autodeclara\u00e7\u00e3o para candidatos negros (pretos e pardos), ind\u00edgenas e quilombolas, al\u00e9m da Avalia\u00e7\u00e3o Biopsicossocial para candidatos com defici\u00eancia.<\/li>\n<\/ul>\n\n\n\n<h4 class=\"wp-block-heading\">Detalhes da Prova Objetiva<\/h4>\n\n\n\n<p>As provas ser\u00e3o aplicadas no dia <strong>02 de agosto de 2026<\/strong> em diversas capitais e cidades polo.<\/p>\n\n\n\n<ul class=\"wp-block-list\">\n<li><strong>Turno da Manh\u00e3 (08h \u00e0s 11h30):<\/strong> N\u00edvel M\u00e9dio.<\/li>\n\n\n\n<li><strong>Turno da Tarde (14h \u00e0s 18h):<\/strong> N\u00edvel M\u00e9dio-T\u00e9cnico e Superior.<\/li>\n<\/ul>\n\n\n\n<p>A estrutura das quest\u00f5es varia por n\u00edvel:<\/p>\n\n\n\n<figure class=\"wp-block-table\"><table class=\"has-fixed-layout\"><tbody><tr><th>N\u00edvel de Escolaridade<\/th><th>Total de Quest\u00f5es<\/th><th>Composi\u00e7\u00e3o da Prova<\/th><th>Crit\u00e9rio de Aprova\u00e7\u00e3o<\/th><\/tr><tr><td><strong>M\u00e9dio (PTNA)<\/strong><\/td><td>60<\/td><td>Port (10), Legisla\u00e7\u00e3o\/\u00c9tica (10), RLM (15), Inform\u00e1tica (5), Ingl\u00eas (20).<\/td><td>M\u00ednimo de 50% de acertos totais e n\u00e3o zerar nenhuma disciplina.<\/td><\/tr><tr><td><strong>M\u00e9dio-T\u00e9cnico<\/strong><\/td><td>70<\/td><td>40 Conhecimentos B\u00e1sicos + 30 Conhecimentos Espec\u00edficos.<\/td><td>M\u00ednimo de 50% em B\u00e1sicos, 50% em Espec\u00edficos e n\u00e3o zerar disciplinas.<\/td><\/tr><tr><td><strong>Superior<\/strong><\/td><td>70<\/td><td>40 Conhecimentos B\u00e1sicos (Port, Ingl\u00eas, RLM, Inf, Leg) + 30 Conhecimentos Espec\u00edficos.<\/td><td>M\u00ednimo de 50% em B\u00e1sicos, 50% em Espec\u00edficos e n\u00e3o zerar disciplinas.<\/td><\/tr><\/tbody><\/table><\/figure>\n\n\n\n<h3 class=\"wp-block-heading\"><strong>2\u00aa Fase <\/strong><\/h3>\n\n\n\n<p>Esta fase \u00e9 destinada especificamente aos cargos operacionais e t\u00e9cnicos de navega\u00e7\u00e3o a\u00e9rea:<\/p>\n\n\n\n<ol class=\"wp-block-list\">\n<li><strong>Avalia\u00e7\u00e3o Psicol\u00f3gica (Apenas para PTNA):<\/strong> De car\u00e1ter eliminat\u00f3rio, visa aferir o perfil adequado para o controle de tr\u00e1fego a\u00e9reo, avaliando compet\u00eancias como aten\u00e7\u00e3o concentrada, controle emocional e tomada de decis\u00e3o. Ser\u00e1 realizada presencialmente no <strong>Rio de Janeiro\/RJ<\/strong>.<\/li>\n\n\n\n<li><strong>Curso de Forma\u00e7\u00e3o (PTNA e Meteorologista):<\/strong> De car\u00e1ter eliminat\u00f3rio e classificat\u00f3rio, com dura\u00e7\u00e3o de 120 a 180 dias. Durante este per\u00edodo, o aluno recebe uma <strong>bolsa-aux\u00edlio de R$ 4.755,22<\/strong>. Atualmente, o curso \u00e9 realizado em <strong>S\u00e3o Jos\u00e9 dos Campos\/SP<\/strong>.<\/li>\n\n\n\n<li><strong>Est\u00e1gio Operacional (PTNA e Meteorologista):<\/strong> Etapa complementar ao curso de forma\u00e7\u00e3o, de car\u00e1ter eliminat\u00f3rio, realizada na localidade de futura lota\u00e7\u00e3o do candidato para treinamento pr\u00e1tico. Tamb\u00e9m garante o recebimento da bolsa-aux\u00edlio.<\/li>\n<\/ol>\n\n\n\n<figure class=\"wp-block-image size-full\"><a href=\"https:\/\/vitalicia.magistrarcursos.com.br\/?utm_source=blog&amp;utm_medium=banner&amp;utm_campaign=vitalicia\" target=\"_blank\" rel=\" noreferrer noopener\"><img fetchpriority=\"high\" decoding=\"async\" width=\"800\" height=\"250\" src=\"https:\/\/magistrarcursos.com.br\/blog\/wp-content\/uploads\/2025\/11\/banner-vitalicia-novo.webp\" alt=\"\" class=\"wp-image-28790\" srcset=\"https:\/\/magistrarcursos.com.br\/blog\/wp-content\/uploads\/2025\/11\/banner-vitalicia-novo.webp 800w, https:\/\/magistrarcursos.com.br\/blog\/wp-content\/uploads\/2025\/11\/banner-vitalicia-novo-300x94.webp 300w, https:\/\/magistrarcursos.com.br\/blog\/wp-content\/uploads\/2025\/11\/banner-vitalicia-novo-768x240.webp 768w\" sizes=\"(max-width: 800px) 100vw, 800px\" \/><\/a><\/figure>\n\n\n\n<p><\/p>\n","protected":false},"excerpt":{"rendered":"<p>Organizado pela FGV, o certame ter\u00e1 sua prova objetiva aplicada no dia 2 de agosto, em diversos estados<\/p>\n","protected":false},"author":18,"featured_media":35436,"comment_status":"closed","ping_status":"closed","sticky":false,"template":"","format":"standard","meta":{"footnotes":""},"categories":[48],"tags":[],"class_list":["post-35433","post","type-post","status-publish","format-standard","has-post-thumbnail","hentry","category-noticias"],"_links":{"self":[{"href":"https:\/\/magistrarcursos.com.br\/blog\/wp-json\/wp\/v2\/posts\/35433","targetHints":{"allow":["GET"]}}],"collection":[{"href":"https:\/\/magistrarcursos.com.br\/blog\/wp-json\/wp\/v2\/posts"}],"about":[{"href":"https:\/\/magistrarcursos.com.br\/blog\/wp-json\/wp\/v2\/types\/post"}],"author":[{"embeddable":true,"href":"https:\/\/magistrarcursos.com.br\/blog\/wp-json\/wp\/v2\/users\/18"}],"replies":[{"embeddable":true,"href":"https:\/\/magistrarcursos.com.br\/blog\/wp-json\/wp\/v2\/comments?post=35433"}],"version-history":[{"count":1,"href":"https:\/\/magistrarcursos.com.br\/blog\/wp-json\/wp\/v2\/posts\/35433\/revisions"}],"predecessor-version":[{"id":35437,"href":"https:\/\/magistrarcursos.com.br\/blog\/wp-json\/wp\/v2\/posts\/35433\/revisions\/35437"}],"wp:featuredmedia":[{"embeddable":true,"href":"https:\/\/magistrarcursos.com.br\/blog\/wp-json\/wp\/v2\/media\/35436"}],"wp:attachment":[{"href":"https:\/\/magistrarcursos.com.br\/blog\/wp-json\/wp\/v2\/media?parent=35433"}],"wp:term":[{"taxonomy":"category","embeddable":true,"href":"https:\/\/magistrarcursos.com.br\/blog\/wp-json\/wp\/v2\/categories?post=35433"},{"taxonomy":"post_tag","embeddable":true,"href":"https:\/\/magistrarcursos.com.br\/blog\/wp-json\/wp\/v2\/tags?post=35433"}],"curies":[{"name":"wp","href":"https:\/\/api.w.org\/{rel}","templated":true}]}}