{"id":35482,"date":"2026-04-27T08:22:25","date_gmt":"2026-04-27T11:22:25","guid":{"rendered":"https:\/\/magistrarcursos.com.br\/blog\/?p=35482"},"modified":"2026-04-27T08:22:25","modified_gmt":"2026-04-27T11:22:25","slug":"concurso-dpdf-tem-comissao-formada-para-edital-de-analista-banca-ja-definida","status":"publish","type":"post","link":"https:\/\/magistrarcursos.com.br\/blog\/concurso-dpdf-tem-comissao-formada-para-edital-de-analista-banca-ja-definida\/","title":{"rendered":"Concurso DPDF tem comiss\u00e3o formada para edital de Analista; banca j\u00e1 definida!"},"content":{"rendered":"\n<p>A Defensoria P\u00fablica do Distrito Federal (DPDF) deu mais um passo importante rumo \u00e0 realiza\u00e7\u00e3o do t\u00e3o aguardado <strong><a href=\"https:\/\/magistrarcursos.com.br\/blog\/concurso-dpdf\/\" data-type=\"link\" data-id=\"https:\/\/magistrarcursos.com.br\/blog\/concurso-dpdf\/\">concurso DPDF<\/a><\/strong> para Analista de Apoio \u00e0 Assist\u00eancia Judici\u00e1ria. Nesta segunda-feira (27\/4), foi publicada no Di\u00e1rio Oficial do Distrito Federal a Portaria n\u00ba 156\/2026, que institui a Comiss\u00e3o Organizadora respons\u00e1vel por coordenar todas as etapas do certame.<\/p>\n\n\n\n<p>A portaria, assinada pelo Defensor P\u00fablico-Geral, Reinaldo Rossano Alves, designa quatro servidores para compor a comiss\u00e3o organizadora: Guilherme Gomes Vieira, Filipe Bastos Nogueira (que assumir\u00e1 a presid\u00eancia), Gabriela Tom\u00e9 e Elano Davidson de Castro Vaz. Em caso de aus\u00eancia ou impedimento do presidente, Guilherme Gomes Vieira assume a lideran\u00e7a dos trabalhos.<\/p>\n\n\n\n<p>A comiss\u00e3o tem como miss\u00e3o organizar, coordenar e controlar todas as atividades relacionadas ao <strong>concurso DPDF<\/strong>, que ser\u00e1 regido pelo Contrato n\u00ba 03\/2026 (Processo n\u00ba 00401-00007511\/2025-13).<\/p>\n\n\n\n<figure class=\"wp-block-image aligncenter size-full is-resized\"><img fetchpriority=\"high\" decoding=\"async\" width=\"443\" height=\"368\" src=\"https:\/\/magistrarcursos.com.br\/blog\/wp-content\/uploads\/2026\/04\/Screenshot-3.png\" alt=\"\" class=\"wp-image-35483\" style=\"width:385px;height:auto\" srcset=\"https:\/\/magistrarcursos.com.br\/blog\/wp-content\/uploads\/2026\/04\/Screenshot-3.png 443w, https:\/\/magistrarcursos.com.br\/blog\/wp-content\/uploads\/2026\/04\/Screenshot-3-300x249.png 300w\" sizes=\"(max-width: 443px) 100vw, 443px\" \/><\/figure>\n\n\n\n<p><strong><em>Participe do Movimento Lei Seca no WhatsApp: leitura guiada dos artigos mais cobrados em concursos para Analista!<\/em><\/strong><\/p>\n\n\n\n<div class=\"wp-block-group has-text-color has-background has-link-color has-medium-font-size wp-elements-7006fdf254710183c1af84f57bda8b76 is-layout-constrained wp-block-group-is-layout-constrained\" style=\"color:#977d36;background-color:#22674e\">\n<p class=\"has-text-align-center\"><strong><a href=\"https:\/\/t.magistrarcursos.com.br\/lp\/grupo-lei-seca-enam\/?utm_source=blog\">QUERO PARTICIPAR DO MOVIMENTO LEI SECA!<\/a><\/strong><\/p>\n<\/div>\n\n\n\n<h2 class=\"wp-block-heading\">Concurso DPDF: Instituto Access definido como banca<\/h2>\n\n\n\n<p>E as boas not\u00edcias n\u00e3o param por a\u00ed! A banca organizadora j\u00e1 est\u00e1 confirmada. Em 4 de mar\u00e7o de 2026, foi publicado no DODF o <strong><a href=\"https:\/\/magistrarcursos.com.br\/blog\/concurso-dpdf-banca-contratada-para-edital-de-analista\/\" data-type=\"link\" data-id=\"https:\/\/magistrarcursos.com.br\/blog\/concurso-dpdf-banca-contratada-para-edital-de-analista\/\">extrato de contrato<\/a><\/strong> que define o <strong>Instituto Access<\/strong> como a institui\u00e7\u00e3o respons\u00e1vel pela execu\u00e7\u00e3o do certame. O contrato tem vig\u00eancia at\u00e9 mar\u00e7o de 2028, e em 16 de mar\u00e7o a Defensoria j\u00e1 havia formado uma comiss\u00e3o espec\u00edfica para acompanhar os trabalhos da banca.<\/p>\n\n\n\n<p>O Access \u00e9 conhecido no mundo dos concursos por sua experi\u00eancia na realiza\u00e7\u00e3o de sele\u00e7\u00f5es para \u00f3rg\u00e3os p\u00fablicos e promete imprimir agilidade e transpar\u00eancia ao processo.<\/p>\n\n\n\n<h2 class=\"wp-block-heading\">Edital previsto para o primeiro semestre de 2026<\/h2>\n\n\n\n<p>Em entrevista ao programa institucional \u201cFala A\u00ed, DPDF!\u201d, no dia 23 de mar\u00e7o, o Defensor P\u00fablico-Geral, Celestino Chupel, adiantou que o edital do <strong>concurso DPDF<\/strong> deve ser <strong><a href=\"https:\/\/magistrarcursos.com.br\/blog\/concurso-dpdf-edital-previsto-para-o-primeiro-semestre-e-mais-de-250-novos-cargos-em-estudo\/\" data-type=\"link\" data-id=\"https:\/\/magistrarcursos.com.br\/blog\/concurso-dpdf-edital-previsto-para-o-primeiro-semestre-e-mais-de-250-novos-cargos-em-estudo\/\">publicado at\u00e9 o meio de 2026<\/a><\/strong>. A declara\u00e7\u00e3o anima os candidatos, que j\u00e1 podem come\u00e7ar a organizar seus estudos.<\/p>\n\n\n\n<p>Outro ponto destacado por Chupel foi a <strong>possibilidade de cria\u00e7\u00e3o de mais de 250 novos cargos<\/strong> antes do lan\u00e7amento do edital, o que pode turbinar significativamente o n\u00famero de vagas.<\/p>\n\n\n\n<h2 class=\"wp-block-heading\">Concurso DPDF: vagas e especialidades<\/h2>\n\n\n\n<p>O <strong>concurso DPDF<\/strong> para Analista de Apoio \u00e0 Assist\u00eancia Judici\u00e1ria foi autorizado em abril de 2024 e, neste primeiro momento, ofertar\u00e1 <strong>7 vagas imediatas<\/strong>, al\u00e9m da forma\u00e7\u00e3o de <strong>cadastro de reserva<\/strong>. As oportunidades ser\u00e3o distribu\u00eddas nas seguintes \u00e1reas de atua\u00e7\u00e3o:<\/p>\n\n\n\n<ul class=\"wp-block-list\">\n<li>Direito e Legisla\u00e7\u00e3o<\/li>\n\n\n\n<li>Contabilidade<\/li>\n\n\n\n<li>Inform\u00e1tica \u2013 Banco de Dados<\/li>\n\n\n\n<li>Inform\u00e1tica \u2013 Desenvolvimento de Sistemas<\/li>\n\n\n\n<li>Inform\u00e1tica \u2013 Redes<\/li>\n<\/ul>\n\n\n\n<p>A distribui\u00e7\u00e3o por especialidade ainda n\u00e3o foi detalhada, mas a tend\u00eancia \u00e9 que a comiss\u00e3o organizadora e o Instituto Access definam esse quantitativo no edital.<\/p>\n\n\n\n<h3 class=\"wp-block-heading\">Projeto de lei prev\u00ea amplia\u00e7\u00e3o de vagas<\/h3>\n\n\n\n<p>O cen\u00e1rio ficou ainda mais promissor com a aprova\u00e7\u00e3o do <strong><a href=\"https:\/\/www.cl.df.gov.br\/proposicao\/-\/documentos\/PL_1588_2025\" data-type=\"link\" data-id=\"https:\/\/www.cl.df.gov.br\/proposicao\/-\/documentos\/PL_1588_2025\" target=\"_blank\" rel=\"noopener\">Projeto de Lei n\u00ba 1.588\/2025<\/a><\/strong>, que autoriza a cria\u00e7\u00e3o de <strong>250 novos cargos efetivos<\/strong> para o mesmo cargo de Analista de Apoio \u00e0 Assist\u00eancia Judici\u00e1ria. Embora esses cargos ainda dependam de tramita\u00e7\u00e3o or\u00e7ament\u00e1ria e legislativa, a medida sinaliza um <strong>amplo cadastro de reserva<\/strong> e refor\u00e7a a necessidade de reposi\u00e7\u00e3o e fortalecimento da for\u00e7a de trabalho na Defensoria.<\/p>\n\n\n\n<p>Com a comiss\u00e3o organizadora em funcionamento e a banca j\u00e1 definida, os pr\u00f3ximos passos incluem a elabora\u00e7\u00e3o do edital, defini\u00e7\u00e3o do cronograma e das disciplinas. Os candidatos devem ficar atentos \u00e0s publica\u00e7\u00f5es oficiais e acompanhar o site da DPDF e do Instituto Access.<\/p>\n\n\n\n<h2 class=\"wp-block-heading\">Prepare-se para o Concurso DPDF com o Magistrar!<\/h2>\n\n\n\n<p>Voc\u00ea n\u00e3o precisa de mais um curso. Voc\u00ea precisa de um sistema! O\u00a0<strong>C\u00c9REBRO ANALISTAS<\/strong>\u00a0organiza, qualifica e simplifica a sua prepara\u00e7\u00e3o para o concurso de Analista da DPDF.<\/p>\n\n\n\n<figure class=\"wp-block-image size-full\"><a href=\"https:\/\/t.magistrarcursos.com.br\/cerebro-analistas\/?utm_source=blog\" target=\"_blank\" rel=\" noreferrer noopener\"><img decoding=\"async\" width=\"640\" height=\"200\" src=\"https:\/\/magistrarcursos.com.br\/blog\/wp-content\/uploads\/2026\/03\/cerebro-analistas.webp\" alt=\"\" class=\"wp-image-35357\" srcset=\"https:\/\/magistrarcursos.com.br\/blog\/wp-content\/uploads\/2026\/03\/cerebro-analistas.webp 640w, https:\/\/magistrarcursos.com.br\/blog\/wp-content\/uploads\/2026\/03\/cerebro-analistas-300x94.webp 300w\" sizes=\"(max-width: 640px) 100vw, 640px\" \/><\/a><\/figure>\n\n\n\n<p><\/p>\n","protected":false},"excerpt":{"rendered":"<p>Comiss\u00e3o organizadora instalada e Instituto Access como banca aceleram publica\u00e7\u00e3o do edital, que deve sair at\u00e9 junho<\/p>\n","protected":false},"author":18,"featured_media":31990,"comment_status":"closed","ping_status":"closed","sticky":false,"template":"","format":"standard","meta":{"footnotes":""},"categories":[48,106],"tags":[],"class_list":["post-35482","post","type-post","status-publish","format-standard","has-post-thumbnail","hentry","category-noticias","category-defensoria-publica"],"_links":{"self":[{"href":"https:\/\/magistrarcursos.com.br\/blog\/wp-json\/wp\/v2\/posts\/35482","targetHints":{"allow":["GET"]}}],"collection":[{"href":"https:\/\/magistrarcursos.com.br\/blog\/wp-json\/wp\/v2\/posts"}],"about":[{"href":"https:\/\/magistrarcursos.com.br\/blog\/wp-json\/wp\/v2\/types\/post"}],"author":[{"embeddable":true,"href":"https:\/\/magistrarcursos.com.br\/blog\/wp-json\/wp\/v2\/users\/18"}],"replies":[{"embeddable":true,"href":"https:\/\/magistrarcursos.com.br\/blog\/wp-json\/wp\/v2\/comments?post=35482"}],"version-history":[{"count":1,"href":"https:\/\/magistrarcursos.com.br\/blog\/wp-json\/wp\/v2\/posts\/35482\/revisions"}],"predecessor-version":[{"id":35484,"href":"https:\/\/magistrarcursos.com.br\/blog\/wp-json\/wp\/v2\/posts\/35482\/revisions\/35484"}],"wp:featuredmedia":[{"embeddable":true,"href":"https:\/\/magistrarcursos.com.br\/blog\/wp-json\/wp\/v2\/media\/31990"}],"wp:attachment":[{"href":"https:\/\/magistrarcursos.com.br\/blog\/wp-json\/wp\/v2\/media?parent=35482"}],"wp:term":[{"taxonomy":"category","embeddable":true,"href":"https:\/\/magistrarcursos.com.br\/blog\/wp-json\/wp\/v2\/categories?post=35482"},{"taxonomy":"post_tag","embeddable":true,"href":"https:\/\/magistrarcursos.com.br\/blog\/wp-json\/wp\/v2\/tags?post=35482"}],"curies":[{"name":"wp","href":"https:\/\/api.w.org\/{rel}","templated":true}]}}