{"id":35487,"date":"2026-04-27T09:03:33","date_gmt":"2026-04-27T12:03:33","guid":{"rendered":"https:\/\/magistrarcursos.com.br\/blog\/?p=35487"},"modified":"2026-04-27T09:03:33","modified_gmt":"2026-04-27T12:03:33","slug":"prova-discursiva-do-concurso-delegado-rs-e-cancelada-pela-banca-organizadora","status":"publish","type":"post","link":"https:\/\/magistrarcursos.com.br\/blog\/prova-discursiva-do-concurso-delegado-rs-e-cancelada-pela-banca-organizadora\/","title":{"rendered":"Prova discursiva do concurso Delegado RS \u00e9 cancelada pela banca organizadora"},"content":{"rendered":"\n<p>A prova discursiva do <strong><a href=\"https:\/\/magistrarcursos.com.br\/blog\/concurso-delegado-pc-rs\/\" target=\"_blank\" rel=\"noreferrer noopener\">concurso para Delegado da Pol\u00edcia Civil do Rio Grande do Sul<\/a><\/strong> foi cancelada no \u00faltimo domingo, 26 de abril de 2026. A decis\u00e3o pegou os candidatos de surpresa, especialmente porque cerca de 300 participantes j\u00e1 estavam nos locais de prova aguardando o in\u00edcio da aplica\u00e7\u00e3o.<\/p>\n\n\n\n<h2 class=\"wp-block-heading\">Motivo do cancelamento<\/h2>\n\n\n\n<p>De acordo com informa\u00e7\u00f5es divulgadas, o cancelamento ocorreu devido \u00e0 n\u00e3o entrega do cart\u00e3o definitivo de prova por parte da banca organizadora, a <strong><a href=\"https:\/\/www.fundatec.org.br\/portal\/concursos\/index_concursos.php?concurso=991\" target=\"_blank\" rel=\"noreferrer noopener\">Fundatec<\/a><\/strong>. O documento \u00e9 essencial para a identifica\u00e7\u00e3o dos candidatos e para a realiza\u00e7\u00e3o da etapa, o que tornou invi\u00e1vel a aplica\u00e7\u00e3o da avalia\u00e7\u00e3o naquele momento.<\/p>\n\n\n\n<p><strong>Veja tamb\u00e9m:<\/strong> <strong><a href=\"https:\/\/magistrarcursos.com.br\/blog\/concursos-para-delegado-em-abril-veja-dois-editais-previstos-e-um-com-inscricoes-programadas\/\" target=\"_blank\" rel=\"noreferrer noopener\">Concursos para Delegado em abril: veja dois editais previstos e um com inscri\u00e7\u00f5es programadas<\/a><\/strong><\/p>\n\n\n\n<h2 class=\"wp-block-heading\">Nota oficial da Pol\u00edcia Civil do RS<\/h2>\n\n\n\n<p>Em nota, a Pol\u00edcia Civil do Rio Grande do Sul detalhou os motivos da decis\u00e3o:<\/p>\n\n\n\n<p>\u201cA Pol\u00edcia Civil informa que, em raz\u00e3o de problemas log\u00edsticos causados pela Fundatec, respons\u00e1vel pela organiza\u00e7\u00e3o do Concurso de Delegado da Pol\u00edcia Civil, houve um atraso superior a uma hora do in\u00edcio das provas, o que inviabilizou o cumprimento dos demais hor\u00e1rios previstos em edital.<\/p>\n\n\n\n<p>Diante deste cen\u00e1rio, e visando evitar preju\u00edzos \u00e0 lisura do certame, a Comiss\u00e3o do Concurso deliberou pelo cancelamento da prova discursiva.<\/p>\n\n\n\n<p>A nova data de aplica\u00e7\u00e3o da Prova Discursiva para o Concurso de Delegado da Pol\u00edcia Civil do RS ser\u00e1 oportunamente divulgada por meio de edital espec\u00edfico.\u201d<\/p>\n\n\n\n<p><strong>Veja tamb\u00e9m:<\/strong> <strong><a href=\"https:\/\/magistrarcursos.com.br\/blog\/delegado-policia\/\" target=\"_blank\" rel=\"noreferrer noopener\">Delegado de Pol\u00edcia: guia sobre a carreira<\/a><\/strong><\/p>\n\n\n\n<h2 class=\"wp-block-heading\">Concurso segue com alta expectativa<\/h2>\n\n\n\n<p>O certame \u00e9 um dos mais aguardados da carreira policial no estado. Ao todo, s\u00e3o ofertadas <strong>30 vagas imediatas para o cargo de Delegado<\/strong>, al\u00e9m da forma\u00e7\u00e3o de cadastro reserva.<\/p>\n\n\n\n<p>A remunera\u00e7\u00e3o inicial \u00e9 de <strong>R$ 23.334,43<\/strong>, fator que contribui para a alta concorr\u00eancia e grande interesse dos candidatos.<\/p>\n\n\n\n<h2 class=\"wp-block-heading\">Nova data ainda ser\u00e1 divulgada<\/h2>\n\n\n\n<p>A Fundatec informou que uma nova data para a aplica\u00e7\u00e3o da prova discursiva ser\u00e1 anunciada em breve. At\u00e9 l\u00e1, a orienta\u00e7\u00e3o \u00e9 que os candidatos acompanhem os canais oficiais da banca para n\u00e3o perder atualiza\u00e7\u00f5es sobre o concurso.<\/p>\n\n\n\n<h2 class=\"wp-block-heading\">Candidatos devem manter a aten\u00e7\u00e3o<\/h2>\n\n\n\n<p>Com a suspens\u00e3o inesperada, os candidatos devem redobrar a aten\u00e7\u00e3o \u00e0s pr\u00f3ximas comunica\u00e7\u00f5es oficiais. A remarca\u00e7\u00e3o da etapa ser\u00e1 decisiva para a continuidade do certame, que segue sendo uma das principais oportunidades na \u00e1rea policial em 2026.<\/p>\n\n\n\n<figure class=\"wp-block-image size-full\"><a href=\"https:\/\/t.magistrarcursos.com.br\/cerebro-juridico\/?utm_source=blog\" target=\"_blank\" rel=\" noreferrer noopener\"><img fetchpriority=\"high\" decoding=\"async\" width=\"800\" height=\"237\" src=\"https:\/\/magistrarcursos.com.br\/blog\/wp-content\/uploads\/2026\/04\/banner-vitalicia-cerebro.webp\" alt=\"\" class=\"wp-image-34598\" srcset=\"https:\/\/magistrarcursos.com.br\/blog\/wp-content\/uploads\/2026\/04\/banner-vitalicia-cerebro.webp 800w, https:\/\/magistrarcursos.com.br\/blog\/wp-content\/uploads\/2026\/04\/banner-vitalicia-cerebro-300x89.webp 300w, https:\/\/magistrarcursos.com.br\/blog\/wp-content\/uploads\/2026\/04\/banner-vitalicia-cerebro-768x228.webp 768w\" sizes=\"(max-width: 800px) 100vw, 800px\" \/><\/a><\/figure>\n","protected":false},"excerpt":{"rendered":"<p>Etapa seria aplicada no dia 26 de abril, mas falha operacional da Fundatec impediu a realiza\u00e7\u00e3o do exame<\/p>\n","protected":false},"author":16,"featured_media":27298,"comment_status":"closed","ping_status":"closed","sticky":false,"template":"","format":"standard","meta":{"footnotes":""},"categories":[48,107],"tags":[],"class_list":["post-35487","post","type-post","status-publish","format-standard","has-post-thumbnail","hentry","category-noticias","category-policias"],"_links":{"self":[{"href":"https:\/\/magistrarcursos.com.br\/blog\/wp-json\/wp\/v2\/posts\/35487","targetHints":{"allow":["GET"]}}],"collection":[{"href":"https:\/\/magistrarcursos.com.br\/blog\/wp-json\/wp\/v2\/posts"}],"about":[{"href":"https:\/\/magistrarcursos.com.br\/blog\/wp-json\/wp\/v2\/types\/post"}],"author":[{"embeddable":true,"href":"https:\/\/magistrarcursos.com.br\/blog\/wp-json\/wp\/v2\/users\/16"}],"replies":[{"embeddable":true,"href":"https:\/\/magistrarcursos.com.br\/blog\/wp-json\/wp\/v2\/comments?post=35487"}],"version-history":[{"count":4,"href":"https:\/\/magistrarcursos.com.br\/blog\/wp-json\/wp\/v2\/posts\/35487\/revisions"}],"predecessor-version":[{"id":35507,"href":"https:\/\/magistrarcursos.com.br\/blog\/wp-json\/wp\/v2\/posts\/35487\/revisions\/35507"}],"wp:featuredmedia":[{"embeddable":true,"href":"https:\/\/magistrarcursos.com.br\/blog\/wp-json\/wp\/v2\/media\/27298"}],"wp:attachment":[{"href":"https:\/\/magistrarcursos.com.br\/blog\/wp-json\/wp\/v2\/media?parent=35487"}],"wp:term":[{"taxonomy":"category","embeddable":true,"href":"https:\/\/magistrarcursos.com.br\/blog\/wp-json\/wp\/v2\/categories?post=35487"},{"taxonomy":"post_tag","embeddable":true,"href":"https:\/\/magistrarcursos.com.br\/blog\/wp-json\/wp\/v2\/tags?post=35487"}],"curies":[{"name":"wp","href":"https:\/\/api.w.org\/{rel}","templated":true}]}}