{"id":35490,"date":"2026-04-27T08:39:44","date_gmt":"2026-04-27T11:39:44","guid":{"rendered":"https:\/\/magistrarcursos.com.br\/blog\/?p=35490"},"modified":"2026-04-27T09:03:04","modified_gmt":"2026-04-27T12:03:04","slug":"concurso-sefaz-ce-edital-publicado-com-300-vagas-para-auditor-fiscal-e-salario-inicial-de-r-16-mil","status":"publish","type":"post","link":"https:\/\/magistrarcursos.com.br\/blog\/concurso-sefaz-ce-edital-publicado-com-300-vagas-para-auditor-fiscal-e-salario-inicial-de-r-16-mil\/","title":{"rendered":"Concurso SEFAZ CE: edital publicado com 300 vagas para Auditor Fiscal e sal\u00e1rio inicial de R$ 16 mil"},"content":{"rendered":"\n<p>A <a href=\"https:\/\/magistrarcursos.com.br\/blog\/concurso-sefaz-ce\/\"><strong>Secretaria da Fazenda do Estado do Cear\u00e1 (SEFAZ CE)<\/strong><\/a> publicou nesta sexta-feira (<strong>24 de abril de 2026<\/strong>) o edital do concurso p\u00fablico para o cargo de <a href=\"https:\/\/magistrarcursos.com.br\/blog\/auditor-fiscal\/\"><strong>Auditor-Fiscal da Fazenda Estadual<\/strong><\/a>. S\u00e3o <strong>300 vagas<\/strong> no total, sendo <strong>100 imediatas<\/strong> e <strong>200<\/strong> para cadastro de reserva, com organiza\u00e7\u00e3o da Funda\u00e7\u00e3o Carlos Chagas (FCC). A remunera\u00e7\u00e3o inicial \u00e9 de <strong>R$ 16.136,64<\/strong>, podendo chegar a <strong>R$ 24,7 mil<\/strong> brutos com gratifica\u00e7\u00f5es de produtividade ao longo da carreira.<\/p>\n\n\n\n<p><a href=\"https:\/\/www.concursosfcc.com.br\/\" target=\"_blank\" rel=\"noopener\"><strong>Confira o edital do Concurso SEFAZ CE 2026<\/strong><\/a><\/p>\n\n\n\n<h2 class=\"wp-block-heading\">Cronograma do concurso SEFAZ CE<\/h2>\n\n\n\n<ul class=\"wp-block-list\">\n<li><strong>Inscri\u00e7\u00f5es:<\/strong> das 10h de 27 de abril at\u00e9 \u00e0s 23h59 de 1\u00ba de junho de 2026<\/li>\n\n\n\n<li><strong>Isen\u00e7\u00e3o da taxa:<\/strong> 27 de abril a 1\u00ba de maio de 2026<\/li>\n\n\n\n<li><strong>\u00daltimo dia para pagamento da taxa:<\/strong> 2 de junho de 2026<\/li>\n\n\n\n<li><strong>Prova objetiva de Conhecimentos Gerais:<\/strong> 1\u00ba de agosto de 2026 (turno da tarde)<\/li>\n\n\n\n<li><strong>Prova objetiva de Conhecimentos Espec\u00edficos e Prova Discursiva:<\/strong> 2 de agosto de 2026<\/li>\n\n\n\n<li><strong>Envio de t\u00edtulos:<\/strong> 6 a 8 de outubro de 2026<\/li>\n\n\n\n<li><strong>Local das provas:<\/strong> Fortaleza\/CE<\/li>\n<\/ul>\n\n\n\n<h2 class=\"wp-block-heading\">Cargos e vagas do concurso SEFAZ CE<\/h2>\n\n\n\n<p>O edital distribui as <strong>300 vagas<\/strong> entre duas \u00e1reas de conhecimento:<\/p>\n\n\n\n<figure class=\"wp-block-table\"><table class=\"has-fixed-layout\"><thead><tr><th>Cargo\/\u00c1rea<\/th><th>Imediatas<\/th><th>Cadastro de Reserva<\/th><th>Total<\/th><\/tr><\/thead><tbody><tr><td>A01 \u2013 Gest\u00e3o Fazend\u00e1ria<\/td><td>80<\/td><td>160<\/td><td>240<\/td><\/tr><tr><td>B02 \u2013 Tecnologia da Informa\u00e7\u00e3o<\/td><td>20<\/td><td>40<\/td><td>60<\/td><\/tr><tr><td><strong>Total<\/strong><\/td><td><strong>100<\/strong><\/td><td><strong>200<\/strong><\/td><td><strong>300<\/strong><\/td><\/tr><\/tbody><\/table><\/figure>\n\n\n\n<p>Das vagas imediatas para Gest\u00e3o Fazend\u00e1ria, <strong>60<\/strong> s\u00e3o de ampla concorr\u00eancia, <strong>4<\/strong> para pessoas com defici\u00eancia e <strong>16<\/strong> para candidatos negros. Das vagas imediatas para TI, <strong>15<\/strong> s\u00e3o de ampla concorr\u00eancia, <strong>1<\/strong> para PcD e <strong>4<\/strong> para negros.<\/p>\n\n\n\n<h2 class=\"wp-block-heading\">Requisitos<\/h2>\n\n\n\n<p>Para ambas as \u00e1reas, o candidato precisa apresentar diploma de curso superior em qualquer \u00e1rea de especialidade, devidamente registrado e reconhecido pelo MEC. Al\u00e9m disso, s\u00e3o exigidos: nacionalidade brasileira, idade m\u00ednima de 18 anos, quita\u00e7\u00e3o eleitoral e militar (para homens) e aptid\u00e3o f\u00edsica e mental para o exerc\u00edcio do cargo.<\/p>\n\n\n\n<h2 class=\"wp-block-heading\">Sal\u00e1rio, carga hor\u00e1ria e benef\u00edcios<\/h2>\n\n\n\n<p>A remunera\u00e7\u00e3o inicial para o cargo de Auditor-Fiscal \u00e9 de <strong>R$ 16.136,64<\/strong> para todas as especialidades, com jornada de <strong>40 horas<\/strong> semanais. Com progress\u00f5es e gratifica\u00e7\u00f5es de produtividade, o teto da carreira chega a <strong>R$ 24.755,11<\/strong>, conforme a tabela estabelecida pelo Decreto n\u00ba 36.538\/2025.<\/p>\n\n\n\n<p>Al\u00e9m do vencimento b\u00e1sico, os servidores t\u00eam direito a gratifica\u00e7\u00f5es de produtividade, adicionais previstos em lei e vantagens de car\u00e1ter indenizat\u00f3rio, que podem elevar a remunera\u00e7\u00e3o bruta total para cerca de <strong>R$ 24,7 mil<\/strong> j\u00e1 no in\u00edcio da carreira.<\/p>\n\n\n\n<h2 class=\"wp-block-heading\">Inscri\u00e7\u00f5es do concurso SEFAZ CE<\/h2>\n\n\n\n<p>As inscri\u00e7\u00f5es ser\u00e3o realizadas exclusivamente via internet, no per\u00edodo de <strong>27 de abril a 1\u00ba de junho de 2026<\/strong>, pelo <a href=\"http:\/\/www.concursosfcc.com.br\" target=\"_blank\" rel=\"noreferrer noopener\">site da FCC<\/a>. A taxa de inscri\u00e7\u00e3o \u00e9 de <strong>R$ 230<\/strong>.<\/p>\n\n\n\n<p>T\u00eam direito \u00e0 isen\u00e7\u00e3o:<\/p>\n\n\n\n<ul class=\"wp-block-list\">\n<li>Candidatos em condi\u00e7\u00e3o de pobreza (renda familiar per capita inferior a meio sal\u00e1rio m\u00ednimo)<\/li>\n\n\n\n<li>Doadores de sangue (m\u00ednimo de duas doa\u00e7\u00f5es no \u00faltimo ano, Lei Estadual n\u00ba 12.559\/1995)<\/li>\n\n\n\n<li>Alunos de institui\u00e7\u00f5es p\u00fablicas de ensino (Lei n\u00ba 13.844\/2006)<\/li>\n\n\n\n<li>Pessoas com defici\u00eancia, mediante laudo m\u00e9dico comprobat\u00f3rio<\/li>\n\n\n\n<li>Candidatos de fam\u00edlias com renda de at\u00e9 dois sal\u00e1rios m\u00ednimos<\/li>\n<\/ul>\n\n\n\n<h2 class=\"wp-block-heading\">Etapas e provas do concurso SEFAZ CE<\/h2>\n\n\n\n<p>O concurso \u00e9 composto por quatro etapas.<\/p>\n\n\n\n<h3 class=\"wp-block-heading\">Prova objetiva<\/h3>\n\n\n\n<p>A prova objetiva tem car\u00e1ter eliminat\u00f3rio e classificat\u00f3rio, com <strong>160 quest\u00f5es<\/strong> de m\u00faltipla escolha com cinco alternativas cada, divididas em dois blocos aplicados em dias distintos. Para ser habilitado, o candidato precisa obter valor igual ou superior a <strong>150 pontos<\/strong> no somat\u00f3rio das notas padronizadas.<\/p>\n\n\n\n<figure class=\"wp-block-table\"><table class=\"has-fixed-layout\"><thead><tr><th>Bloco<\/th><th>Quest\u00f5es<\/th><th>Peso<\/th><\/tr><\/thead><tbody><tr><td>Conhecimentos Gerais<\/td><td>80<\/td><td>1<\/td><\/tr><tr><td>Conhecimentos Espec\u00edficos<\/td><td>80<\/td><td>2<\/td><\/tr><\/tbody><\/table><\/figure>\n\n\n\n<p>As disciplinas de Conhecimentos Gerais s\u00e3o as mesmas para as duas \u00e1reas: L\u00edngua Portuguesa (10), Matem\u00e1tica Financeira\/Estat\u00edstica\/Racioc\u00ednio L\u00f3gico (12), Administra\u00e7\u00e3o e Governan\u00e7a P\u00fablica (10), Economia (10), Direito Constitucional, Administrativo, Civil e Penal (12), Direito Financeiro (8), Contabilidade Geral e P\u00fablica (10) e Auditoria (8).<\/p>\n\n\n\n<p>Os Conhecimentos Espec\u00edficos variam por \u00e1rea. Para <strong>Gest\u00e3o Fazend\u00e1ria<\/strong>: Direito Tribut\u00e1rio (20), Legisla\u00e7\u00e3o Tribut\u00e1ria (20), Contabilidade Avan\u00e7ada e de Custos (20), Flu\u00eancia de Dados (10) e Finan\u00e7as P\u00fablicas (10). Para <strong>Tecnologia da Informa\u00e7\u00e3o<\/strong>: Direito Tribut\u00e1rio (10), Legisla\u00e7\u00e3o Tribut\u00e1ria (5), Contabilidade Avan\u00e7ada e de Custos (5), Tecnologia da Informa\u00e7\u00e3o (55) e Finan\u00e7as P\u00fablicas (5).<\/p>\n\n\n\n<h3 class=\"wp-block-heading\">Prova discursiva<\/h3>\n\n\n\n<p>Aplicada no turno da tarde do dia <strong>2 de agosto<\/strong>, de car\u00e1ter eliminat\u00f3rio e classificat\u00f3rio, com nota total de <strong>100 pontos<\/strong>. \u00c9 composta por uma quest\u00e3o dissertativa (30 pontos, m\u00ednimo de 15 linhas) e dois estudos de caso (35 pontos cada, m\u00ednimo de 20 linhas). Para ser habilitado, o candidato precisa obter nota igual ou superior a <strong>50 pontos<\/strong>.<\/p>\n\n\n\n<h3 class=\"wp-block-heading\">Avalia\u00e7\u00e3o de t\u00edtulos<\/h3>\n\n\n\n<p>De car\u00e1ter classificat\u00f3rio, com pontua\u00e7\u00e3o m\u00e1xima de <strong>20 pontos<\/strong>. Os documentos devem ser enviados entre <strong>6 e 8 de outubro de 2026<\/strong> por upload no portal da FCC.<\/p>\n\n\n\n<figure class=\"wp-block-table\"><table class=\"has-fixed-layout\"><thead><tr><th>T\u00edtulo<\/th><th>Valor unit\u00e1rio<\/th><th>M\u00e1ximo<\/th><\/tr><\/thead><tbody><tr><td>Doutorado<\/td><td>4,80<\/td><td>4,80<\/td><\/tr><tr><td>Mestrado<\/td><td>2,40<\/td><td>2,40<\/td><\/tr><tr><td>Especializa\u00e7\u00e3o (m\u00edn. 360h)<\/td><td>1,20<\/td><td>2,40<\/td><\/tr><tr><td>Aprova\u00e7\u00e3o em concurso correlato<\/td><td>0,40<\/td><td>0,80<\/td><\/tr><tr><td>Experi\u00eancia profissional (por ano)<\/td><td>1,20<\/td><td>9,60<\/td><\/tr><\/tbody><\/table><\/figure>\n\n\n\n<h3 class=\"wp-block-heading\">Sindic\u00e2ncia e avalia\u00e7\u00e3o biopsicossocial<\/h3>\n\n\n\n<p>O edital tamb\u00e9m prev\u00ea sindic\u00e2ncia da vida pregressa, de car\u00e1ter eliminat\u00f3rio, e avalia\u00e7\u00e3o biopsicossocial para valida\u00e7\u00e3o de defici\u00eancia dos candidatos que concorrem \u00e0s vagas reservadas para PcD.<\/p>\n\n\n\n<h2 class=\"wp-block-heading\">Prepare-se para o concurso SEFAZ CE<\/h2>\n\n\n\n<p>Est\u00e1 buscando um <a href=\"https:\/\/vitalicia.magistrarcursos.com.br\/?_gl=1*1psnb70*_ga*OTEzMDI3NTQ3LjE3NzAyMDYxMTk.*_ga_Q2E1VNCPVY*czE3NzY0MjQ2MzYkbzEyNyRnMSR0MTc3NjQyNzc3MyRqNjAkbDAkaDExNTkzMjc4OTY.)\" target=\"_blank\" rel=\"noreferrer noopener\">curso para concursos fiscais<\/a> que seja focado, estrat\u00e9gico e alinhado aos editais? O <strong>Magistrar<\/strong> oferece diferentes modalidades de prepara\u00e7\u00e3o que ajudam candidatos a conquistar a aprova\u00e7\u00e3o em concursos para <strong>Auditor Fiscal<\/strong> e outras carreiras tribut\u00e1rias de elite!<\/p>\n\n\n\n<p>Com acesso vital\u00edcio a mais de 90 cursos, corpo docente de elite e metodologia exclusiva desenvolvida pelos melhores profissionais do Direito, o Magistrar \u00e9 a plataforma ideal para quem busca uma prepara\u00e7\u00e3o de alto n\u00edvel. Tenha acesso completo aos cursos de Direito Tribut\u00e1rio, Contabilidade, Administra\u00e7\u00e3o P\u00fablica e todas as disciplinas essenciais para o sucesso no <strong>Concurso SEFAZ CE<\/strong>.<\/p>\n","protected":false},"excerpt":{"rendered":"<p>FCC organiza certame com inscri\u00e7\u00f5es a partir de 27 de abril; provas marcadas para 1\u00ba e 2 de agosto em Fortaleza<\/p>\n","protected":false},"author":17,"featured_media":30145,"comment_status":"closed","ping_status":"closed","sticky":false,"template":"","format":"standard","meta":{"footnotes":""},"categories":[48,117],"tags":[],"class_list":["post-35490","post","type-post","status-publish","format-standard","has-post-thumbnail","hentry","category-noticias","category-fiscal"],"_links":{"self":[{"href":"https:\/\/magistrarcursos.com.br\/blog\/wp-json\/wp\/v2\/posts\/35490","targetHints":{"allow":["GET"]}}],"collection":[{"href":"https:\/\/magistrarcursos.com.br\/blog\/wp-json\/wp\/v2\/posts"}],"about":[{"href":"https:\/\/magistrarcursos.com.br\/blog\/wp-json\/wp\/v2\/types\/post"}],"author":[{"embeddable":true,"href":"https:\/\/magistrarcursos.com.br\/blog\/wp-json\/wp\/v2\/users\/17"}],"replies":[{"embeddable":true,"href":"https:\/\/magistrarcursos.com.br\/blog\/wp-json\/wp\/v2\/comments?post=35490"}],"version-history":[{"count":6,"href":"https:\/\/magistrarcursos.com.br\/blog\/wp-json\/wp\/v2\/posts\/35490\/revisions"}],"predecessor-version":[{"id":35504,"href":"https:\/\/magistrarcursos.com.br\/blog\/wp-json\/wp\/v2\/posts\/35490\/revisions\/35504"}],"wp:featuredmedia":[{"embeddable":true,"href":"https:\/\/magistrarcursos.com.br\/blog\/wp-json\/wp\/v2\/media\/30145"}],"wp:attachment":[{"href":"https:\/\/magistrarcursos.com.br\/blog\/wp-json\/wp\/v2\/media?parent=35490"}],"wp:term":[{"taxonomy":"category","embeddable":true,"href":"https:\/\/magistrarcursos.com.br\/blog\/wp-json\/wp\/v2\/categories?post=35490"},{"taxonomy":"post_tag","embeddable":true,"href":"https:\/\/magistrarcursos.com.br\/blog\/wp-json\/wp\/v2\/tags?post=35490"}],"curies":[{"name":"wp","href":"https:\/\/api.w.org\/{rel}","templated":true}]}}