{"id":35522,"date":"2026-04-27T10:06:45","date_gmt":"2026-04-27T13:06:45","guid":{"rendered":"https:\/\/magistrarcursos.com.br\/blog\/?p=35522"},"modified":"2026-04-27T10:06:45","modified_gmt":"2026-04-27T13:06:45","slug":"oab-46-locais-de-prova-serao-liberados-nesta-segunda-veja-como-consultar","status":"publish","type":"post","link":"https:\/\/magistrarcursos.com.br\/blog\/oab-46-locais-de-prova-serao-liberados-nesta-segunda-veja-como-consultar\/","title":{"rendered":"OAB 46: locais de prova ser\u00e3o liberados nesta segunda (27\/4); veja como consultar!"},"content":{"rendered":"\n<p>A Funda\u00e7\u00e3o Get\u00falio Vargas (FGV), banca organizadora do 46\u00ba Exame de Ordem Unificado <strong>(<a href=\"https:\/\/magistrarcursos.com.br\/blog\/oab-46\/\" data-type=\"link\" data-id=\"https:\/\/magistrarcursos.com.br\/blog\/oab-46\/\">OAB 46<\/a>)<\/strong>, divulga nesta segunda-feira (27\/4), os locais de prova da primeira fase, marcada para o dia 3 de maio. A consulta deve ser feita individualmente pelos candidatos, no <strong><a href=\"https:\/\/oab.fgv.br\/\" data-type=\"link\" data-id=\"https:\/\/oab.fgv.br\/\" target=\"_blank\" rel=\"noopener\">site oficial da organizadora<\/a><\/strong>.<\/p>\n\n\n\n<p>De acordo com o <a href=\"https:\/\/s.oab.org.br\/arquivos\/2026\/01\/695d6c9c-e9d3-4054-ae89-2aa5101eb5e6.pdf\" target=\"_blank\" rel=\"noopener\">edital do exame<\/a>, a divulga\u00e7\u00e3o ocorre no site da FGV e \u00e9 de responsabilidade exclusiva do candidato. N\u00e3o haver\u00e1 qualquer tipo de comunica\u00e7\u00e3o autom\u00e1tica, como e-mail ou SMS. Aquele que n\u00e3o verificar a informa\u00e7\u00e3o com anteced\u00eancia n\u00e3o ter\u00e1 justificativa aceita para eventual falta no dia da prova.<\/p>\n\n\n\n<h3 class=\"wp-block-heading\">Como consultar o local de prova da OAB 46<\/h3>\n\n\n\n<p>Assim que o sistema for atualizado, o candidato dever\u00e1 acessar o <a href=\"https:\/\/oab.fgv.br\/\" target=\"_blank\" rel=\"noopener\">portal da FGV<\/a> e seguir os passos abaixo:<\/p>\n\n\n\n<ol class=\"wp-block-list\">\n<li>Selecione a op\u00e7\u00e3o \u201cClique aqui para acessar informa\u00e7\u00f5es relativas ao 46\u00ba EXAME DE ORDEM UNIFICADO\u201d;<\/li>\n\n\n\n<li>Escolha a <strong>seccional da OAB<\/strong> onde a prova ser\u00e1 realizada;<\/li>\n\n\n\n<li>Fa\u00e7a o login utilizando <strong>CPF, login e senha<\/strong> cadastrados no momento da inscri\u00e7\u00e3o;<\/li>\n\n\n\n<li>Acesse a \u00e1rea do candidato para visualizar as informa\u00e7\u00f5es.<\/li>\n<\/ol>\n\n\n\n<p>No ambiente restrito, o candidato encontrar\u00e1 <strong>o endere\u00e7o completo do local de prova, o n\u00famero da sala e o hor\u00e1rio de abertura dos port\u00f5es<\/strong>. A coordenadoria do exame recomenda que o candidato confira com aten\u00e7\u00e3o todos os dados e realize o planejamento do deslocamento com anteced\u00eancia.<\/p>\n\n\n\n<figure class=\"wp-block-image size-full\"><a href=\"https:\/\/t.magistrarcursos.com.br\/cerebro-oab\/?utm_source=blog\" target=\"_blank\" rel=\" noreferrer noopener\"><img fetchpriority=\"high\" decoding=\"async\" width=\"640\" height=\"200\" src=\"https:\/\/magistrarcursos.com.br\/blog\/wp-content\/uploads\/2026\/04\/cerebro-oab.webp\" alt=\"\" class=\"wp-image-34884\" srcset=\"https:\/\/magistrarcursos.com.br\/blog\/wp-content\/uploads\/2026\/04\/cerebro-oab.webp 640w, https:\/\/magistrarcursos.com.br\/blog\/wp-content\/uploads\/2026\/04\/cerebro-oab-300x94.webp 300w\" sizes=\"(max-width: 640px) 100vw, 640px\" \/><\/a><\/figure>\n\n\n\n<h3 class=\"wp-block-heading\">Cuidados ap\u00f3s a divulga\u00e7\u00e3o<\/h3>\n\n\n\n<p>O edital da <strong>OAB 46<\/strong> \u00e9 claro ao estabelecer que \u201cacompanhar a divulga\u00e7\u00e3o do local de prova \u00e9 responsabilidade exclusiva do candidato\u201d. Diante disso, ao ter acesso ao endere\u00e7o, o candidato deve:<\/p>\n\n\n\n<ul class=\"wp-block-list\">\n<li>Verificar a <strong>dist\u00e2ncia e o tempo m\u00e9dio de deslocamento<\/strong> at\u00e9 o local;<\/li>\n\n\n\n<li>Considerar <strong>imprevistos de tr\u00e2nsito<\/strong> e, se poss\u00edvel, realizar um trajeto de teste antes da data do exame;<\/li>\n\n\n\n<li>Definir o <strong>hor\u00e1rio de sa\u00edda de casa<\/strong> com bastante anteced\u00eancia.<\/li>\n<\/ul>\n\n\n\n<p>A recomenda\u00e7\u00e3o geral para o dia da prova \u00e9 chegar ao local com pelo menos uma hora de anteced\u00eancia do fechamento dos port\u00f5es, conforme as orienta\u00e7\u00f5es de seguran\u00e7a da organiza\u00e7\u00e3o. N\u00e3o se esque\u00e7a de levar um documento oficial de identifica\u00e7\u00e3o com foto e caneta esferogr\u00e1fica de tinta preta.<\/p>\n\n\n\n<h3 class=\"wp-block-heading\">Calend\u00e1rio completo da OAB 46<\/h3>\n\n\n\n<figure class=\"wp-block-table\"><table class=\"has-fixed-layout\"><thead><tr><th>Evento<\/th><th>Data<\/th><\/tr><\/thead><tbody><tr><td>Divulga\u00e7\u00e3o dos locais da 1\u00aa fase<\/td><td>27 de abril de 2026<\/td><\/tr><tr><td>Prova objetiva (1\u00aa fase)<\/td><td>3 de maio de 2026<\/td><\/tr><tr><td>Resultado da 1\u00aa fase<\/td><td>20 de maio de 2026<\/td><\/tr><tr><td>Divulga\u00e7\u00e3o dos locais da 2\u00aa fase<\/td><td>15 de junho de 2026<\/td><\/tr><tr><td>Prova pr\u00e1tico-profissional (2\u00aa fase)<\/td><td>21 de junho de 2026<\/td><\/tr><tr><td>Resultado final do Exame de Ordem<\/td><td>29 de julho de 2026<\/td><\/tr><\/tbody><\/table><\/figure>\n\n\n\n<h3 class=\"wp-block-heading\">Quem pode participar do Exame de Ordem em 2026<\/h3>\n\n\n\n<p>Podem se inscrever no <strong>OAB 46<\/strong> os seguintes perfis:<\/p>\n\n\n\n<ul class=\"wp-block-list\">\n<li><strong>Bachar\u00e9is em Direito<\/strong> formados em institui\u00e7\u00e3o reconhecida pelo MEC, ainda que a cola\u00e7\u00e3o de grau n\u00e3o tenha ocorrido at\u00e9 o momento da inscri\u00e7\u00e3o, desde que o curso esteja oficialmente conclu\u00eddo;<\/li>\n\n\n\n<li><strong>Estudantes de Direito<\/strong> regularmente matriculados no \u00faltimo ano ou nos dois \u00faltimos semestres da gradua\u00e7\u00e3o, mediante comprova\u00e7\u00e3o no ato da inscri\u00e7\u00e3o.<\/li>\n<\/ul>\n\n\n\n<p>O Exame de Ordem \u00e9 requisito obrigat\u00f3rio para todos que desejam obter o registro profissional e exercer a advocacia no Brasil.<\/p>\n\n\n\n<h3 class=\"wp-block-heading\">O que \u00e9 a repescagem da OAB?<\/h3>\n\n\n\n<p>Al\u00e9m das vagas regulares, a <strong>OAB 46<\/strong> conta com a chamada repescagem (ou reaproveitamento). Essa modalidade \u00e9 voltada para os candidatos que foram aprovados na primeira fase do <strong>45\u00ba Exame de Ordem Unificado<\/strong>, mas n\u00e3o obtiveram \u00eaxito na prova pr\u00e1tico-profissional.<\/p>\n\n\n\n<p>Para esses candidatos, a repescagem representa uma nova oportunidade de realizar apenas a segunda fase da <strong>OAB 46<\/strong>, sem a necessidade de refazer a prova objetiva. \u00c9 importante ficar atento ao edital complementar e ao per\u00edodo de inscri\u00e7\u00f5es espec\u00edfico para essa modalidade.<\/p>\n\n\n\n<p>Agora que voc\u00ea j\u00e1 sabe como e quando consultar o local de prova da <strong>OAB 46<\/strong>, organize-se com anteced\u00eancia para evitar surpresas. Uma boa prepara\u00e7\u00e3o e o conhecimento pr\u00e9vio do trajeto s\u00e3o fundamentais para garantir tranquilidade e foco no grande dia.<\/p>\n\n\n\n<p><strong><a href=\"https:\/\/magistrarcursos.com.br\/blog\/wp-content\/uploads\/2026\/03\/oab-46-reaproveitamento.pdf\" target=\"_blank\" rel=\"noreferrer noopener\">Confira o edital de repescagem da OAB 46<\/a><\/strong><\/p>\n\n\n\n<figure class=\"wp-block-image aligncenter size-full\"><a href=\"https:\/\/magistrarcursos.com.br\/cursos\/oab\/extensivo-oab\/?utm_source=blog&amp;utm_medium=banner&amp;utm_campaign=extensivo+oab&amp;utm_id=oab\" target=\"_blank\" rel=\" noreferrer noopener\"><img decoding=\"async\" width=\"640\" height=\"175\" src=\"https:\/\/magistrarcursos.com.br\/blog\/wp-content\/uploads\/2025\/08\/banner-extensivo-oab.webp\" alt=\"\" class=\"wp-image-26039\" srcset=\"https:\/\/magistrarcursos.com.br\/blog\/wp-content\/uploads\/2025\/08\/banner-extensivo-oab.webp 640w, https:\/\/magistrarcursos.com.br\/blog\/wp-content\/uploads\/2025\/08\/banner-extensivo-oab-300x82.webp 300w\" sizes=\"(max-width: 640px) 100vw, 640px\" \/><\/a><\/figure>\n\n\n\n<p><\/p>\n","protected":false},"excerpt":{"rendered":"<p>Candidatos devem acessar a \u00e1rea do candidato no site da FGV para conferir endere\u00e7o, sala e hor\u00e1rio da prova objetiva, marcada para 3 de maio <\/p>\n","protected":false},"author":18,"featured_media":28627,"comment_status":"closed","ping_status":"closed","sticky":false,"template":"","format":"standard","meta":{"footnotes":""},"categories":[48,105],"tags":[],"class_list":["post-35522","post","type-post","status-publish","format-standard","has-post-thumbnail","hentry","category-noticias","category-oab"],"_links":{"self":[{"href":"https:\/\/magistrarcursos.com.br\/blog\/wp-json\/wp\/v2\/posts\/35522","targetHints":{"allow":["GET"]}}],"collection":[{"href":"https:\/\/magistrarcursos.com.br\/blog\/wp-json\/wp\/v2\/posts"}],"about":[{"href":"https:\/\/magistrarcursos.com.br\/blog\/wp-json\/wp\/v2\/types\/post"}],"author":[{"embeddable":true,"href":"https:\/\/magistrarcursos.com.br\/blog\/wp-json\/wp\/v2\/users\/18"}],"replies":[{"embeddable":true,"href":"https:\/\/magistrarcursos.com.br\/blog\/wp-json\/wp\/v2\/comments?post=35522"}],"version-history":[{"count":1,"href":"https:\/\/magistrarcursos.com.br\/blog\/wp-json\/wp\/v2\/posts\/35522\/revisions"}],"predecessor-version":[{"id":35523,"href":"https:\/\/magistrarcursos.com.br\/blog\/wp-json\/wp\/v2\/posts\/35522\/revisions\/35523"}],"wp:featuredmedia":[{"embeddable":true,"href":"https:\/\/magistrarcursos.com.br\/blog\/wp-json\/wp\/v2\/media\/28627"}],"wp:attachment":[{"href":"https:\/\/magistrarcursos.com.br\/blog\/wp-json\/wp\/v2\/media?parent=35522"}],"wp:term":[{"taxonomy":"category","embeddable":true,"href":"https:\/\/magistrarcursos.com.br\/blog\/wp-json\/wp\/v2\/categories?post=35522"},{"taxonomy":"post_tag","embeddable":true,"href":"https:\/\/magistrarcursos.com.br\/blog\/wp-json\/wp\/v2\/tags?post=35522"}],"curies":[{"name":"wp","href":"https:\/\/api.w.org\/{rel}","templated":true}]}}