{"id":35535,"date":"2026-04-27T12:07:04","date_gmt":"2026-04-27T15:07:04","guid":{"rendered":"https:\/\/magistrarcursos.com.br\/blog\/?p=35535"},"modified":"2026-04-27T13:01:15","modified_gmt":"2026-04-27T16:01:15","slug":"concursos-df-governadora-garante-que-corte-de-gastos-nao-afetara-certames-entenda","status":"publish","type":"post","link":"https:\/\/magistrarcursos.com.br\/blog\/concursos-df-governadora-garante-que-corte-de-gastos-nao-afetara-certames-entenda\/","title":{"rendered":"Concursos DF: governadora garante que corte de gastos n\u00e3o afetar\u00e1 certames; entenda!"},"content":{"rendered":"\n<p>O cen\u00e1rio dos <strong>concursos DF<\/strong> passou por movimenta\u00e7\u00f5es importantes nos \u00faltimos dias, exigindo aten\u00e7\u00e3o redobrada dos candidatos. O Governo do Distrito Federal (GDF) publicou medidas de conten\u00e7\u00e3o de gastos, mas trouxe um al\u00edvio para os concurseiros: as sele\u00e7\u00f5es p\u00fablicas seguem mantidas.<\/p>\n\n\n\n<p>A governadora Celina Le\u00e3o (PP) afirmou que os cortes de gastos anunciados n\u00e3o v\u00e3o afetar a realiza\u00e7\u00e3o de <strong>concursos p\u00fablicos<\/strong> no DF. A garantia foi dada durante a reinaugura\u00e7\u00e3o do Centro de Refer\u00eancia de Assist\u00eancia Social (CRAS) da Candangol\u00e2ndia, nesta segunda-feira (27\/4).<\/p>\n\n\n\n<blockquote class=\"wp-block-quote is-layout-flow wp-block-quote-is-layout-flow\">\n<p><strong>\u201cOs concursos p\u00fablicos, principalmente nessas \u00e1reas essenciais, est\u00e3o mantidos. E, desde que se prove a falta de m\u00e3o de obra, existe a possibilidade de convocar candidatos, j\u00e1 que h\u00e1 vac\u00e2ncias e aposentadorias\u201d<\/strong>, garantiu a governadora.<\/p>\n<\/blockquote>\n\n\n\n<h2 class=\"wp-block-heading\">O que diz o decreto de ajuste fiscal?<\/h2>\n\n\n\n<p>O <strong><a href=\"https:\/\/dodf.df.gov.br\/dodf\/jornal\/visualizar-pdf?pasta=2026|04_Abril|DODF%20039%2024-04-2026%20EDICAO%20EXTRA%20A|&amp;arquivo=DODF%20039%2024-04-2026%20EDICAO%20EXTRA%20A.pdf\" data-type=\"link\" data-id=\"https:\/\/dodf.df.gov.br\/dodf\/jornal\/visualizar-pdf?pasta=2026|04_Abril|DODF%20039%2024-04-2026%20EDICAO%20EXTRA%20A|&amp;arquivo=DODF%20039%2024-04-2026%20EDICAO%20EXTRA%20A.pdf\" target=\"_blank\" rel=\"noopener\">Decreto n\u00ba 48.509\/2026<\/a><\/strong>, publicado na \u00faltima sexta-feira (24\/4) em edi\u00e7\u00e3o extra do Di\u00e1rio Oficial do Distrito Federal (DODF), estabelece medidas para controlar os gastos p\u00fablicos e manter o equil\u00edbrio das contas. O documento j\u00e1 est\u00e1 em vigor.<\/p>\n\n\n\n<p>Entre as principais a\u00e7\u00f5es determinadas pela norma est\u00e3o:<\/p>\n\n\n\n<figure class=\"wp-block-table\"><table class=\"has-fixed-layout\"><thead><tr><th>Medida<\/th><th>Detalhamento<\/th><\/tr><\/thead><tbody><tr><td><strong>Revis\u00e3o de contratos<\/strong><\/td><td>Todos os \u00f3rg\u00e3os do Executivo t\u00eam at\u00e9 60 dias para analisar despesas com aluguel de im\u00f3veis e ve\u00edculos, servi\u00e7os terceirizados, contratos de inform\u00e1tica, eventos e patroc\u00ednios<\/td><\/tr><tr><td><strong>Corte de at\u00e9 25%<\/strong><\/td><td>A meta \u00e9 reduzir em at\u00e9 25% os valores dos contratos, sempre que tecnicamente vi\u00e1vel<\/td><\/tr><tr><td><strong>Suspens\u00e3o de despesas com pessoal<\/strong><\/td><td>Ficam suspensas medidas como reajustes salariais, cria\u00e7\u00e3o de novos cargos e novas contrata\u00e7\u00f5es<\/td><\/tr><\/tbody><\/table><\/figure>\n\n\n\n<p><strong>Mas aten\u00e7\u00e3o:<\/strong> o decreto ressalta que servi\u00e7os essenciais (sa\u00fade, mobilidade, limpeza p\u00fablica, assist\u00eancia social e seguran\u00e7a) n\u00e3o podem ser interrompidos ou prejudicados.<\/p>\n\n\n\n<h2 class=\"wp-block-heading\">E os concursos? Como fica a situa\u00e7\u00e3o?<\/h2>\n\n\n\n<p>Embora o texto do decreto suspenda <strong>inicialmente<\/strong> novas contrata\u00e7\u00f5es, a Secretaria de Economia do DF (Seec-DF) poder\u00e1 autorizar exce\u00e7\u00f5es para casos considerados necess\u00e1rios, como a reposi\u00e7\u00e3o de vac\u00e2ncias importantes.<\/p>\n\n\n\n<blockquote class=\"wp-block-quote is-layout-flow wp-block-quote-is-layout-flow\">\n<p>\u201cO decreto vai cortar gordura, excessos, coisas que n\u00e3o deveriam estar naquele volume. A popula\u00e7\u00e3o pode ficar muito tranquila, porque o bom senso sempre ser\u00e1 prezado\u201d, afirmou Celina Le\u00e3o.<\/p>\n<\/blockquote>\n\n\n\n<p>Segundo a governadora, o governo vai priorizar o or\u00e7amento em \u00e1reas essenciais, como Sa\u00fade e Assist\u00eancia Social, e os cortes ser\u00e3o focados em <strong>\u201caluguel, carro, tudo o que o Estado pode enxugar e que deve enxugar\u201d<\/strong>.<\/p>\n\n\n\n<h2 class=\"wp-block-heading\">Suspens\u00e3o dos prazos de validade: o que muda para os candidatos?<\/h2>\n\n\n\n<p>Paralelamente ao decreto de conten\u00e7\u00e3o, o ent\u00e3o governador Ibaneis Rocha sancionou, ainda em fevereiro de 2026, duas leis que alteram a <strong><a href=\"https:\/\/magistrarcursos.com.br\/blog\/governador-sanciona-leis-que-suspendem-validade-de-concursos-do-df\/\" data-type=\"link\" data-id=\"https:\/\/magistrarcursos.com.br\/blog\/governador-sanciona-leis-que-suspendem-validade-de-concursos-do-df\/\">contagem de tempo dos concursos DF<\/a><\/strong> j\u00e1 homologados. Trata-se das <strong>Leis n\u00ba 7.843\/2026 e n\u00ba 7.844\/2026<\/strong>, que preveem a suspens\u00e3o dos prazos de validade dos certames.<\/p>\n\n\n\n<h3 class=\"wp-block-heading\">Regras da suspens\u00e3o:<\/h3>\n\n\n\n<figure class=\"wp-block-table\"><table class=\"has-fixed-layout\"><thead><tr><th>Situa\u00e7\u00e3o<\/th><th>Como funciona<\/th><\/tr><\/thead><tbody><tr><td><strong>Restri\u00e7\u00f5es or\u00e7ament\u00e1rias<\/strong><\/td><td>Os prazos ficam suspensos devido \u00e0s limita\u00e7\u00f5es financeiras dos exerc\u00edcios de 2025 e 2026. A contagem do tempo volta a correr apenas a partir do primeiro dia \u00fatil ap\u00f3s <strong>31 de dezembro de 2026<\/strong><\/td><\/tr><tr><td><strong>Per\u00edodo eleitoral<\/strong><\/td><td>A Lei n\u00ba 7.844\/2026 suspende o prazo para certames homologados durante (ou nos 180 dias anteriores ao fim do mandato do chefe do Poder Executivo), at\u00e9 a posse dos eleitos<\/td><\/tr><tr><td><strong>Nomea\u00e7\u00f5es n\u00e3o est\u00e3o proibidas<\/strong><\/td><td>A suspens\u00e3o da validade <strong>n\u00e3o impede<\/strong> a nomea\u00e7\u00e3o de candidatos. O governo pode continuar convocando os aprovados durante esse per\u00edodo, desde que haja dota\u00e7\u00e3o or\u00e7ament\u00e1ria e interesse p\u00fablico<\/td><\/tr><\/tbody><\/table><\/figure>\n\n\n\n<p>A medida congela o <strong>\u201crel\u00f3gio\u201d dos concursos vigentes<\/strong>, impedindo que eles expirem em um momento de contingenciamento, e preserva o direito dos aprovados de serem chamados no futuro.<\/p>\n\n\n\n<p><strong>Leia tamb\u00e9m: <a href=\"https:\/\/magistrarcursos.com.br\/blog\/concursos-df-projeto-de-lei-propoe-ampliar-prazo-entre-edital-e-prova\/\" data-type=\"link\" data-id=\"https:\/\/magistrarcursos.com.br\/blog\/concursos-df-projeto-de-lei-propoe-ampliar-prazo-entre-edital-e-prova\/\">Concursos DF: Projeto de Lei prop\u00f5e ampliar para 180 dias o prazo entre edital e prova<\/a><\/strong><\/p>\n\n\n\n<figure class=\"wp-block-image size-full\"><a href=\"https:\/\/t.magistrarcursos.com.br\/cerebro-juridico\/?utm_source=blog\" target=\"_blank\" rel=\" noreferrer noopener\"><img fetchpriority=\"high\" decoding=\"async\" width=\"800\" height=\"237\" src=\"https:\/\/magistrarcursos.com.br\/blog\/wp-content\/uploads\/2026\/04\/banner-vitalicia-cerebro.webp\" alt=\"\" class=\"wp-image-34598\" srcset=\"https:\/\/magistrarcursos.com.br\/blog\/wp-content\/uploads\/2026\/04\/banner-vitalicia-cerebro.webp 800w, https:\/\/magistrarcursos.com.br\/blog\/wp-content\/uploads\/2026\/04\/banner-vitalicia-cerebro-300x89.webp 300w, https:\/\/magistrarcursos.com.br\/blog\/wp-content\/uploads\/2026\/04\/banner-vitalicia-cerebro-768x228.webp 768w\" sizes=\"(max-width: 800px) 100vw, 800px\" \/><\/a><\/figure>\n\n\n\n<p><strong><br><\/strong><\/p>\n","protected":false},"excerpt":{"rendered":"<p>Decreto corta at\u00e9 25% de despesas n\u00e3o essenciais, mas governadora afirma que concursos para sa\u00fade, assist\u00eancia social e seguran\u00e7a seguem garantidos<\/p>\n","protected":false},"author":18,"featured_media":35536,"comment_status":"closed","ping_status":"closed","sticky":false,"template":"","format":"standard","meta":{"footnotes":""},"categories":[48],"tags":[],"class_list":["post-35535","post","type-post","status-publish","format-standard","has-post-thumbnail","hentry","category-noticias"],"_links":{"self":[{"href":"https:\/\/magistrarcursos.com.br\/blog\/wp-json\/wp\/v2\/posts\/35535","targetHints":{"allow":["GET"]}}],"collection":[{"href":"https:\/\/magistrarcursos.com.br\/blog\/wp-json\/wp\/v2\/posts"}],"about":[{"href":"https:\/\/magistrarcursos.com.br\/blog\/wp-json\/wp\/v2\/types\/post"}],"author":[{"embeddable":true,"href":"https:\/\/magistrarcursos.com.br\/blog\/wp-json\/wp\/v2\/users\/18"}],"replies":[{"embeddable":true,"href":"https:\/\/magistrarcursos.com.br\/blog\/wp-json\/wp\/v2\/comments?post=35535"}],"version-history":[{"count":3,"href":"https:\/\/magistrarcursos.com.br\/blog\/wp-json\/wp\/v2\/posts\/35535\/revisions"}],"predecessor-version":[{"id":35544,"href":"https:\/\/magistrarcursos.com.br\/blog\/wp-json\/wp\/v2\/posts\/35535\/revisions\/35544"}],"wp:featuredmedia":[{"embeddable":true,"href":"https:\/\/magistrarcursos.com.br\/blog\/wp-json\/wp\/v2\/media\/35536"}],"wp:attachment":[{"href":"https:\/\/magistrarcursos.com.br\/blog\/wp-json\/wp\/v2\/media?parent=35535"}],"wp:term":[{"taxonomy":"category","embeddable":true,"href":"https:\/\/magistrarcursos.com.br\/blog\/wp-json\/wp\/v2\/categories?post=35535"},{"taxonomy":"post_tag","embeddable":true,"href":"https:\/\/magistrarcursos.com.br\/blog\/wp-json\/wp\/v2\/tags?post=35535"}],"curies":[{"name":"wp","href":"https:\/\/api.w.org\/{rel}","templated":true}]}}