{"id":35556,"date":"2026-04-27T15:09:20","date_gmt":"2026-04-27T18:09:20","guid":{"rendered":"https:\/\/magistrarcursos.com.br\/blog\/?p=35556"},"modified":"2026-04-27T15:21:16","modified_gmt":"2026-04-27T18:21:16","slug":"concurso-policia-legislativa-federal-registra-5148-de-abstencao-nas-provas-objetivas-e-discursivas","status":"publish","type":"post","link":"https:\/\/magistrarcursos.com.br\/blog\/concurso-policia-legislativa-federal-registra-5148-de-abstencao-nas-provas-objetivas-e-discursivas\/","title":{"rendered":"Concurso Pol\u00edcia Legislativa Federal tem mais da metade dos candidatos ausentes"},"content":{"rendered":"\n<p>O <strong><a href=\"https:\/\/magistrarcursos.com.br\/blog\/concurso-policia-legislativa\/\" target=\"_blank\" rel=\"noreferrer noopener\">concurso da Pol\u00edcia Legislativa Federal da C\u00e2mara dos Deputados<\/a><\/strong>, realizado no domingo, 26 de abril de 2026, foi marcado por um elevado \u00edndice de absten\u00e7\u00e3o. De acordo com dados divulgados pelo Cebraspe, <strong>51,48% dos candidatos inscritos n\u00e3o compareceram<\/strong> \u00e0s provas objetivas e discursivas.<\/p>\n\n\n\n<p>Ao todo, o certame contou com <strong>31.829 inscritos<\/strong>, o que indica que aproximadamente <strong>16,3 mil candidatos faltaram<\/strong>, enquanto pouco mais de 15 mil candidatos compareceram.<\/p>\n\n\n\n<p>Mesmo com o alto \u00edndice de faltas, o concurso segue com oferta atrativa.<\/p>\n\n\n\n<figure class=\"wp-block-image size-full\"><a href=\"https:\/\/t.magistrarcursos.com.br\/lp\/prf-2026\/?utm_source=blog&amp;utm_medium=banner&amp;utm_campaign=prf\" target=\"_blank\" rel=\" noreferrer noopener\"><img fetchpriority=\"high\" decoding=\"async\" width=\"730\" height=\"200\" src=\"https:\/\/magistrarcursos.com.br\/blog\/wp-content\/uploads\/2026\/04\/aula-como-passar-prf.webp\" alt=\"\" class=\"wp-image-34391\" srcset=\"https:\/\/magistrarcursos.com.br\/blog\/wp-content\/uploads\/2026\/04\/aula-como-passar-prf.webp 730w, https:\/\/magistrarcursos.com.br\/blog\/wp-content\/uploads\/2026\/04\/aula-como-passar-prf-300x82.webp 300w\" sizes=\"(max-width: 730px) 100vw, 730px\" \/><\/a><\/figure>\n\n\n\n<h2 class=\"wp-block-heading\">Concurso oferece 40 vagas e alta remunera\u00e7\u00e3o<\/h2>\n\n\n\n<p>A sele\u00e7\u00e3o \u00e9 destinada ao cargo de <strong>Policial Legislativo Federal<\/strong>, com oferta de <strong>40 vagas imediatas<\/strong>, al\u00e9m de cadastro de reserva. O sal\u00e1rio inicial \u00e9 de <strong>R$ 21.328,08<\/strong>, valor que j\u00e1 inclui o adicional de periculosidade.<\/p>\n\n\n\n<p>Organizado pelo Cebraspe, o concurso exige <strong>n\u00edvel superior em qualquer \u00e1rea<\/strong> e CNH categoria \u201cB\u201d, com lota\u00e7\u00e3o exclusiva em Bras\u00edlia\/DF.<\/p>\n\n\n\n<p><strong>Veja tamb\u00e9m:<\/strong> <strong><a href=\"https:\/\/magistrarcursos.com.br\/blog\/concursos-policiais-na-reta-final-de-abril-de-2026-editais-podem-sair-a-qualquer-momento\/\" target=\"_blank\" rel=\"noreferrer noopener\">Concursos policiais na reta final de abril de 2026: editais podem sair a qualquer momento<\/a><\/strong><\/p>\n\n\n\n<h2 class=\"wp-block-heading\">Estrutura das provas aplicadas<\/h2>\n\n\n\n<p>As avalia\u00e7\u00f5es realizadas no domingo foram compostas por:<\/p>\n\n\n\n<ul class=\"wp-block-list\">\n<li><strong>Prova objetiva<\/strong>: 180 itens no modelo \u201ccerto ou errado\u201d, divididos entre conhecimentos gerais e espec\u00edficos<\/li>\n\n\n\n<li><strong>Prova discursiva<\/strong>: composta por duas quest\u00f5es e uma pe\u00e7a t\u00e9cnica, totalizando 60 pontos<\/li>\n<\/ul>\n\n\n\n<p>Essa etapa \u00e9 considerada uma das mais decisivas do certame, j\u00e1 que possui car\u00e1ter eliminat\u00f3rio e classificat\u00f3rio.<\/p>\n\n\n\n<p><strong>Veja tamb\u00e9m:<\/strong> <strong><a href=\"https:\/\/magistrarcursos.com.br\/blog\/concursos-policiais\/\" target=\"_blank\" rel=\"noreferrer noopener\">Concursos Policiais 2026: Pol\u00edcia Civil, Militar e Penal<\/a><\/strong><\/p>\n\n\n\n<h2 class=\"wp-block-heading\">Pr\u00f3ximas etapas do concurso<\/h2>\n\n\n\n<p>Os candidatos aprovados nas provas escritas ainda passar\u00e3o por diversas fases, incluindo:<\/p>\n\n\n\n<ul class=\"wp-block-list\">\n<li>Teste de Aptid\u00e3o F\u00edsica (TAF)<\/li>\n\n\n\n<li>Investiga\u00e7\u00e3o social<\/li>\n\n\n\n<li>Avalia\u00e7\u00f5es psicol\u00f3gicas e de sa\u00fade<\/li>\n\n\n\n<li>Curso de forma\u00e7\u00e3o profissional<\/li>\n<\/ul>\n\n\n\n<h2 class=\"wp-block-heading\">Alta concorr\u00eancia permanece mesmo com absten\u00e7\u00e3o elevada<\/h2>\n\n\n\n<p>O<strong> \u00edndice de absten\u00e7\u00e3o acima de 50% <\/strong>chama aten\u00e7\u00e3o, mas n\u00e3o \u00e9 incomum em concursos organizados pelo Cebraspe, especialmente em sele\u00e7\u00f5es de alta exig\u00eancia e com grande volume de inscritos.<\/p>\n\n\n\n<p>Na pr\u00e1tica, o alto n\u00famero de faltosos tende a reduzir a concorr\u00eancia efetiva, o que pode impactar diretamente a nota de corte e o desempenho dos candidatos que compareceram \u00e0s provas. <\/p>\n\n\n\n<p>A expectativa agora \u00e9 pela divulga\u00e7\u00e3o dos gabaritos preliminares e abertura do prazo para recursos, conforme cronograma da banca.<\/p>\n\n\n\n<p><\/p>\n","protected":false},"excerpt":{"rendered":"<p>\u00cdndice elevado de faltosos marcou a aplica\u00e7\u00e3o das provas no \u00faltimo domingo (26); concurso oferece 40 vagas com sal\u00e1rio de R$ 21,3 mil<\/p>\n","protected":false},"author":16,"featured_media":30688,"comment_status":"closed","ping_status":"closed","sticky":false,"template":"","format":"standard","meta":{"footnotes":""},"categories":[48,107],"tags":[],"class_list":["post-35556","post","type-post","status-publish","format-standard","has-post-thumbnail","hentry","category-noticias","category-policias"],"_links":{"self":[{"href":"https:\/\/magistrarcursos.com.br\/blog\/wp-json\/wp\/v2\/posts\/35556","targetHints":{"allow":["GET"]}}],"collection":[{"href":"https:\/\/magistrarcursos.com.br\/blog\/wp-json\/wp\/v2\/posts"}],"about":[{"href":"https:\/\/magistrarcursos.com.br\/blog\/wp-json\/wp\/v2\/types\/post"}],"author":[{"embeddable":true,"href":"https:\/\/magistrarcursos.com.br\/blog\/wp-json\/wp\/v2\/users\/16"}],"replies":[{"embeddable":true,"href":"https:\/\/magistrarcursos.com.br\/blog\/wp-json\/wp\/v2\/comments?post=35556"}],"version-history":[{"count":11,"href":"https:\/\/magistrarcursos.com.br\/blog\/wp-json\/wp\/v2\/posts\/35556\/revisions"}],"predecessor-version":[{"id":35582,"href":"https:\/\/magistrarcursos.com.br\/blog\/wp-json\/wp\/v2\/posts\/35556\/revisions\/35582"}],"wp:featuredmedia":[{"embeddable":true,"href":"https:\/\/magistrarcursos.com.br\/blog\/wp-json\/wp\/v2\/media\/30688"}],"wp:attachment":[{"href":"https:\/\/magistrarcursos.com.br\/blog\/wp-json\/wp\/v2\/media?parent=35556"}],"wp:term":[{"taxonomy":"category","embeddable":true,"href":"https:\/\/magistrarcursos.com.br\/blog\/wp-json\/wp\/v2\/categories?post=35556"},{"taxonomy":"post_tag","embeddable":true,"href":"https:\/\/magistrarcursos.com.br\/blog\/wp-json\/wp\/v2\/tags?post=35556"}],"curies":[{"name":"wp","href":"https:\/\/api.w.org\/{rel}","templated":true}]}}