{"id":35573,"date":"2026-04-27T14:58:00","date_gmt":"2026-04-27T17:58:00","guid":{"rendered":"https:\/\/magistrarcursos.com.br\/blog\/?p=35573"},"modified":"2026-04-27T14:58:00","modified_gmt":"2026-04-27T17:58:00","slug":"concurso-dpe-ba-defensor-prova-objetiva-registra-23-51-de-abstencao","status":"publish","type":"post","link":"https:\/\/magistrarcursos.com.br\/blog\/concurso-dpe-ba-defensor-prova-objetiva-registra-23-51-de-abstencao\/","title":{"rendered":"Concurso DPE BA Defensor: prova objetiva registra 23,51% de absten\u00e7\u00e3o"},"content":{"rendered":"\n<p>A Defensoria P\u00fablica do Estado da Bahia (DPE BA) concluiu, no \u00faltimo domingo (26 de abril de 2026), a aplica\u00e7\u00e3o da prova objetiva seletiva do IX Concurso para Defensor P\u00fablico. De acordo com informa\u00e7\u00f5es oficiais divulgadas no site da institui\u00e7\u00e3o, o certame registrou <strong>\u00edndice de absten\u00e7\u00e3o de 23,51%<\/strong>, totalizando <strong>1.424 candidatos ausentes<\/strong>.<\/p>\n\n\n\n<p>Ao todo, 6.057 candidatos tiveram suas inscri\u00e7\u00f5es homologadas, mas somente <strong>4.633 compareceram para realizar a prova<\/strong>.<\/p>\n\n\n\n<p>A avalia\u00e7\u00e3o foi aplicada na cidade de Salvador, na Bahia, com dura\u00e7\u00e3o de cinco horas, e possui car\u00e1ter eliminat\u00f3rio e classificat\u00f3rio. O <a href=\"https:\/\/magistrarcursos.com.br\/blog\/concurso-dpe-ba-defensor\/\" target=\"_blank\" rel=\"noreferrer noopener\">concurso DPE BA para Defensor<\/a> oferta <strong>25 vagas imediatas<\/strong>, al\u00e9m de forma\u00e7\u00e3o de cadastro de reserva, com remunera\u00e7\u00e3o inicial de <strong>R$ 29.421,12<\/strong>.<\/p>\n\n\n\n<p><strong>Veja tamb\u00e9m: <\/strong><a href=\"https:\/\/magistrarcursos.com.br\/blog\/concursos-defensoria\/\" target=\"_blank\" rel=\"noreferrer noopener\"><strong>Concursos para Defensor 2026: editais previstos e situa\u00e7\u00e3o dos principais concursos<\/strong><\/a><\/p>\n\n\n\n<h2 class=\"wp-block-heading\">Pr\u00f3ximas etapas<\/h2>\n\n\n\n<p>As pr\u00f3ximas fases do concurso incluem:<\/p>\n\n\n\n<ul class=\"wp-block-list\">\n<li><strong>Publica\u00e7\u00e3o do gabarito: <\/strong>28 de abril de 2026<\/li>\n\n\n\n<li><strong>Resultado da prova objetiva: <\/strong>29 de maio de 2026<\/li>\n\n\n\n<li><strong>Provas discursivas (2\u00aa etapa): <\/strong>27 e 28 de junho de 2026<\/li>\n\n\n\n<li><strong>Resultado das provas discursivas:<\/strong> 31 de julho de 2026<\/li>\n\n\n\n<li><strong>Comiss\u00e3o de Heteroidentifica\u00e7\u00e3o: <\/strong>12 a 15 de setembro de 2026<\/li>\n\n\n\n<li><strong>Convoca\u00e7\u00e3o para prova oral e entrega de t\u00edtulos:<\/strong> 08 de outubro de 2026<\/li>\n<\/ul>\n\n\n\n<figure class=\"wp-block-image size-full\"><a href=\"https:\/\/t.magistrarcursos.com.br\/cerebro-juridico\/?utm_source=blog\" target=\"_blank\" rel=\" noreferrer noopener\"><img fetchpriority=\"high\" decoding=\"async\" width=\"800\" height=\"237\" src=\"https:\/\/magistrarcursos.com.br\/blog\/wp-content\/uploads\/2026\/04\/banner-vitalicia-cerebro.webp\" alt=\"\" class=\"wp-image-34598\" srcset=\"https:\/\/magistrarcursos.com.br\/blog\/wp-content\/uploads\/2026\/04\/banner-vitalicia-cerebro.webp 800w, https:\/\/magistrarcursos.com.br\/blog\/wp-content\/uploads\/2026\/04\/banner-vitalicia-cerebro-300x89.webp 300w, https:\/\/magistrarcursos.com.br\/blog\/wp-content\/uploads\/2026\/04\/banner-vitalicia-cerebro-768x228.webp 768w\" sizes=\"(max-width: 800px) 100vw, 800px\" \/><\/a><\/figure>\n","protected":false},"excerpt":{"rendered":"<p>Primeira etapa do concurso para Defensor foi aplicada neste domingo (26), em Salvador, com mais de 1,4 mil ausentes<\/p>\n","protected":false},"author":13,"featured_media":31316,"comment_status":"closed","ping_status":"closed","sticky":false,"template":"","format":"standard","meta":{"footnotes":""},"categories":[48,106],"tags":[],"class_list":["post-35573","post","type-post","status-publish","format-standard","has-post-thumbnail","hentry","category-noticias","category-defensoria-publica"],"_links":{"self":[{"href":"https:\/\/magistrarcursos.com.br\/blog\/wp-json\/wp\/v2\/posts\/35573","targetHints":{"allow":["GET"]}}],"collection":[{"href":"https:\/\/magistrarcursos.com.br\/blog\/wp-json\/wp\/v2\/posts"}],"about":[{"href":"https:\/\/magistrarcursos.com.br\/blog\/wp-json\/wp\/v2\/types\/post"}],"author":[{"embeddable":true,"href":"https:\/\/magistrarcursos.com.br\/blog\/wp-json\/wp\/v2\/users\/13"}],"replies":[{"embeddable":true,"href":"https:\/\/magistrarcursos.com.br\/blog\/wp-json\/wp\/v2\/comments?post=35573"}],"version-history":[{"count":1,"href":"https:\/\/magistrarcursos.com.br\/blog\/wp-json\/wp\/v2\/posts\/35573\/revisions"}],"predecessor-version":[{"id":35575,"href":"https:\/\/magistrarcursos.com.br\/blog\/wp-json\/wp\/v2\/posts\/35573\/revisions\/35575"}],"wp:featuredmedia":[{"embeddable":true,"href":"https:\/\/magistrarcursos.com.br\/blog\/wp-json\/wp\/v2\/media\/31316"}],"wp:attachment":[{"href":"https:\/\/magistrarcursos.com.br\/blog\/wp-json\/wp\/v2\/media?parent=35573"}],"wp:term":[{"taxonomy":"category","embeddable":true,"href":"https:\/\/magistrarcursos.com.br\/blog\/wp-json\/wp\/v2\/categories?post=35573"},{"taxonomy":"post_tag","embeddable":true,"href":"https:\/\/magistrarcursos.com.br\/blog\/wp-json\/wp\/v2\/tags?post=35573"}],"curies":[{"name":"wp","href":"https:\/\/api.w.org\/{rel}","templated":true}]}}