{"id":35622,"date":"2026-04-28T09:45:11","date_gmt":"2026-04-28T12:45:11","guid":{"rendered":"https:\/\/magistrarcursos.com.br\/blog\/?p=35622"},"modified":"2026-04-28T09:45:11","modified_gmt":"2026-04-28T12:45:11","slug":"governo-federal-realiza-veto-na-unificacao-de-cargos-e-concurso-automatico-para-a-pcdf-entenda","status":"publish","type":"post","link":"https:\/\/magistrarcursos.com.br\/blog\/governo-federal-realiza-veto-na-unificacao-de-cargos-e-concurso-automatico-para-a-pcdf-entenda\/","title":{"rendered":"Governo Federal realiza veto na unifica\u00e7\u00e3o de cargos e concurso autom\u00e1tico para a PCDF; entenda!"},"content":{"rendered":"\n<p>O Di\u00e1rio Oficial da Uni\u00e3o desta ter\u00e7a-feira (28\/4) trouxe um cap\u00edtulo importante para quem acompanha os <strong><a href=\"https:\/\/magistrarcursos.com.br\/blog\/concurso-policia-civil-df\/\" data-type=\"link\" data-id=\"https:\/\/magistrarcursos.com.br\/blog\/concurso-policia-civil-df\/\">concursos da Pol\u00edcia Civil do Distrito Federal (PCDF)<\/a><\/strong>. O presidente da Rep\u00fablica <strong><a href=\"https:\/\/in.gov.br\/en\/web\/dou\/-\/despachos-do-presidente-da-republica-702049595\" data-type=\"link\" data-id=\"https:\/\/in.gov.br\/en\/web\/dou\/-\/despachos-do-presidente-da-republica-702049595\" target=\"_blank\" rel=\"noopener\">vetou parcialmente o Projeto de Lei de Convers\u00e3o n\u00ba 2\/2026<\/a><\/strong>, oriundo da Medida Provis\u00f3ria n\u00ba 1.326\/2025, que tratava do reajuste remunerat\u00f3rio das for\u00e7as de seguran\u00e7a do DF e de ex-territ\u00f3rios federais.<\/p>\n\n\n\n<p>Embora o aumento salarial tenha sido mantido, dispositivos que prometiam revolucionar a estrutura de carreiras e a periodicidade de novos certames foram barrados. As principais justificativas foram <strong>inconstitucionalidade<\/strong>, <strong>viola\u00e7\u00e3o \u00e0 separa\u00e7\u00e3o dos poderes<\/strong> e <strong>falta de estimativa de impacto or\u00e7ament\u00e1rio-financeiro<\/strong>, conforme o artigo 113 do Ato das Disposi\u00e7\u00f5es Constitucionais Transit\u00f3rias (ADCT).<\/p>\n\n\n\n<h2 class=\"wp-block-heading\">Veto \u00e0 unifica\u00e7\u00e3o de cargos: fim do &#8220;Oficial Investigador&#8221;?<\/h2>\n\n\n\n<p>Um dos pontos mais aguardados pela categoria era a transforma\u00e7\u00e3o dos cargos de <strong>Agente de Pol\u00edcia<\/strong>, <strong>Escriv\u00e3o de Pol\u00edcia<\/strong> e <strong>Agente Policial de Cust\u00f3dia<\/strong> em um \u00fanico cargo denominado <strong>Oficial Investigador de Pol\u00edcia<\/strong>.<\/p>\n\n\n\n<p><strong>O veto<\/strong>: O presidente barrou integralmente essa unifica\u00e7\u00e3o.<\/p>\n\n\n\n<p><strong>A justificativa do governo<\/strong>: Segundo o despacho, a medida aglutinaria cargos com atribui\u00e7\u00f5es distintas, requisitos de ingresso diferentes e sem compatibilidade funcional. Isso violaria o <strong>artigo 37, inciso II, da Constitui\u00e7\u00e3o<\/strong> (que exige concurso p\u00fablico para cada cargo) e a <strong>S\u00famula Vinculante n\u00ba 43 do STF<\/strong>, que pro\u00edbe o aproveitamento de servidores em cargos n\u00e3o previstos em lei.<\/p>\n\n\n\n<p>Al\u00e9m disso, faltou a estimativa de impacto or\u00e7ament\u00e1rio, o que torna a proposta invi\u00e1vel dentro da Lei de Responsabilidade Fiscal.<\/p>\n\n\n\n<blockquote class=\"wp-block-quote is-layout-flow wp-block-quote-is-layout-flow\">\n<p><strong>Na pr\u00e1tica<\/strong>: Os cargos de Agente, Escriv\u00e3o e Agente de Cust\u00f3dia permanecem separados, cada um com seu pr\u00f3prio edital e requisitos. Quem estuda para um deles n\u00e3o ter\u00e1 aproveitamento autom\u00e1tico no outro.<\/p>\n<\/blockquote>\n\n\n\n<p><strong>Leia tamb\u00e9m:<a href=\"https:\/\/magistrarcursos.com.br\/blog\/concurso-pcdf-orcamento-preve-contratacao-de-banca-e-reforca-avanco-para-novos-editais-em-2026\/\" data-type=\"link\" data-id=\"https:\/\/magistrarcursos.com.br\/blog\/concurso-pcdf-orcamento-preve-contratacao-de-banca-e-reforca-avanco-para-novos-editais-em-2026\/\"> Concurso PCDF: or\u00e7amento prev\u00ea contrata\u00e7\u00e3o de banca e refor\u00e7a avan\u00e7o para novos editais em 2026<\/a><\/strong><\/p>\n\n\n\n<figure class=\"wp-block-image aligncenter size-full\"><img fetchpriority=\"high\" decoding=\"async\" width=\"730\" height=\"200\" src=\"https:\/\/magistrarcursos.com.br\/blog\/wp-content\/uploads\/2026\/04\/aula-como-passar-prf.webp\" alt=\"\" class=\"wp-image-34391\" srcset=\"https:\/\/magistrarcursos.com.br\/blog\/wp-content\/uploads\/2026\/04\/aula-como-passar-prf.webp 730w, https:\/\/magistrarcursos.com.br\/blog\/wp-content\/uploads\/2026\/04\/aula-como-passar-prf-300x82.webp 300w\" sizes=\"(max-width: 730px) 100vw, 730px\" \/><\/figure>\n\n\n\n<h2 class=\"wp-block-heading\">Concurso PCDF &#8220;autom\u00e1tico&#8221; barrado<\/h2>\n\n\n\n<p>O texto original previa uma regra que animou muitos concurseiros: a <strong>autoriza\u00e7\u00e3o autom\u00e1tica para novo concurso p\u00fablico<\/strong> da PCDF sempre que a vac\u00e2ncia de um cargo atingisse <strong>30%<\/strong>.<\/p>\n\n\n\n<p><strong>Por que foi vetado?<\/strong><br>O governo entendeu que o mecanismo retira a <strong>discricionariedade administrativa<\/strong> do Poder Executivo. Em outras palavras, o gestor p\u00fablico perde o poder de decidir quando e como realizar certames com base no planejamento estrat\u00e9gico e na disponibilidade or\u00e7ament\u00e1ria.<\/p>\n\n\n\n<p>O veto tamb\u00e9m mencionou viola\u00e7\u00e3o ao <strong>princ\u00edpio da separa\u00e7\u00e3o dos poderes (artigo 2\u00ba da Constitui\u00e7\u00e3o)<\/strong>, pois o Legislativo estaria interferindo em mat\u00e9ria t\u00edpica de gest\u00e3o do Executivo.<\/p>\n\n\n\n<blockquote class=\"wp-block-quote is-layout-flow wp-block-quote-is-layout-flow\">\n<p><strong>Consequ\u00eancia<\/strong>: A decis\u00e3o sobre quando abrir concurso para a PCDF continua sendo exclusiva do Governo do Distrito Federal, sem gatilhos autom\u00e1ticos definidos em lei federal.<\/p>\n<\/blockquote>\n\n\n\n<h2 class=\"wp-block-heading\">Gratifica\u00e7\u00f5es e o regime de subs\u00eddio em parcela \u00fanica<\/h2>\n\n\n\n<p>Outras expectativas frustradas vieram na tentativa de criar novas vantagens pecuni\u00e1rias:<\/p>\n\n\n\n<ul class=\"wp-block-list\">\n<li><strong>Gratifica\u00e7\u00e3o de Desempenho<\/strong>: seria concedida pelo GDF com crit\u00e9rios pr\u00f3prios.<\/li>\n\n\n\n<li><strong>Indeniza\u00e7\u00e3o por desgastes org\u00e2nicos<\/strong>: visava compensar danos psicossom\u00e1ticos acumulados na atividade policial.<\/li>\n<\/ul>\n\n\n\n<p><strong>O entrave<\/strong>: O governo vetou ambas por serem <strong>incompat\u00edveis com o regime de subs\u00eddio em parcela \u00fanica<\/strong>, j\u00e1 consolidado para a PCDF (Lei n\u00ba 11.361\/2006). A cria\u00e7\u00e3o de novos &#8220;penduricalhos&#8221; permanentes foi considerada ilegal, al\u00e9m de n\u00e3o apresentar a devida previs\u00e3o de impacto financeiro.<\/p>\n\n\n\n<p>O veto ainda citou precedentes do STF (ADI 6.606\/MG e Reclama\u00e7\u00e3o 88.319\/SP) que vedam a cria\u00e7\u00e3o de indeniza\u00e7\u00f5es com natureza remunerat\u00f3ria disfar\u00e7ada.<\/p>\n\n\n\n<h2 class=\"wp-block-heading\">Outros vetos que afetam a seguran\u00e7a p\u00fablica do DF<\/h2>\n\n\n\n<p>O presidente tamb\u00e9m barrou dispositivos que:<\/p>\n\n\n\n<ul class=\"wp-block-list\">\n<li><strong>Permitiam promo\u00e7\u00e3o autom\u00e1tica<\/strong> de policiais e bombeiros militares ao completarem requisitos para inatividade, por falta de impacto or\u00e7ament\u00e1rio;<\/li>\n\n\n\n<li><strong>Criavam uma revis\u00e3o administrativa geral<\/strong> de licenciamentos e demiss\u00f5es ocorridos entre 1988 e 1997, afastando prescri\u00e7\u00e3o e decad\u00eancia \u2014 considerado uma afronta \u00e0 seguran\u00e7a jur\u00eddica;<\/li>\n\n\n\n<li><strong>Vinculavam a remunera\u00e7\u00e3o da PCDF a carreiras cong\u00eaneres<\/strong> de ex-territ\u00f3rios, o que viola a veda\u00e7\u00e3o constitucional de equipara\u00e7\u00e3o salarial (art. 37, XIII);<\/li>\n\n\n\n<li><strong>Reintegravam ex-servidores de ex-territ\u00f3rios<\/strong> ao quadro da administra\u00e7\u00e3o p\u00fablica federal, sem concurso p\u00fablico.<\/li>\n<\/ul>\n\n\n\n<h2 class=\"wp-block-heading\">O que muda para quem estuda para a PCDF?<\/h2>\n\n\n\n<p>Segundo especialistas ouvidos pelo blog, os vetos trazem <strong>mais previsibilidade jur\u00eddica<\/strong> para os pr\u00f3ximos editais, mas tamb\u00e9m <strong>menos automatismos<\/strong>:<\/p>\n\n\n\n<p><strong>Ponto positivo<\/strong>: A estrutura atual de cargos (Agente, Escriv\u00e3o, Perito, Papiloscopista, M\u00e9dico-Legista e Investigador \u2014 este j\u00e1 existente) permanece est\u00e1vel, sem fus\u00f5es que poderiam gerar inseguran\u00e7a sobre atribui\u00e7\u00f5es.<\/p>\n\n\n\n<p><strong>Aten\u00e7\u00e3o<\/strong>: N\u00e3o h\u00e1 mais a expectativa de concurso autom\u00e1tico a cada 30% de vac\u00e2ncia. O candidato deve acompanhar as autoriza\u00e7\u00f5es do GDF, que seguem a crit\u00e9rio da administra\u00e7\u00e3o.<\/p>\n\n\n\n<p><strong>Remunera\u00e7\u00e3o<\/strong>: O subs\u00eddio em parcela \u00fanica foi mantido, sem novas gratifica\u00e7\u00f5es permanentes. Isso significa que o planejamento financeiro do concurseiro pode se basear nos valores j\u00e1 divulgados, sem surpresas.<\/p>\n\n\n\n<p><\/p>\n","protected":false},"excerpt":{"rendered":"<p>Medida Provis\u00f3ria que reajustou sal\u00e1rios das for\u00e7as de seguran\u00e7a do DF teve dispositivos barrados por inconstitucionalidade e falta de previs\u00e3o or\u00e7ament\u00e1ria<\/p>\n","protected":false},"author":18,"featured_media":28538,"comment_status":"closed","ping_status":"closed","sticky":false,"template":"","format":"standard","meta":{"footnotes":""},"categories":[48,107],"tags":[],"class_list":["post-35622","post","type-post","status-publish","format-standard","has-post-thumbnail","hentry","category-noticias","category-policias"],"_links":{"self":[{"href":"https:\/\/magistrarcursos.com.br\/blog\/wp-json\/wp\/v2\/posts\/35622","targetHints":{"allow":["GET"]}}],"collection":[{"href":"https:\/\/magistrarcursos.com.br\/blog\/wp-json\/wp\/v2\/posts"}],"about":[{"href":"https:\/\/magistrarcursos.com.br\/blog\/wp-json\/wp\/v2\/types\/post"}],"author":[{"embeddable":true,"href":"https:\/\/magistrarcursos.com.br\/blog\/wp-json\/wp\/v2\/users\/18"}],"replies":[{"embeddable":true,"href":"https:\/\/magistrarcursos.com.br\/blog\/wp-json\/wp\/v2\/comments?post=35622"}],"version-history":[{"count":1,"href":"https:\/\/magistrarcursos.com.br\/blog\/wp-json\/wp\/v2\/posts\/35622\/revisions"}],"predecessor-version":[{"id":35623,"href":"https:\/\/magistrarcursos.com.br\/blog\/wp-json\/wp\/v2\/posts\/35622\/revisions\/35623"}],"wp:featuredmedia":[{"embeddable":true,"href":"https:\/\/magistrarcursos.com.br\/blog\/wp-json\/wp\/v2\/media\/28538"}],"wp:attachment":[{"href":"https:\/\/magistrarcursos.com.br\/blog\/wp-json\/wp\/v2\/media?parent=35622"}],"wp:term":[{"taxonomy":"category","embeddable":true,"href":"https:\/\/magistrarcursos.com.br\/blog\/wp-json\/wp\/v2\/categories?post=35622"},{"taxonomy":"post_tag","embeddable":true,"href":"https:\/\/magistrarcursos.com.br\/blog\/wp-json\/wp\/v2\/tags?post=35622"}],"curies":[{"name":"wp","href":"https:\/\/api.w.org\/{rel}","templated":true}]}}