{"id":35697,"date":"2026-04-28T16:08:26","date_gmt":"2026-04-28T19:08:26","guid":{"rendered":"https:\/\/magistrarcursos.com.br\/blog\/?p=35697"},"modified":"2026-04-28T16:08:26","modified_gmt":"2026-04-28T19:08:26","slug":"mpf-recomenda-nova-avaliacao-em-concurso-da-policia-federal-apos-falhas-em-laudos","status":"publish","type":"post","link":"https:\/\/magistrarcursos.com.br\/blog\/mpf-recomenda-nova-avaliacao-em-concurso-da-policia-federal-apos-falhas-em-laudos\/","title":{"rendered":"MPF recomenda nova avalia\u00e7\u00e3o em concurso da Pol\u00edcia Federal ap\u00f3s falhas em laudos"},"content":{"rendered":"\n<p>O <strong>Minist\u00e9rio P\u00fablico Federal (MPF)<\/strong> recomendou a realiza\u00e7\u00e3o de novas avalia\u00e7\u00f5es biopsicossociais para candidatos com defici\u00eancia no concurso da <strong><a href=\"https:\/\/magistrarcursos.com.br\/blog\/concurso-policia-federal\/\" target=\"_blank\" rel=\"noreferrer noopener\">Pol\u00edcia Federal 2025<\/a><\/strong>, ap\u00f3s a identifica\u00e7\u00e3o de irregularidades no processo.<\/p>\n\n\n\n<p>A medida foi direcionada ao Cebraspe, banca organizadora, e \u00e0 Coordena\u00e7\u00e3o de Recrutamento e Sele\u00e7\u00e3o da PF, diante de falhas em laudos de inaptid\u00e3o considerados padronizados e gen\u00e9ricos.<\/p>\n\n\n\n<figure class=\"wp-block-image size-full\"><a href=\"https:\/\/t.magistrarcursos.com.br\/lp\/prf-2026\/?utm_source=blog&amp;utm_medium=banner&amp;utm_campaign=prf\" target=\"_blank\" rel=\" noreferrer noopener\"><img fetchpriority=\"high\" decoding=\"async\" width=\"730\" height=\"200\" src=\"https:\/\/magistrarcursos.com.br\/blog\/wp-content\/uploads\/2026\/04\/aula-como-passar-prf.webp\" alt=\"\" class=\"wp-image-34391\" srcset=\"https:\/\/magistrarcursos.com.br\/blog\/wp-content\/uploads\/2026\/04\/aula-como-passar-prf.webp 730w, https:\/\/magistrarcursos.com.br\/blog\/wp-content\/uploads\/2026\/04\/aula-como-passar-prf-300x82.webp 300w\" sizes=\"(max-width: 730px) 100vw, 730px\" \/><\/a><\/figure>\n\n\n\n<h2 class=\"wp-block-heading\">Entenda a recomenda\u00e7\u00e3o do MPF no concurso da Pol\u00edcia Federal<\/h2>\n\n\n\n<p>A recomenda\u00e7\u00e3o foi motivada por uma investiga\u00e7\u00e3o conduzida pela Procuradoria da Rep\u00fablica em Sergipe, iniciada ap\u00f3s den\u00fancias de candidatos eliminados na etapa de avalia\u00e7\u00e3o biopsicossocial da Pol\u00edcia Federal. Segundo o MPF, os laudos apresentados n\u00e3o traziam justificativas individualizadas, utilizando textos id\u00eanticos para diferentes candidatos.<\/p>\n\n\n\n<p>De acordo com o \u00f3rg\u00e3o, essa pr\u00e1tica impede que o candidato compreenda os motivos reais da elimina\u00e7\u00e3o, comprometendo o direito ao contradit\u00f3rio e \u00e0 ampla defesa.<\/p>\n\n\n\n<p><strong>Veja tamb\u00e9m:<\/strong>&nbsp;<strong><a href=\"https:\/\/magistrarcursos.com.br\/blog\/concursos-policiais-na-reta-final-de-abril-de-2026-editais-podem-sair-a-qualquer-momento\/\" target=\"_blank\" rel=\"noreferrer noopener\">Concursos policiais na reta final de abril de 2026: editais podem sair a qualquer momento<\/a><\/strong><\/p>\n\n\n\n<h2 class=\"wp-block-heading\">Irregularidades em laudos do concurso da Pol\u00edcia Federal<\/h2>\n\n\n\n<p>Durante a apura\u00e7\u00e3o, o MPF constatou que o Cebraspe, banca do <strong>concurso da Pol\u00edcia Federal 2025<\/strong>, fornecia respostas gen\u00e9ricas, limitando-se a afirmar que a condi\u00e7\u00e3o cl\u00ednica do candidato n\u00e3o gerava limita\u00e7\u00f5es significativas, sem detalhar a an\u00e1lise espec\u00edfica de cada caso.<\/p>\n\n\n\n<p>Outro ponto destacado \u00e9 que explica\u00e7\u00f5es individualizadas s\u00f3 eram apresentadas ap\u00f3s a interposi\u00e7\u00e3o de recursos. Para o MPF, isso n\u00e3o corrige a falha inicial, j\u00e1 que o direito de recorrer depende do conhecimento pr\u00e9vio das raz\u00f5es que levaram \u00e0 elimina\u00e7\u00e3o.<\/p>\n\n\n\n<p>A procuradora da Rep\u00fablica Martha Figueiredo ressaltou que a reserva de vagas para pessoas com defici\u00eancia \u00e9 garantida pela Constitui\u00e7\u00e3o e exige avalia\u00e7\u00e3o criteriosa:<\/p>\n\n\n\n<blockquote class=\"wp-block-quote is-layout-flow wp-block-quote-is-layout-flow\">\n<p>\u201cA exclus\u00e3o desses candidatos exige motiva\u00e7\u00e3o adequada e compat\u00edvel com a legisla\u00e7\u00e3o. Laudos com fundamenta\u00e7\u00e3o padronizada configuram v\u00edcio de motiva\u00e7\u00e3o e contrariam a necessidade de an\u00e1lise individualizada\u201d, declarou a procuradora.<\/p>\n<\/blockquote>\n\n\n\n<p><strong>Veja tamb\u00e9m:<\/strong>&nbsp;<strong><a href=\"https:\/\/magistrarcursos.com.br\/blog\/concursos-policiais\/\" target=\"_blank\" rel=\"noreferrer noopener\">Concursos Policiais 2026: Pol\u00edcia Civil, Militar e Penal<\/a><\/strong><\/p>\n\n\n\n<h2 class=\"wp-block-heading\">Quais medidas foram recomendadas pelo MPF<\/h2>\n\n\n\n<p>O MPF orientou que o Cebraspe e a Pol\u00edcia Federal adotem uma s\u00e9rie de medidas corretivas:<\/p>\n\n\n\n<ul class=\"wp-block-list\">\n<li>Realizar novas avalia\u00e7\u00f5es biopsicossociais para candidatos prejudicados;<\/li>\n\n\n\n<li>Emitir laudos com fundamenta\u00e7\u00e3o individualizada;<\/li>\n\n\n\n<li>Abrir novo prazo para apresenta\u00e7\u00e3o de recursos;<\/li>\n\n\n\n<li>Divulgar cronograma detalhado com as etapas das medidas corretivas.<\/li>\n<\/ul>\n\n\n\n<p><strong>Veja tamb\u00e9m:&nbsp;<a href=\"https:\/\/magistrarcursos.com.br\/blog\/concursos-guarda-municipal-gcm\/\" target=\"_blank\" rel=\"noreferrer noopener\">Concursos para Guarda Civil Municipal (GCM) com inscri\u00e7\u00f5es abertas ou previstos para 2026<\/a><\/strong><\/p>\n\n\n\n<h2 class=\"wp-block-heading\">Prazo e poss\u00edveis desdobramentos<\/h2>\n\n\n\n<p>As institui\u00e7\u00f5es t\u00eam o <strong>prazo de 20 dias<\/strong> para informar se acatar\u00e3o a recomenda\u00e7\u00e3o e quais provid\u00eancias ser\u00e3o adotadas. Caso n\u00e3o haja cumprimento, o MPF poder\u00e1 ingressar com medidas judiciais.<\/p>\n\n\n\n<p>O caso acende um alerta para a condu\u00e7\u00e3o de etapas sens\u00edveis em concursos p\u00fablicos, especialmente aquelas que envolvem avalia\u00e7\u00e3o de candidatos com defici\u00eancia, refor\u00e7ando a exig\u00eancia de crit\u00e9rios transparentes e decis\u00f5es devidamente fundamentadas.<\/p>\n\n\n\n<p><\/p>\n","protected":false},"excerpt":{"rendered":"<p>\u00d3rg\u00e3o aponta irregularidades em laudos do Cebraspe e pede reavalia\u00e7\u00e3o biopsicossocial com an\u00e1lise individualizada dos candidatos<\/p>\n","protected":false},"author":16,"featured_media":28530,"comment_status":"closed","ping_status":"closed","sticky":false,"template":"","format":"standard","meta":{"footnotes":""},"categories":[48,107],"tags":[],"class_list":["post-35697","post","type-post","status-publish","format-standard","has-post-thumbnail","hentry","category-noticias","category-policias"],"_links":{"self":[{"href":"https:\/\/magistrarcursos.com.br\/blog\/wp-json\/wp\/v2\/posts\/35697","targetHints":{"allow":["GET"]}}],"collection":[{"href":"https:\/\/magistrarcursos.com.br\/blog\/wp-json\/wp\/v2\/posts"}],"about":[{"href":"https:\/\/magistrarcursos.com.br\/blog\/wp-json\/wp\/v2\/types\/post"}],"author":[{"embeddable":true,"href":"https:\/\/magistrarcursos.com.br\/blog\/wp-json\/wp\/v2\/users\/16"}],"replies":[{"embeddable":true,"href":"https:\/\/magistrarcursos.com.br\/blog\/wp-json\/wp\/v2\/comments?post=35697"}],"version-history":[{"count":10,"href":"https:\/\/magistrarcursos.com.br\/blog\/wp-json\/wp\/v2\/posts\/35697\/revisions"}],"predecessor-version":[{"id":35713,"href":"https:\/\/magistrarcursos.com.br\/blog\/wp-json\/wp\/v2\/posts\/35697\/revisions\/35713"}],"wp:featuredmedia":[{"embeddable":true,"href":"https:\/\/magistrarcursos.com.br\/blog\/wp-json\/wp\/v2\/media\/28530"}],"wp:attachment":[{"href":"https:\/\/magistrarcursos.com.br\/blog\/wp-json\/wp\/v2\/media?parent=35697"}],"wp:term":[{"taxonomy":"category","embeddable":true,"href":"https:\/\/magistrarcursos.com.br\/blog\/wp-json\/wp\/v2\/categories?post=35697"},{"taxonomy":"post_tag","embeddable":true,"href":"https:\/\/magistrarcursos.com.br\/blog\/wp-json\/wp\/v2\/tags?post=35697"}],"curies":[{"name":"wp","href":"https:\/\/api.w.org\/{rel}","templated":true}]}}