{"id":35717,"date":"2026-04-28T16:53:36","date_gmt":"2026-04-28T19:53:36","guid":{"rendered":"https:\/\/magistrarcursos.com.br\/blog\/?p=35717"},"modified":"2026-04-28T16:53:36","modified_gmt":"2026-04-28T19:53:36","slug":"concurso-pm-pi-edital-previsto-para-junho-governo-promove-mais-de-150-policiais-civis","status":"publish","type":"post","link":"https:\/\/magistrarcursos.com.br\/blog\/concurso-pm-pi-edital-previsto-para-junho-governo-promove-mais-de-150-policiais-civis\/","title":{"rendered":"Concurso PM PI: edital previsto para junho; governo promove mais de 150 policiais civis"},"content":{"rendered":"\n<p>O governador do Piau\u00ed, Rafael Fonteles, anunciou nesta ter\u00e7a-feira (28) a realiza\u00e7\u00e3o de um <strong><a href=\"https:\/\/magistrarcursos.com.br\/blog\/concurso-pm-pi\/\" target=\"_blank\" rel=\"noreferrer noopener\">novo concurso p\u00fablico para a Pol\u00edcia Militar do estado (PM PI)<\/a><\/strong>. De acordo com o chefe do Executivo, o <strong>edital est\u00e1 previsto para ser publicado em junho de 2026<\/strong>. O an\u00fancio foi feito durante uma solenidade em Teresina que tamb\u00e9m marcou a promo\u00e7\u00e3o de mais de 150 policiais civis.<\/p>\n\n\n\n<figure class=\"wp-block-image size-full\"><a href=\"https:\/\/t.magistrarcursos.com.br\/lp\/prf-2026\/?utm_source=blog&amp;utm_medium=banner&amp;utm_campaign=prf\" target=\"_blank\" rel=\" noreferrer noopener\"><img fetchpriority=\"high\" decoding=\"async\" width=\"730\" height=\"200\" src=\"https:\/\/magistrarcursos.com.br\/blog\/wp-content\/uploads\/2026\/04\/aula-como-passar-prf.webp\" alt=\"\" class=\"wp-image-34391\" srcset=\"https:\/\/magistrarcursos.com.br\/blog\/wp-content\/uploads\/2026\/04\/aula-como-passar-prf.webp 730w, https:\/\/magistrarcursos.com.br\/blog\/wp-content\/uploads\/2026\/04\/aula-como-passar-prf-300x82.webp 300w\" sizes=\"(max-width: 730px) 100vw, 730px\" \/><\/a><\/figure>\n\n\n\n<h2 class=\"wp-block-heading\">Concurso PM PI: o que j\u00e1 se sabe<\/h2>\n\n\n\n<p>At\u00e9 o momento, o governo do Piau\u00ed confirmou apenas a previs\u00e3o de publica\u00e7\u00e3o do edital para junho de 2026. O certame ser\u00e1 destinado \u00e0 Pol\u00edcia Militar do Piau\u00ed (PM PI), com objetivo de refor\u00e7ar o efetivo da corpora\u00e7\u00e3o.<\/p>\n\n\n\n<p>Ainda n\u00e3o foram divulgadas informa\u00e7\u00f5es sobre n\u00famero de vagas, cargos, sal\u00e1rios ou banca organizadora. A expectativa \u00e9 que esses detalhes sejam apresentados oficialmente com a publica\u00e7\u00e3o do edital.<\/p>\n\n\n\n<h2 class=\"wp-block-heading\">An\u00fancio do concurso PM PI ocorreu durante evento oficial<\/h2>\n\n\n\n<p>A cerim\u00f4nia ocorreu no audit\u00f3rio do Tribunal Regional do Trabalho da 22\u00aa Regi\u00e3o e reuniu autoridades, servidores e familiares. O evento integrou as comemora\u00e7\u00f5es pelo Dia da Pol\u00edcia Civil, celebrado em 21 de abril.<\/p>\n\n\n\n<p>Durante a solenidade, al\u00e9m do an\u00fancio do novo concurso, o governador destacou outras a\u00e7\u00f5es em andamento, como a nomea\u00e7\u00e3o de mais de 200 bombeiros militares. Segundo ele, as iniciativas fazem parte de uma pol\u00edtica cont\u00ednua de fortalecimento das institui\u00e7\u00f5es de seguran\u00e7a.<\/p>\n\n\n\n<p><strong>Veja tamb\u00e9m:<\/strong>&nbsp;<strong><a href=\"https:\/\/magistrarcursos.com.br\/blog\/concursos-policiais-na-reta-final-de-abril-de-2026-editais-podem-sair-a-qualquer-momento\/\" target=\"_blank\" rel=\"noreferrer noopener\">Concursos policiais na reta final de abril de 2026: editais podem sair a qualquer momento<\/a><\/strong><\/p>\n\n\n\n<h2 class=\"wp-block-heading\">Promo\u00e7\u00e3o de policiais civis marca evento no Piau\u00ed<\/h2>\n\n\n\n<p>Na ocasi\u00e3o, foi oficializada a <strong>promo\u00e7\u00e3o de mais de 150 policiais civis, incluindo <a href=\"https:\/\/magistrarcursos.com.br\/blog\/delegado-policia\/\" target=\"_blank\" rel=\"noreferrer noopener\">delegados<\/a>, <a href=\"https:\/\/magistrarcursos.com.br\/blog\/perito-criminal\/\" target=\"_blank\" rel=\"noreferrer noopener\">peritos<\/a> e <a href=\"https:\/\/magistrarcursos.com.br\/blog\/oficial-investigador-policia\/\" target=\"_blank\" rel=\"noreferrer noopener\">oficiais investigadores<\/a><\/strong>. Tamb\u00e9m houve a assinatura de decreto formalizando as ascens\u00f5es na carreira.<\/p>\n\n\n\n<p>Al\u00e9m das promo\u00e7\u00f5es, foram entregues honrarias como a Medalha Delegado Francisco Carlos Bonfim Filho e a Medalha do M\u00e9rito Policial Civil, destinadas a profissionais e institui\u00e7\u00f5es que contribu\u00edram para o avan\u00e7o da seguran\u00e7a p\u00fablica no estado.<\/p>\n\n\n\n<p><strong>Veja tamb\u00e9m:<\/strong>&nbsp;<strong><a href=\"https:\/\/magistrarcursos.com.br\/blog\/concursos-policiais\/\" target=\"_blank\" rel=\"noreferrer noopener\">Concursos Policiais 2026: Pol\u00edcia Civil, Militar e Penal<\/a><\/strong><\/p>\n\n\n\n<h2 class=\"wp-block-heading\">Integra\u00e7\u00e3o e redu\u00e7\u00e3o da criminalidade<\/h2>\n\n\n\n<p>O delegado-geral da Pol\u00edcia Civil, Luccy Keiko, destacou que o Piau\u00ed tem obtido resultados relevantes na seguran\u00e7a p\u00fablica, especialmente pela integra\u00e7\u00e3o entre as for\u00e7as e investimentos em intelig\u00eancia.<\/p>\n\n\n\n<p>O secret\u00e1rio de Seguran\u00e7a P\u00fablica, Antonio Luiz, tamb\u00e9m ressaltou a redu\u00e7\u00e3o de \u00edndices de criminalidade, como feminic\u00eddios e roubos, atribuindo os resultados ao trabalho conjunto entre as institui\u00e7\u00f5es.<\/p>\n\n\n\n<p><strong>Veja tamb\u00e9m:&nbsp;<a href=\"https:\/\/magistrarcursos.com.br\/blog\/concursos-guarda-municipal-gcm\/\" target=\"_blank\" rel=\"noreferrer noopener\">Concursos para Guarda Civil Municipal (GCM) com inscri\u00e7\u00f5es abertas ou previstos para 2026<\/a><\/strong><\/p>\n\n\n\n<h2 class=\"wp-block-heading\">Expectativa para o edital<\/h2>\n\n\n\n<p>Com o edital previsto para junho, o concurso da PM PI j\u00e1 entra no radar dos candidatos da \u00e1rea policial. <\/p>\n\n\n\n<p>Mesmo sem defini\u00e7\u00e3o de vagas e sal\u00e1rios, a tend\u00eancia \u00e9 que o certame siga o padr\u00e3o dos \u00faltimos concursos da corpora\u00e7\u00e3o, que tradicionalmente incluem provas objetivas e etapas f\u00edsicas.<\/p>\n\n\n\n<p>Novas informa\u00e7\u00f5es devem ser divulgadas nas pr\u00f3ximas semanas.<\/p>\n\n\n\n<p><\/p>\n","protected":false},"excerpt":{"rendered":"<p>Governador Rafael Fonteles confirma edital para junho e refor\u00e7a pol\u00edtica de valoriza\u00e7\u00e3o das for\u00e7as de seguran\u00e7a no estado<\/p>\n","protected":false},"author":16,"featured_media":28953,"comment_status":"closed","ping_status":"closed","sticky":false,"template":"","format":"standard","meta":{"footnotes":""},"categories":[48,107],"tags":[],"class_list":["post-35717","post","type-post","status-publish","format-standard","has-post-thumbnail","hentry","category-noticias","category-policias"],"_links":{"self":[{"href":"https:\/\/magistrarcursos.com.br\/blog\/wp-json\/wp\/v2\/posts\/35717","targetHints":{"allow":["GET"]}}],"collection":[{"href":"https:\/\/magistrarcursos.com.br\/blog\/wp-json\/wp\/v2\/posts"}],"about":[{"href":"https:\/\/magistrarcursos.com.br\/blog\/wp-json\/wp\/v2\/types\/post"}],"author":[{"embeddable":true,"href":"https:\/\/magistrarcursos.com.br\/blog\/wp-json\/wp\/v2\/users\/16"}],"replies":[{"embeddable":true,"href":"https:\/\/magistrarcursos.com.br\/blog\/wp-json\/wp\/v2\/comments?post=35717"}],"version-history":[{"count":7,"href":"https:\/\/magistrarcursos.com.br\/blog\/wp-json\/wp\/v2\/posts\/35717\/revisions"}],"predecessor-version":[{"id":35724,"href":"https:\/\/magistrarcursos.com.br\/blog\/wp-json\/wp\/v2\/posts\/35717\/revisions\/35724"}],"wp:featuredmedia":[{"embeddable":true,"href":"https:\/\/magistrarcursos.com.br\/blog\/wp-json\/wp\/v2\/media\/28953"}],"wp:attachment":[{"href":"https:\/\/magistrarcursos.com.br\/blog\/wp-json\/wp\/v2\/media?parent=35717"}],"wp:term":[{"taxonomy":"category","embeddable":true,"href":"https:\/\/magistrarcursos.com.br\/blog\/wp-json\/wp\/v2\/categories?post=35717"},{"taxonomy":"post_tag","embeddable":true,"href":"https:\/\/magistrarcursos.com.br\/blog\/wp-json\/wp\/v2\/tags?post=35717"}],"curies":[{"name":"wp","href":"https:\/\/api.w.org\/{rel}","templated":true}]}}