{"id":35729,"date":"2026-04-29T08:21:46","date_gmt":"2026-04-29T11:21:46","guid":{"rendered":"https:\/\/magistrarcursos.com.br\/blog\/?p=35729"},"modified":"2026-04-29T08:21:46","modified_gmt":"2026-04-29T11:21:46","slug":"concurso-cartorio-pa-prova-escrita-marcada-para-17-de-maio-apos-retificacao-do-edital","status":"publish","type":"post","link":"https:\/\/magistrarcursos.com.br\/blog\/concurso-cartorio-pa-prova-escrita-marcada-para-17-de-maio-apos-retificacao-do-edital\/","title":{"rendered":"Concurso Cart\u00f3rio PA: prova escrita marcada para 17 de maio ap\u00f3s retifica\u00e7\u00e3o do edital"},"content":{"rendered":"\n<p>O <strong>Tribunal de Justi\u00e7a do Par\u00e1 (TJPA)<\/strong> publicou retifica\u00e7\u00e3o no edital do concurso de cart\u00f3rios, confirmando a aplica\u00e7\u00e3o da prova escrita e pr\u00e1tica para o dia <strong>17 de maio de 2026<\/strong>, com dura\u00e7\u00e3o de <strong>5 horas<\/strong>.<\/p>\n\n\n\n<p>A nova data vem ap\u00f3s o <a href=\"https:\/\/magistrarcursos.com.br\/blog\/concurso-cartorios-pa-cnj-suspende-prova-escrita-prevista-para-26-de-abril-apos-irregularidade-nas-cotas-para-pcd\/\" target=\"_blank\" rel=\"noreferrer noopener\">cancelamento da aplica\u00e7\u00e3o anterior<\/a>, prevista para <strong>26 de abril<\/strong>, determinado pelo <strong>Conselho Nacional de Justi\u00e7a (CNJ)<\/strong> em raz\u00e3o de irregularidade na aplica\u00e7\u00e3o da cl\u00e1usula de barreira para candidatos com defici\u00eancia.<\/p>\n\n\n\n<p>O local e o hor\u00e1rio da prova estar\u00e3o dispon\u00edveis no documento de convoca\u00e7\u00e3o a partir das <strong>18h de 14 de maio<\/strong>. O certame, organizado pelo <a href=\"https:\/\/ieses.org\/0014\" target=\"_blank\" rel=\"noreferrer noopener\">IESES<\/a>, oferta <strong>92 vagas<\/strong>, sendo <strong>63<\/strong> para provimento e <strong>29<\/strong> para remo\u00e7\u00e3o, com <strong>1.142 inscritos<\/strong>.<\/p>\n\n\n\n<figure class=\"wp-block-image size-large\"><img fetchpriority=\"high\" decoding=\"async\" width=\"1024\" height=\"796\" src=\"https:\/\/magistrarcursos.com.br\/blog\/wp-content\/uploads\/2026\/04\/cartorios-pa-1024x796.png\" alt=\"\" class=\"wp-image-35730\" srcset=\"https:\/\/magistrarcursos.com.br\/blog\/wp-content\/uploads\/2026\/04\/cartorios-pa-1024x796.png 1024w, https:\/\/magistrarcursos.com.br\/blog\/wp-content\/uploads\/2026\/04\/cartorios-pa-300x233.png 300w, https:\/\/magistrarcursos.com.br\/blog\/wp-content\/uploads\/2026\/04\/cartorios-pa-768x597.png 768w, https:\/\/magistrarcursos.com.br\/blog\/wp-content\/uploads\/2026\/04\/cartorios-pa.png 1422w\" sizes=\"(max-width: 1024px) 100vw, 1024px\" \/><figcaption class=\"wp-element-caption\">Fonte: Di\u00e1rio Oficial<\/figcaption><\/figure>\n\n\n\n<p>A retifica\u00e7\u00e3o foi publicada no Di\u00e1rio da Justi\u00e7a Eletr\u00f4nico em <strong>29 de abril de 2026<\/strong>, assinada pelo presidente do TJPA, desembargador <strong>Roberto Gon\u00e7alves de Moura<\/strong>.<\/p>\n\n\n\n<p>Com a nova data definida, o cronograma das etapas seguintes tamb\u00e9m foi atualizado:<\/p>\n\n\n\n<ul class=\"wp-block-list\">\n<li>Audi\u00eancia p\u00fablica para identifica\u00e7\u00e3o das provas: <strong>2 de junho<\/strong><\/li>\n\n\n\n<li>Resultados individuais: at\u00e9 <strong>3 de junho<\/strong><\/li>\n\n\n\n<li>Convoca\u00e7\u00e3o para entrega de documentos: at\u00e9 <strong>3 de julho<\/strong><\/li>\n\n\n\n<li>Per\u00edodo de entrega (inscri\u00e7\u00e3o definitiva): <strong>20 a 24 de julho de 2026<\/strong><\/li>\n<\/ul>\n\n\n\n<p><a href=\"https:\/\/ieses.org\/0014\" target=\"_blank\" rel=\"noreferrer noopener\"><strong>Confira o edital do Concurso Cart\u00f3rios PA<\/strong><\/a><\/p>\n\n\n\n<figure class=\"wp-block-table is-style-stripes\"><table class=\"has-fixed-layout\"><thead><tr><th>Etapa<\/th><th>Data<\/th><\/tr><\/thead><tbody><tr><td>Prova escrita e pr\u00e1tica<\/td><td>17\/05\/2026<\/td><\/tr><tr><td>Local e hor\u00e1rio dispon\u00edveis<\/td><td>A partir de 18h de 14\/05\/2026<\/td><\/tr><tr><td>Audi\u00eancia p\u00fablica de identifica\u00e7\u00e3o das provas<\/td><td>02\/06\/2026<\/td><\/tr><tr><td>Resultado individual (BID-PEP)<\/td><td>At\u00e9 18h de 03\/06\/2026<\/td><\/tr><tr><td>Decis\u00e3o sobre pedidos de revis\u00e3o<\/td><td>At\u00e9 18h de 17\/06\/2026<\/td><\/tr><tr><td>Convoca\u00e7\u00e3o para entrega de documentos<\/td><td>At\u00e9 18h de 03\/07\/2026<\/td><\/tr><tr><td>Entrega de documentos (inscri\u00e7\u00e3o definitiva)<\/td><td>20 a 24\/07\/2026<\/td><\/tr><\/tbody><\/table><\/figure>\n\n\n\n<h2 class=\"wp-block-heading\">Vagas do concurso Cart\u00f3rio PA<\/h2>\n\n\n\n<p>O certame oferta <strong>92 vagas<\/strong> distribu\u00eddas entre provimento e remo\u00e7\u00e3o, com reservas para PcD, candidatos negros e ind\u00edgenas.<\/p>\n\n\n\n<h2 class=\"wp-block-heading\">Sal\u00e1rios do concurso Cart\u00f3rio PA<\/h2>\n\n\n\n<p>A <strong>remunera\u00e7\u00e3o dos titulares de cart\u00f3rio no Par\u00e1<\/strong> \u00e9 feita exclusivamente por emolumentos cobrados pelos atos praticados, conforme a <strong>Lei de Custas e Emolumentos do Estado<\/strong>.<\/p>\n\n\n\n<p>Os valores variam conforme o tipo, o movimento e a localiza\u00e7\u00e3o da serventia. Os serventu\u00e1rios n\u00e3o recebem vencimentos dos poderes p\u00fablicos estaduais.<\/p>\n\n\n\n<p><a href=\"https:\/\/magistrarcursos.com.br\/blog\/concurso-cartorios-pa\/\" target=\"_blank\" rel=\"noreferrer noopener\"><strong>Confira mais informa\u00e7\u00f5es sobre o Concurso Cart\u00f3rio PA<\/strong><\/a><\/p>\n","protected":false},"excerpt":{"rendered":"<p>TJPA publica nova data ap\u00f3s cancelamento determinado pelo CNJ; local e hor\u00e1rio dispon\u00edveis a partir de 14 de maio<\/p>\n","protected":false},"author":17,"featured_media":34797,"comment_status":"closed","ping_status":"closed","sticky":false,"template":"","format":"standard","meta":{"footnotes":""},"categories":[48,116],"tags":[],"class_list":["post-35729","post","type-post","status-publish","format-standard","has-post-thumbnail","hentry","category-noticias","category-cartorios"],"_links":{"self":[{"href":"https:\/\/magistrarcursos.com.br\/blog\/wp-json\/wp\/v2\/posts\/35729","targetHints":{"allow":["GET"]}}],"collection":[{"href":"https:\/\/magistrarcursos.com.br\/blog\/wp-json\/wp\/v2\/posts"}],"about":[{"href":"https:\/\/magistrarcursos.com.br\/blog\/wp-json\/wp\/v2\/types\/post"}],"author":[{"embeddable":true,"href":"https:\/\/magistrarcursos.com.br\/blog\/wp-json\/wp\/v2\/users\/17"}],"replies":[{"embeddable":true,"href":"https:\/\/magistrarcursos.com.br\/blog\/wp-json\/wp\/v2\/comments?post=35729"}],"version-history":[{"count":1,"href":"https:\/\/magistrarcursos.com.br\/blog\/wp-json\/wp\/v2\/posts\/35729\/revisions"}],"predecessor-version":[{"id":35731,"href":"https:\/\/magistrarcursos.com.br\/blog\/wp-json\/wp\/v2\/posts\/35729\/revisions\/35731"}],"wp:featuredmedia":[{"embeddable":true,"href":"https:\/\/magistrarcursos.com.br\/blog\/wp-json\/wp\/v2\/media\/34797"}],"wp:attachment":[{"href":"https:\/\/magistrarcursos.com.br\/blog\/wp-json\/wp\/v2\/media?parent=35729"}],"wp:term":[{"taxonomy":"category","embeddable":true,"href":"https:\/\/magistrarcursos.com.br\/blog\/wp-json\/wp\/v2\/categories?post=35729"},{"taxonomy":"post_tag","embeddable":true,"href":"https:\/\/magistrarcursos.com.br\/blog\/wp-json\/wp\/v2\/tags?post=35729"}],"curies":[{"name":"wp","href":"https:\/\/api.w.org\/{rel}","templated":true}]}}