{"id":35732,"date":"2026-04-29T09:11:37","date_gmt":"2026-04-29T12:11:37","guid":{"rendered":"https:\/\/magistrarcursos.com.br\/blog\/?p=35732"},"modified":"2026-04-29T09:11:37","modified_gmt":"2026-04-29T12:11:37","slug":"concurso-pf-convocacao-de-excedentes-para-o-cfp-e-publicada","status":"publish","type":"post","link":"https:\/\/magistrarcursos.com.br\/blog\/concurso-pf-convocacao-de-excedentes-para-o-cfp-e-publicada\/","title":{"rendered":"Concurso PF: convoca\u00e7\u00e3o de excedentes para o CFP \u00e9 publicada"},"content":{"rendered":"\n<p>No dia 28 de abril de 2026, foi publicada a <strong>convoca\u00e7\u00e3o dos candidatos excedentes do <a href=\"https:\/\/magistrarcursos.com.br\/blog\/concurso-policia-federal\/\" target=\"_blank\" rel=\"noreferrer noopener\">concurso da Pol\u00edcia Federal (PF)<\/a> para matr\u00edcula no Curso de Forma\u00e7\u00e3o Profissional (CFP)<\/strong>, etapa obrigat\u00f3ria para ingresso na corpora\u00e7\u00e3o. <\/p>\n\n\n\n<p>A medida ocorre ap\u00f3s autoriza\u00e7\u00e3o concedida pelo Decreto n\u00ba 12.943, de 22 de abril, que permitiu a nomea\u00e7\u00e3o de at\u00e9 1.000 aprovados al\u00e9m das vagas imediatas previstas no edital.<\/p>\n\n\n\n<p>Neste primeiro momento, foram convocados candidatos aos cargos de <strong><a href=\"https:\/\/magistrarcursos.com.br\/blog\/delegado-policia\/\" target=\"_blank\" rel=\"noreferrer noopener\">Delegado<\/a><\/strong>, <strong><a href=\"https:\/\/magistrarcursos.com.br\/blog\/perito-criminal\/\" target=\"_blank\" rel=\"noreferrer noopener\">Perito Criminal<\/a><\/strong>, <strong><a href=\"https:\/\/magistrarcursos.com.br\/blog\/escrivao-de-policia\/\" target=\"_blank\" rel=\"noreferrer noopener\">Escriv\u00e3o<\/a><\/strong> e <strong><a href=\"https:\/\/magistrarcursos.com.br\/blog\/carreira-papiloscopista\/\" target=\"_blank\" rel=\"noreferrer noopener\">Papiloscopista<\/a><\/strong>. J\u00e1 para o cargo de <strong><a href=\"https:\/\/magistrarcursos.com.br\/blog\/agente-de-policia\/\" target=\"_blank\" rel=\"noreferrer noopener\">Agente de Pol\u00edcia Federal<\/a><\/strong>, a convoca\u00e7\u00e3o dever\u00e1 ocorrer posteriormente, conforme informado no edital.<\/p>\n\n\n\n<p><strong><a href=\"https:\/\/magistrarcursos.com.br\/blog\/wp-content\/uploads\/2026\/04\/pfconvocacao.pdf\" target=\"_blank\" rel=\"noreferrer noopener\">Confira o Edital de Convoca\u00e7\u00e3o de Matr\u00edcula CFP &#8211; Concurso PF<\/a><\/strong><\/p>\n\n\n\n<figure class=\"wp-block-image size-full\"><a href=\"https:\/\/t.magistrarcursos.com.br\/lp\/prf-2026\/?utm_source=blog&amp;utm_medium=banner&amp;utm_campaign=prf\" target=\"_blank\" rel=\" noreferrer noopener\"><img fetchpriority=\"high\" decoding=\"async\" width=\"730\" height=\"200\" src=\"https:\/\/magistrarcursos.com.br\/blog\/wp-content\/uploads\/2026\/04\/aula-como-passar-prf.webp\" alt=\"\" class=\"wp-image-34391\" srcset=\"https:\/\/magistrarcursos.com.br\/blog\/wp-content\/uploads\/2026\/04\/aula-como-passar-prf.webp 730w, https:\/\/magistrarcursos.com.br\/blog\/wp-content\/uploads\/2026\/04\/aula-como-passar-prf-300x82.webp 300w\" sizes=\"(max-width: 730px) 100vw, 730px\" \/><\/a><\/figure>\n\n\n\n<h2 class=\"wp-block-heading\">Concurso PF: como ser\u00e1 a matr\u00edcula no CFP<\/h2>\n\n\n\n<p>A matr\u00edcula dos convocados dever\u00e1 ser realizada presencialmente na Academia Nacional de Pol\u00edcia, localizada em Bras\u00edlia\/DF. O procedimento seguir\u00e1 o seguinte cronograma:<\/p>\n\n\n\n<ul class=\"wp-block-list\">\n<li><strong>16 de maio:<\/strong> das 8h \u00e0s 12h ou das 14h \u00e0s 16h<\/li>\n\n\n\n<li><strong>17 de maio:<\/strong> das 8h \u00e0s 12h<\/li>\n<\/ul>\n\n\n\n<p>Os hor\u00e1rios seguem o fuso oficial de Bras\u00edlia.<\/p>\n\n\n\n<p><strong>Veja tamb\u00e9m:<\/strong>&nbsp;<strong><a href=\"https:\/\/magistrarcursos.com.br\/blog\/concursos-policiais-na-reta-final-de-abril-de-2026-editais-podem-sair-a-qualquer-momento\/\" target=\"_blank\" rel=\"noreferrer noopener\">Concursos policiais na reta final de abril de 2026: editais podem sair a qualquer momento<\/a><\/strong><\/p>\n\n\n\n<h2 class=\"wp-block-heading\">Curso de Forma\u00e7\u00e3o Profissional da PF: veja como ser\u00e1<\/h2>\n\n\n\n<p>O Curso de Forma\u00e7\u00e3o Profissional (CFP) do concurso PF ter\u00e1 in\u00edcio no dia 18 de maio e seguir\u00e1 at\u00e9 28 de agosto de 2026. A forma\u00e7\u00e3o \u00e9 uma das etapas mais importantes do concurso, sendo eliminat\u00f3ria e classificat\u00f3ria.<\/p>\n\n\n\n<p>Entre os principais pontos do CFP:<\/p>\n\n\n\n<ul class=\"wp-block-list\">\n<li>As atividades ocorrer\u00e3o, prioritariamente, na Academia Nacional de Pol\u00edcia, podendo ser realizadas em outras unidades da federa\u00e7\u00e3o, a crit\u00e9rio da Administra\u00e7\u00e3o;<\/li>\n\n\n\n<li>A carga hor\u00e1ria ser\u00e1 intensa, com atividades de segunda-feira, \u00e0s 7h30, at\u00e9 s\u00e1bado, \u00e0s 18h;<\/li>\n\n\n\n<li>O curso envolve treinamentos te\u00f3ricos e pr\u00e1ticos, voltados \u00e0 atua\u00e7\u00e3o policial.<\/li>\n<\/ul>\n\n\n\n<p><strong>Confira tamb\u00e9m:<\/strong>&nbsp;<strong><a href=\"https:\/\/magistrarcursos.com.br\/blog\/concursos-policiais\/\" target=\"_blank\" rel=\"noreferrer noopener\">Concursos Policiais 2026: Pol\u00edcia Civil, Militar e Penal<\/a><\/strong><\/p>\n\n\n\n<h2 class=\"wp-block-heading\">Concurso PF: convoca\u00e7\u00e3o de excedentes refor\u00e7a efetivo da corpora\u00e7\u00e3o<\/h2>\n\n\n\n<p>A convoca\u00e7\u00e3o de excedentes, que pode alcan\u00e7ar at\u00e9 1.000 candidatos, representa uma amplia\u00e7\u00e3o significativa no n\u00famero de aprovados que poder\u00e3o ingressar na Pol\u00edcia Federal, refor\u00e7ando o efetivo da institui\u00e7\u00e3o. A autoriza\u00e7\u00e3o para nomea\u00e7\u00f5es adicionais atende \u00e0 demanda por recomposi\u00e7\u00e3o do quadro de servidores, especialmente em \u00e1reas estrat\u00e9gicas da seguran\u00e7a p\u00fablica.<\/p>\n\n\n\n<p>Para os candidatos, a chamada \u00e9 uma oportunidade de avan\u00e7ar na \u00faltima etapa do concurso e, consequentemente, conquistar a t\u00e3o aguardada carreira policial federal.<\/p>\n\n\n\n<p><strong>Leia tamb\u00e9m:&nbsp;<a href=\"https:\/\/magistrarcursos.com.br\/blog\/concursos-guarda-municipal-gcm\/\" target=\"_blank\" rel=\"noreferrer noopener\">Concursos para Guarda Civil Municipal (GCM) com inscri\u00e7\u00f5es abertas ou previstos para 2026<\/a><\/strong><\/p>\n\n\n\n<h2 class=\"wp-block-heading\">Concurso PF: pr\u00f3ximos passos ap\u00f3s convoca\u00e7\u00e3o para o CFP<\/h2>\n\n\n\n<p>Com a matr\u00edcula e o in\u00edcio do CFP, os candidatos convocados estar\u00e3o mais pr\u00f3ximos da nomea\u00e7\u00e3o definitiva. A expectativa agora gira em torno da convoca\u00e7\u00e3o dos aprovados para o cargo de Agente, que ainda n\u00e3o foram inclu\u00eddos nesta etapa inicial.<\/p>\n\n\n\n<p>A Pol\u00edcia Federal deve divulgar novas convoca\u00e7\u00f5es e atualiza\u00e7\u00f5es do cronograma ao longo das pr\u00f3ximas semanas, especialmente em rela\u00e7\u00e3o ao cargo de Agente, que segue aguardando chamada.<\/p>\n\n\n\n<p><\/p>\n","protected":false},"excerpt":{"rendered":"<p>Candidatos aprovados fora das vagas imediatas s\u00e3o chamados para o Curso de Forma\u00e7\u00e3o Profissional; cargo de Agente ter\u00e1 convoca\u00e7\u00e3o em momento posterior<\/p>\n","protected":false},"author":16,"featured_media":28530,"comment_status":"closed","ping_status":"closed","sticky":false,"template":"","format":"standard","meta":{"footnotes":""},"categories":[48,107],"tags":[],"class_list":["post-35732","post","type-post","status-publish","format-standard","has-post-thumbnail","hentry","category-noticias","category-policias"],"_links":{"self":[{"href":"https:\/\/magistrarcursos.com.br\/blog\/wp-json\/wp\/v2\/posts\/35732","targetHints":{"allow":["GET"]}}],"collection":[{"href":"https:\/\/magistrarcursos.com.br\/blog\/wp-json\/wp\/v2\/posts"}],"about":[{"href":"https:\/\/magistrarcursos.com.br\/blog\/wp-json\/wp\/v2\/types\/post"}],"author":[{"embeddable":true,"href":"https:\/\/magistrarcursos.com.br\/blog\/wp-json\/wp\/v2\/users\/16"}],"replies":[{"embeddable":true,"href":"https:\/\/magistrarcursos.com.br\/blog\/wp-json\/wp\/v2\/comments?post=35732"}],"version-history":[{"count":8,"href":"https:\/\/magistrarcursos.com.br\/blog\/wp-json\/wp\/v2\/posts\/35732\/revisions"}],"predecessor-version":[{"id":35751,"href":"https:\/\/magistrarcursos.com.br\/blog\/wp-json\/wp\/v2\/posts\/35732\/revisions\/35751"}],"wp:featuredmedia":[{"embeddable":true,"href":"https:\/\/magistrarcursos.com.br\/blog\/wp-json\/wp\/v2\/media\/28530"}],"wp:attachment":[{"href":"https:\/\/magistrarcursos.com.br\/blog\/wp-json\/wp\/v2\/media?parent=35732"}],"wp:term":[{"taxonomy":"category","embeddable":true,"href":"https:\/\/magistrarcursos.com.br\/blog\/wp-json\/wp\/v2\/categories?post=35732"},{"taxonomy":"post_tag","embeddable":true,"href":"https:\/\/magistrarcursos.com.br\/blog\/wp-json\/wp\/v2\/tags?post=35732"}],"curies":[{"name":"wp","href":"https:\/\/api.w.org\/{rel}","templated":true}]}}