{"id":35736,"date":"2026-04-29T08:40:16","date_gmt":"2026-04-29T11:40:16","guid":{"rendered":"https:\/\/magistrarcursos.com.br\/blog\/?p=35736"},"modified":"2026-04-29T08:40:16","modified_gmt":"2026-04-29T11:40:16","slug":"concurso-cartorios-rr-sorteio-da-ordem-de-arguicao-da-prova-oral-realizado-proximas-etapas-em-maio","status":"publish","type":"post","link":"https:\/\/magistrarcursos.com.br\/blog\/concurso-cartorios-rr-sorteio-da-ordem-de-arguicao-da-prova-oral-realizado-proximas-etapas-em-maio\/","title":{"rendered":"Concurso Cart\u00f3rios RR: sorteio da ordem de argui\u00e7\u00e3o da prova oral realizado; pr\u00f3ximas etapas em maio"},"content":{"rendered":"\n<p>O <strong>Tribunal de Justi\u00e7a de Roraima (TJRR)<\/strong> realizou em <strong>28 de abril de 2026<\/strong>, \u00e0s <strong>19h<\/strong>, o <a href=\"https:\/\/magistrarcursos.com.br\/blog\/concurso-cartorios-rr-tjrr-publica-normas-da-prova-oral-sorteio-da-ordem-de-arguicao-em-28-de-abril\/\" target=\"_blank\" rel=\"noreferrer noopener\">sorteio da ordem de argui\u00e7\u00e3o da prova oral<\/a> do II Concurso P\u00fablico para Outorga de Delega\u00e7\u00f5es de Serventias Extrajudiciais. A sess\u00e3o foi p\u00fablica, transmitida on-line pela plataforma <strong>Microsoft Teams<\/strong>, e a ordem sorteada para provimento e remo\u00e7\u00e3o j\u00e1 est\u00e1 dispon\u00edvel no <a href=\"https:\/\/cdn.cebraspe.org.br\/concursos\/tj_rr_25\/arquivos\/EE164A3A7B14AB2C852F4B01B0C0BB5CAF09E83666D02455D84E20CEEE5A616E.pdf\" target=\"_blank\" rel=\"noreferrer noopener\">site do Cebraspe<\/a>.<\/p>\n\n\n\n<p>A data, o local e os hor\u00e1rios da prova oral ainda ser\u00e3o definidos em edital espec\u00edfico de convoca\u00e7\u00e3o. N\u00e3o haver\u00e1 segunda chamada para a etapa. Os candidatos do sexo masculino dever\u00e3o apresentar-se obrigatoriamente com <strong>terno e gravata<\/strong>, e as candidatas com <strong>traje social discreto<\/strong>.<\/p>\n\n\n\n<p>Enquanto isso, o certame segue avan\u00e7ando em outras frentes: os candidatos aprovados na prova escrita t\u00eam at\u00e9 as <strong>18h do dia 8 de maio<\/strong> para enviar a documenta\u00e7\u00e3o de comprova\u00e7\u00e3o de requisitos, t\u00edtulos e an\u00e1lise de vida pregressa pelo site do Cebraspe.<\/p>\n\n\n\n<p>No dia <strong>3 de maio<\/strong>, candidatos PcD passam pela avalia\u00e7\u00e3o biopsicossocial e candidatos negros com fotos indeferidas comparecem ao procedimento presencial de heteroidentifica\u00e7\u00e3o.<\/p>\n\n\n\n<p>O resultado provis\u00f3rio dessas etapas est\u00e1 previsto para <strong>22 de maio de 2026<\/strong>.<\/p>\n\n\n\n<p><a href=\"https:\/\/www.cebraspe.org.br\/concursos\/tj_rr_25\" target=\"_blank\" rel=\"noreferrer noopener\"><strong>Confira o edital do Concurso Cart\u00f3rios RR<\/strong><\/a><\/p>\n\n\n\n<h2 class=\"wp-block-heading\">Vagas do concurso Cart\u00f3rios RR<\/h2>\n\n\n\n<p>O certame oferta <strong>7 vagas<\/strong> distribu\u00eddas entre serventias vagas no estado, sendo <strong>5<\/strong> para provimento e <strong>2<\/strong> para remo\u00e7\u00e3o, todas em Boa Vista, com exce\u00e7\u00e3o do Of\u00edcio \u00danico da Comarca de Bonfim e do Of\u00edcio \u00danico da Comarca de S\u00e3o Luiz.<\/p>\n\n\n\n<h2 class=\"wp-block-heading\">Sal\u00e1rios do concurso Cart\u00f3rios RR<\/h2>\n\n\n\n<p>A remunera\u00e7\u00e3o dos titulares de cart\u00f3rio em Roraima \u00e9 feita exclusivamente por emolumentos cobrados em raz\u00e3o do of\u00edcio, conforme a legisla\u00e7\u00e3o espec\u00edfica do estado. Os valores variam de acordo com o movimento e o tipo de servi\u00e7o prestado pela serventia.<\/p>\n\n\n\n<h2 class=\"wp-block-heading\">Pr\u00f3ximos passos do concurso Cart\u00f3rios RR<\/h2>\n\n\n\n<figure class=\"wp-block-table is-style-stripes\"><table class=\"has-fixed-layout\"><thead><tr><th>Etapa<\/th><th>Data<\/th><\/tr><\/thead><tbody><tr><td>Envio da documenta\u00e7\u00e3o de requisitos e t\u00edtulos<\/td><td>At\u00e9 18h de 08\/05\/2026<\/td><\/tr><tr><td>Avalia\u00e7\u00e3o biopsicossocial (PcD)<\/td><td>03\/05\/2026<\/td><\/tr><tr><td>Heteroidentifica\u00e7\u00e3o presencial<\/td><td>03\/05\/2026<\/td><\/tr><tr><td>Resultado provis\u00f3rio das etapas<\/td><td>22\/05\/2026<\/td><\/tr><tr><td>Data da prova oral<\/td><td>A definir<\/td><\/tr><\/tbody><\/table><\/figure>\n\n\n\n<p><a href=\"https:\/\/magistrarcursos.com.br\/blog\/concurso-cartorios-rr\/\" target=\"_blank\" rel=\"noreferrer noopener\"><strong>Confira o mais informa\u00e7\u00f5es sobre o Concurso Cart\u00f3rios RR<\/strong><\/a><\/p>\n","protected":false},"excerpt":{"rendered":"<p>Cebraspe organiza o II Concurso com 7 vagas para provimento e remo\u00e7\u00e3o; data da prova oral ainda ser\u00e1 definida em edital espec\u00edfico<\/p>\n","protected":false},"author":17,"featured_media":35286,"comment_status":"closed","ping_status":"closed","sticky":false,"template":"","format":"standard","meta":{"footnotes":""},"categories":[48,116],"tags":[],"class_list":["post-35736","post","type-post","status-publish","format-standard","has-post-thumbnail","hentry","category-noticias","category-cartorios"],"_links":{"self":[{"href":"https:\/\/magistrarcursos.com.br\/blog\/wp-json\/wp\/v2\/posts\/35736","targetHints":{"allow":["GET"]}}],"collection":[{"href":"https:\/\/magistrarcursos.com.br\/blog\/wp-json\/wp\/v2\/posts"}],"about":[{"href":"https:\/\/magistrarcursos.com.br\/blog\/wp-json\/wp\/v2\/types\/post"}],"author":[{"embeddable":true,"href":"https:\/\/magistrarcursos.com.br\/blog\/wp-json\/wp\/v2\/users\/17"}],"replies":[{"embeddable":true,"href":"https:\/\/magistrarcursos.com.br\/blog\/wp-json\/wp\/v2\/comments?post=35736"}],"version-history":[{"count":1,"href":"https:\/\/magistrarcursos.com.br\/blog\/wp-json\/wp\/v2\/posts\/35736\/revisions"}],"predecessor-version":[{"id":35737,"href":"https:\/\/magistrarcursos.com.br\/blog\/wp-json\/wp\/v2\/posts\/35736\/revisions\/35737"}],"wp:featuredmedia":[{"embeddable":true,"href":"https:\/\/magistrarcursos.com.br\/blog\/wp-json\/wp\/v2\/media\/35286"}],"wp:attachment":[{"href":"https:\/\/magistrarcursos.com.br\/blog\/wp-json\/wp\/v2\/media?parent=35736"}],"wp:term":[{"taxonomy":"category","embeddable":true,"href":"https:\/\/magistrarcursos.com.br\/blog\/wp-json\/wp\/v2\/categories?post=35736"},{"taxonomy":"post_tag","embeddable":true,"href":"https:\/\/magistrarcursos.com.br\/blog\/wp-json\/wp\/v2\/tags?post=35736"}],"curies":[{"name":"wp","href":"https:\/\/api.w.org\/{rel}","templated":true}]}}