{"id":35746,"date":"2026-04-29T09:26:37","date_gmt":"2026-04-29T12:26:37","guid":{"rendered":"https:\/\/magistrarcursos.com.br\/blog\/?p=35746"},"modified":"2026-04-29T09:29:06","modified_gmt":"2026-04-29T12:29:06","slug":"concurso-dpdf-iniciais-acima-de-10-mil-veja-salarios-e-beneficios-novo-edital-em-breve","status":"publish","type":"post","link":"https:\/\/magistrarcursos.com.br\/blog\/concurso-dpdf-iniciais-acima-de-10-mil-veja-salarios-e-beneficios-novo-edital-em-breve\/","title":{"rendered":"Concurso DPDF: iniciais acima de R$ 10 mil? Veja sal\u00e1rios e benef\u00edcios; novo edital em breve!"},"content":{"rendered":"\n<p>A Defensoria P\u00fablica do Distrito Federal (DPDF) acelera os preparativos para seu <strong><a href=\"https:\/\/magistrarcursos.com.br\/blog\/concurso-dpdf\/\" data-type=\"link\" data-id=\"https:\/\/magistrarcursos.com.br\/blog\/concurso-dpdf\/\">novo concurso p\u00fablico<\/a><\/strong>, e as expectativas para o certame j\u00e1 est\u00e3o elevadas. Com todas as etapas administrativas conclu\u00eddas, a publica\u00e7\u00e3o do edital deve ocorrer at\u00e9 o meio de 2026, conforme anunciado pelo Defensor P\u00fablico-Geral, Celestino Chupel, em entrevista ao programa institucional \u201cFala A\u00ed, DPDF!\u201d.<\/p>\n\n\n\n<p>Na \u00faltima segunda-feira (27\/4), foi publicada no Di\u00e1rio Oficial do Distrito Federal (DODF) a Portaria n\u00ba 156\/2026, que institui a <strong><a href=\"https:\/\/magistrarcursos.com.br\/blog\/concurso-dpdf-tem-comissao-formada-para-edital-de-analista-banca-ja-definida\/\" data-type=\"link\" data-id=\"https:\/\/magistrarcursos.com.br\/blog\/concurso-dpdf-tem-comissao-formada-para-edital-de-analista-banca-ja-definida\/\">Comiss\u00e3o Organizadora<\/a><\/strong> respons\u00e1vel por coordenar todas as etapas do certame. A medida consolida o avan\u00e7o dos tr\u00e2mites e sinaliza que o edital est\u00e1 prestes a ser lan\u00e7ado.<\/p>\n\n\n\n<h2 class=\"wp-block-heading\">Concurso DPDF: banca definida e contrato firmado<\/h2>\n\n\n\n<p>Em 4 de mar\u00e7o, foi publicado no DODF o extrato do contrato que define o Instituto Access como a <strong><a href=\"https:\/\/magistrarcursos.com.br\/blog\/concurso-dpdf-banca-contratada-para-edital-de-analista\/\" data-type=\"link\" data-id=\"https:\/\/magistrarcursos.com.br\/blog\/concurso-dpdf-banca-contratada-para-edital-de-analista\/\">banca organizadora do concurso DPDF<\/a><\/strong>. O contrato tem vig\u00eancia at\u00e9 mar\u00e7o de 2028. No dia 16 do mesmo m\u00eas, a Defensoria formou uma comiss\u00e3o para acompanhar a execu\u00e7\u00e3o do contrato com a banca.<\/p>\n\n\n\n<p>O concurso da DPDF est\u00e1 autorizado desde abril de 2024 e ofertar\u00e1, inicialmente, <strong>sete vagas imediatas<\/strong> para a carreira de Analista de Apoio \u00e0 Assist\u00eancia Judici\u00e1ria, al\u00e9m da forma\u00e7\u00e3o de cadastro de reserva. As oportunidades ser\u00e3o distribu\u00eddas nas seguintes \u00e1reas de atua\u00e7\u00e3o:<\/p>\n\n\n\n<ul class=\"wp-block-list\">\n<li>Direito e Legisla\u00e7\u00e3o<\/li>\n\n\n\n<li>Contabilidade<\/li>\n\n\n\n<li>Inform\u00e1tica \u2013 Banco de Dados<\/li>\n\n\n\n<li>Inform\u00e1tica \u2013 Desenvolvimento de Sistemas<\/li>\n\n\n\n<li>Inform\u00e1tica \u2013 Redes<\/li>\n<\/ul>\n\n\n\n<p>A distribui\u00e7\u00e3o das vagas por especialidade ainda n\u00e3o foi detalhada pela administra\u00e7\u00e3o.<\/p>\n\n\n\n<p><strong><em>Participe do Movimento Lei Seca no WhatsApp: leitura guiada dos artigos mais cobrados em concursos para Analista!<\/em><\/strong><\/p>\n\n\n\n<div class=\"wp-block-group has-text-color has-background has-link-color has-medium-font-size wp-elements-1fd8aebb9d4ebe7ae052cab88b50e807 is-layout-constrained wp-block-group-is-layout-constrained\" style=\"color:#988142;background-color:#235a46\">\n<p class=\"has-text-align-center\"><strong><a href=\"https:\/\/t.magistrarcursos.com.br\/lp\/grupo-lei-seca-enam\/?utm_source=blog\">QUERO PARTICIPAR DO MOVIMENTO LEI SECA!<\/a><\/strong><\/p>\n<\/div>\n\n\n\n<h2 class=\"wp-block-heading\">Cargos vagos: 15 oportunidades imediatas \u00e0 espera de ocupa\u00e7\u00e3o<\/h2>\n\n\n\n<p>De acordo com os dados disponibilizados no <strong><a href=\"https:\/\/www.defensoria.df.gov.br\/transparencia\/\" data-type=\"link\" data-id=\"https:\/\/www.defensoria.df.gov.br\/transparencia\/\" target=\"_blank\" rel=\"noopener\">Portal da Transpar\u00eancia da DPDF<\/a><\/strong>, referentes \u00e0 mar\u00e7o de 2026, h\u00e1 atualmente <strong><a href=\"https:\/\/egesp.defensoria.df.gov.br\/site\/transparencia\/quant_cargos_resumido\" data-type=\"link\" data-id=\"https:\/\/egesp.defensoria.df.gov.br\/site\/transparencia\/quant_cargos_resumido\" target=\"_blank\" rel=\"noopener\">15 cargos vagos<\/a><\/strong> para Analista de Apoio \u00e0 Assist\u00eancia Judici\u00e1ria no \u00f3rg\u00e3o. Confira o quantitativo:<\/p>\n\n\n\n<figure class=\"wp-block-table\"><table class=\"has-fixed-layout\"><thead><tr><th>Situa\u00e7\u00e3o<\/th><th>Quantidade<\/th><\/tr><\/thead><tbody><tr><td>Cargos ocupados<\/td><td>286<\/td><\/tr><tr><td>Cargos vagos<\/td><td><strong>15<\/strong><\/td><\/tr><tr><td><strong>Total de cargos<\/strong><\/td><td><strong>301<\/strong><\/td><\/tr><\/tbody><\/table><\/figure>\n\n\n\n<p>Essas vagas j\u00e1 existentes podem ser preenchidas imediatamente com a realiza\u00e7\u00e3o do certame, o que representa uma excelente oportunidade para os aprovados.<\/p>\n\n\n\n<h2 class=\"wp-block-heading\">Mais de 250 novos cargos podem ser criados<\/h2>\n\n\n\n<p>Um fator que amplia ainda mais o potencial do concurso DPDF \u00e9 o Projeto de Lei n\u00ba 1.588\/2025, recentemente aprovado, que prev\u00ea a <strong>cria\u00e7\u00e3o de 250 novos cargos efetivos<\/strong> para a mesma carreira. Caso a medida seja sancionada, o cadastro de reserva tende a ser amplamente aproveitado, e novas nomea\u00e7\u00f5es podem ocorrer ao longo da validade do concurso.<\/p>\n\n\n\n<h2 class=\"wp-block-heading\">Remunera\u00e7\u00e3o: iniciais acima de R$ 10 mil com GADP<\/h2>\n\n\n\n<p>A carreira de Analista de Apoio \u00e0 Assist\u00eancia Judici\u00e1ria oferece uma \u00f3tima <strong><a href=\"https:\/\/egesp.defensoria.df.gov.br\/site\/transparencia\/estrut_remu_servidores\" data-type=\"link\" data-id=\"https:\/\/egesp.defensoria.df.gov.br\/site\/transparencia\/estrut_remu_servidores\" target=\"_blank\" rel=\"noopener\">remunera\u00e7\u00e3o inicial<\/a><\/strong>. Al\u00e9m do vencimento b\u00e1sico, o servidor faz jus \u00e0 <strong>Gratifica\u00e7\u00e3o de Atua\u00e7\u00e3o na Defensoria P\u00fablica (GADP)<\/strong> no valor de <strong>25%<\/strong> sobre o vencimento b\u00e1sico.<\/p>\n\n\n\n<p>A jornada de trabalho \u00e9 de <strong>35 horas semanais<\/strong>, distribu\u00eddas em 7 horas di\u00e1rias, conforme prev\u00ea a Lei n\u00ba 4.516\/2010.<\/p>\n\n\n\n<h3 class=\"wp-block-heading\">Tabela de remunera\u00e7\u00e3o completa<\/h3>\n\n\n\n<h4 class=\"wp-block-heading\">Terceira Classe<\/h4>\n\n\n\n<figure class=\"wp-block-table\"><table class=\"has-fixed-layout\"><thead><tr><th>Padr\u00e3o<\/th><th>Vencimento B\u00e1sico<\/th><th>GADP (25%)<\/th><th>Remunera\u00e7\u00e3o Total<\/th><\/tr><\/thead><tbody><tr><td>V<\/td><td>R$ 9.176,80<\/td><td>R$ 2.294,20<\/td><td><strong>R$ 11.471,00<\/strong><\/td><\/tr><tr><td>IV<\/td><td>R$ 9.063,52<\/td><td>R$ 2.265,88<\/td><td><strong>R$ 11.329,40<\/strong><\/td><\/tr><tr><td>III<\/td><td>R$ 8.951,62<\/td><td>R$ 2.237,90<\/td><td><strong>R$ 11.189,52<\/strong><\/td><\/tr><tr><td>II<\/td><td>R$ 8.841,09<\/td><td>R$ 2.210,27<\/td><td><strong>R$ 11.051,36<\/strong><\/td><\/tr><tr><td>I<\/td><td>R$ 8.731,96<\/td><td>R$ 2.182,99<\/td><td><strong>R$ 10.914,95<\/strong><\/td><\/tr><\/tbody><\/table><\/figure>\n\n\n\n<h4 class=\"wp-block-heading\">Segunda Classe<\/h4>\n\n\n\n<figure class=\"wp-block-table\"><table class=\"has-fixed-layout\"><thead><tr><th>Padr\u00e3o<\/th><th>Vencimento B\u00e1sico<\/th><th>GADP (25%)<\/th><th>Remunera\u00e7\u00e3o Total<\/th><\/tr><\/thead><tbody><tr><td>V<\/td><td>R$ 9.885,42<\/td><td>R$ 2.471,35<\/td><td><strong>R$ 12.356,77<\/strong><\/td><\/tr><tr><td>IV<\/td><td>R$ 9.763,39<\/td><td>R$ 2.440,84<\/td><td><strong>R$ 12.204,23<\/strong><\/td><\/tr><tr><td>III<\/td><td>R$ 9.642,85<\/td><td>R$ 2.410,71<\/td><td><strong>R$ 12.053,56<\/strong><\/td><\/tr><tr><td>II<\/td><td>R$ 9.523,78<\/td><td>R$ 2.380,94<\/td><td><strong>R$ 11.904,72<\/strong><\/td><\/tr><tr><td>I<\/td><td>R$ 9.406,21<\/td><td>R$ 2.351,55<\/td><td><strong>R$ 11.757,76<\/strong><\/td><\/tr><\/tbody><\/table><\/figure>\n\n\n\n<h4 class=\"wp-block-heading\">Primeira Classe<\/h4>\n\n\n\n<figure class=\"wp-block-table\"><table class=\"has-fixed-layout\"><thead><tr><th>Padr\u00e3o<\/th><th>Vencimento B\u00e1sico<\/th><th>GADP (25%)<\/th><th>Remunera\u00e7\u00e3o Total<\/th><\/tr><\/thead><tbody><tr><td>V<\/td><td>R$ 10.648,76<\/td><td>R$ 2.662,19<\/td><td><strong>R$ 13.310,95<\/strong><\/td><\/tr><tr><td>IV<\/td><td>R$ 10.517,31<\/td><td>R$ 2.629,32<\/td><td><strong>R$ 13.146,63<\/strong><\/td><\/tr><tr><td>III<\/td><td>R$ 10.387,47<\/td><td>R$ 2.596,86<\/td><td><strong>R$ 12.984,33<\/strong><\/td><\/tr><tr><td>II<\/td><td>R$ 10.259,22<\/td><td>R$ 2.564,80<\/td><td><strong>R$ 12.824,02<\/strong><\/td><\/tr><tr><td>I<\/td><td>R$ 10.132,56<\/td><td>R$ 2.533,14<\/td><td><strong>R$ 12.665,70<\/strong><\/td><\/tr><\/tbody><\/table><\/figure>\n\n\n\n<h4 class=\"wp-block-heading\">Classe Especial<\/h4>\n\n\n\n<figure class=\"wp-block-table\"><table class=\"has-fixed-layout\"><thead><tr><th>Padr\u00e3o<\/th><th>Vencimento B\u00e1sico<\/th><th>GADP (25%)<\/th><th>Remunera\u00e7\u00e3o Total<\/th><\/tr><\/thead><tbody><tr><td>V<\/td><td>R$ 11.471,05<\/td><td>R$ 2.867,76<\/td><td><strong>R$ 14.338,81<\/strong><\/td><\/tr><tr><td>IV<\/td><td>R$ 11.329,44<\/td><td>R$ 2.832,36<\/td><td><strong>R$ 14.161,80<\/strong><\/td><\/tr><tr><td>III<\/td><td>R$ 11.189,57<\/td><td>R$ 2.797,39<\/td><td><strong>R$ 13.986,96<\/strong><\/td><\/tr><tr><td>II<\/td><td>R$ 11.051,43<\/td><td>R$ 2.762,85<\/td><td><strong>R$ 13.814,28<\/strong><\/td><\/tr><tr><td>I<\/td><td>R$ 10.914,97<\/td><td>R$ 2.728,74<\/td><td><strong>R$ 13.643,71<\/strong><\/td><\/tr><\/tbody><\/table><\/figure>\n\n\n\n<h2 class=\"wp-block-heading\">Benef\u00edcios atrativos<\/h2>\n\n\n\n<p>Al\u00e9m da remunera\u00e7\u00e3o base acrescida da GADP, os servidores da carreira contam com uma s\u00e9rie de benef\u00edcios previstos na <strong><a href=\"https:\/\/egov.df.gov.br\/wp-content\/uploads\/2019\/03\/Apresenta%C3%A7%C3%A3o_Lei-Complementar-n.-840_2011_Hudson-Rocha-de-Oliveira_EGOV.pdf\" data-type=\"link\" data-id=\"https:\/\/egov.df.gov.br\/wp-content\/uploads\/2019\/03\/Apresenta%C3%A7%C3%A3o_Lei-Complementar-n.-840_2011_Hudson-Rocha-de-Oliveira_EGOV.pdf\" target=\"_blank\" rel=\"noopener\">Lei Complementar n\u00ba 840\/2011<\/a><\/strong> e demais normativos:<\/p>\n\n\n\n<ul class=\"wp-block-list\">\n<li><strong>13\u00ba sal\u00e1rio<\/strong>: pago no m\u00eas de anivers\u00e1rio do servidor, na propor\u00e7\u00e3o de 1\/12 por m\u00eas de exerc\u00edcio<\/li>\n\n\n\n<li><strong>Adicional por Tempo de Servi\u00e7o (ATS \u2013 anu\u00eanio)<\/strong>: 1% para cada ano de efetivo exerc\u00edcio<\/li>\n\n\n\n<li><strong>Horas extras<\/strong>: acr\u00e9scimo de 50% sobre o valor da hora contratual<\/li>\n\n\n\n<li><strong>Aux\u00edlio Alimenta\u00e7\u00e3o<\/strong>: R$ 394,50<\/li>\n\n\n\n<li><strong>Aux\u00edlio Transporte (Vale Transporte)<\/strong>: com desconto de 6% sobre o vencimento<\/li>\n\n\n\n<li><strong>Aux\u00edlio Natalidade<\/strong>: valor equivalente ao menor vencimento do servi\u00e7o p\u00fablico distrital<\/li>\n\n\n\n<li><strong>Aux\u00edlio Funeral<\/strong>: equivalente \u00e0 \u00faltima remunera\u00e7\u00e3o ou provento do servidor<\/li>\n\n\n\n<li><strong>Aux\u00edlio Creche<\/strong>: R$ 95,00 por filho (faixa et\u00e1ria de 0 a 6 anos)<\/li>\n\n\n\n<li><strong>F\u00e9rias<\/strong>: 30 dias com adicional de 1\/3 da remunera\u00e7\u00e3o + possibilidade de abono pecuni\u00e1rio<\/li>\n\n\n\n<li><strong>Abono de ponto<\/strong>: 5 dias anuais para servidores sem faltas no per\u00edodo anterior<\/li>\n\n\n\n<li><strong>Licen\u00e7a-pr\u00eamio por assiduidade<\/strong>: 3 meses para cada quinqu\u00eanio de efetivo exerc\u00edcio<\/li>\n<\/ul>\n\n\n\n<h2 class=\"wp-block-heading\">Concurso DPDF: sal\u00e1rio real de servidores ativos<\/h2>\n\n\n\n<p>Em consulta ao portal da transpar\u00eancia, \u00e9 poss\u00edvel conferir quanto servidores ativos est\u00e3o recebendo, para se ter uma ideia real dos ganhos. Confira alguns exemplos, abaixo:<\/p>\n\n\n\n<figure class=\"wp-block-image aligncenter size-full is-resized\"><img fetchpriority=\"high\" decoding=\"async\" width=\"705\" height=\"561\" src=\"https:\/\/magistrarcursos.com.br\/blog\/wp-content\/uploads\/2026\/04\/Screenshot-1-6.png\" alt=\"\" class=\"wp-image-35757\" style=\"width:601px;height:auto\" srcset=\"https:\/\/magistrarcursos.com.br\/blog\/wp-content\/uploads\/2026\/04\/Screenshot-1-6.png 705w, https:\/\/magistrarcursos.com.br\/blog\/wp-content\/uploads\/2026\/04\/Screenshot-1-6-300x239.png 300w\" sizes=\"(max-width: 705px) 100vw, 705px\" \/><\/figure>\n\n\n\n<h2 class=\"wp-block-heading\">Prepare-se para o Concurso DPDF com o Magistrar!<\/h2>\n\n\n\n<p>Voc\u00ea n\u00e3o precisa de mais um curso. Voc\u00ea precisa de um sistema! O&nbsp;<strong>C\u00c9REBRO ANALISTAS<\/strong>&nbsp;organiza, qualifica e simplifica a sua prepara\u00e7\u00e3o para o concurso de Analista da DPDF.<\/p>\n\n\n\n<figure class=\"wp-block-image size-full\"><a href=\"https:\/\/t.magistrarcursos.com.br\/cerebro-analistas\/?utm_source=blog\" target=\"_blank\" rel=\" noreferrer noopener\"><img decoding=\"async\" width=\"640\" height=\"200\" src=\"https:\/\/magistrarcursos.com.br\/blog\/wp-content\/uploads\/2026\/03\/cerebro-analistas.webp\" alt=\"\" class=\"wp-image-35357\" srcset=\"https:\/\/magistrarcursos.com.br\/blog\/wp-content\/uploads\/2026\/03\/cerebro-analistas.webp 640w, https:\/\/magistrarcursos.com.br\/blog\/wp-content\/uploads\/2026\/03\/cerebro-analistas-300x94.webp 300w\" sizes=\"(max-width: 640px) 100vw, 640px\" \/><\/a><\/figure>\n","protected":false},"excerpt":{"rendered":"<p>Com banca j\u00e1 definida edital deve ser publicado at\u00e9 meados de 2026; mais de 250 novos cargos podem ser criados<\/p>\n","protected":false},"author":18,"featured_media":31990,"comment_status":"closed","ping_status":"closed","sticky":false,"template":"","format":"standard","meta":{"footnotes":""},"categories":[48,106],"tags":[],"class_list":["post-35746","post","type-post","status-publish","format-standard","has-post-thumbnail","hentry","category-noticias","category-defensoria-publica"],"_links":{"self":[{"href":"https:\/\/magistrarcursos.com.br\/blog\/wp-json\/wp\/v2\/posts\/35746","targetHints":{"allow":["GET"]}}],"collection":[{"href":"https:\/\/magistrarcursos.com.br\/blog\/wp-json\/wp\/v2\/posts"}],"about":[{"href":"https:\/\/magistrarcursos.com.br\/blog\/wp-json\/wp\/v2\/types\/post"}],"author":[{"embeddable":true,"href":"https:\/\/magistrarcursos.com.br\/blog\/wp-json\/wp\/v2\/users\/18"}],"replies":[{"embeddable":true,"href":"https:\/\/magistrarcursos.com.br\/blog\/wp-json\/wp\/v2\/comments?post=35746"}],"version-history":[{"count":2,"href":"https:\/\/magistrarcursos.com.br\/blog\/wp-json\/wp\/v2\/posts\/35746\/revisions"}],"predecessor-version":[{"id":35760,"href":"https:\/\/magistrarcursos.com.br\/blog\/wp-json\/wp\/v2\/posts\/35746\/revisions\/35760"}],"wp:featuredmedia":[{"embeddable":true,"href":"https:\/\/magistrarcursos.com.br\/blog\/wp-json\/wp\/v2\/media\/31990"}],"wp:attachment":[{"href":"https:\/\/magistrarcursos.com.br\/blog\/wp-json\/wp\/v2\/media?parent=35746"}],"wp:term":[{"taxonomy":"category","embeddable":true,"href":"https:\/\/magistrarcursos.com.br\/blog\/wp-json\/wp\/v2\/categories?post=35746"},{"taxonomy":"post_tag","embeddable":true,"href":"https:\/\/magistrarcursos.com.br\/blog\/wp-json\/wp\/v2\/tags?post=35746"}],"curies":[{"name":"wp","href":"https:\/\/api.w.org\/{rel}","templated":true}]}}