{"id":35766,"date":"2026-04-29T10:11:41","date_gmt":"2026-04-29T13:11:41","guid":{"rendered":"https:\/\/magistrarcursos.com.br\/blog\/?p=35766"},"modified":"2026-04-29T10:18:23","modified_gmt":"2026-04-29T13:18:23","slug":"cnmp-aprova-nova-regra-que-obriga-promotores-a-residirem-na-comarca-de-atuacao","status":"publish","type":"post","link":"https:\/\/magistrarcursos.com.br\/blog\/cnmp-aprova-nova-regra-que-obriga-promotores-a-residirem-na-comarca-de-atuacao\/","title":{"rendered":"CNMP aprova nova regra que obriga Promotores a residirem na comarca de atua\u00e7\u00e3o"},"content":{"rendered":"\n<p>O Plen\u00e1rio do Conselho Nacional do Minist\u00e9rio P\u00fablico (CNMP) aprovou, na \u00faltima ter\u00e7a-feira (28\/4), uma nova resolu\u00e7\u00e3o que exige que membros do Minist\u00e9rio P\u00fablico estadual residam na comarca ou localidade onde exercem suas fun\u00e7\u00f5es. <\/p>\n\n\n\n<p>A decis\u00e3o, tomada durante a 6\u00aa Sess\u00e3o Ordin\u00e1ria de 2026, revoga a <strong><a href=\"https:\/\/www.cnmp.mp.br\/portal\/atos-e-normas\/norma\/519\/\" data-type=\"link\" data-id=\"https:\/\/www.cnmp.mp.br\/portal\/atos-e-normas\/norma\/519\/\" target=\"_blank\" rel=\"noopener\">Resolu\u00e7\u00e3o CNMP n\u00ba 26\/2007<\/a><\/strong> e representa uma mudan\u00e7a significativa na rotina de <strong><a href=\"https:\/\/magistrarcursos.com.br\/blog\/promotor-de-justica\/\" data-type=\"link\" data-id=\"https:\/\/magistrarcursos.com.br\/blog\/promotor-de-justica\/\">promotores de justi\u00e7a<\/a><\/strong> em todo o pa\u00eds.<\/p>\n\n\n\n<p>A proposta, apresentada pelo presidente do CNMP e procurador-geral da Rep\u00fablica, Paulo Gonet, em setembro de 2025, foi relatada pelo conselheiro Clementino Rodrigues, que destacou que o texto \u201crepresenta um avan\u00e7o institucional expressivo, alinhado aos valores constitucionais de proximidade do Minist\u00e9rio P\u00fablico com a sociedade\u201d.<\/p>\n\n\n\n<h2 class=\"wp-block-heading\">Regra geral: resid\u00eancia na comarca e atua\u00e7\u00e3o presencial<\/h2>\n\n\n\n<p>De acordo com o texto aprovado, o membro do Minist\u00e9rio P\u00fablico estadual dever\u00e1 residir na respectiva comarca. Excepcionalmente, ser\u00e1 admitida resid\u00eancia em munic\u00edpio pertencente \u00e0 mesma regi\u00e3o metropolitana ou aglomera\u00e7\u00e3o urbana, conforme disciplina a ser definida por cada unidade da federa\u00e7\u00e3o.<\/p>\n\n\n\n<p>Al\u00e9m disso, a norma estabelece que as fun\u00e7\u00f5es ministeriais e administrativas devem ser exercidas <strong>presencialmente<\/strong>, embora admita o trabalho h\u00edbrido ou remoto nos termos de regulamenta\u00e7\u00e3o a ser editada pelo chefe da institui\u00e7\u00e3o, respeitados os princ\u00edpios da efici\u00eancia, economicidade e supremacia do interesse p\u00fablico.<\/p>\n\n\n\n<p><strong><em>Participe do Movimento Lei Seca no WhatsApp: leitura guiada dos artigos mais cobrados em concursos p\u00fablicos!<\/em><\/strong><\/p>\n\n\n\n<div class=\"wp-block-group has-text-color has-background has-link-color has-medium-font-size wp-elements-7008633959dfa252cdbadf3a46794de4 is-layout-constrained wp-block-group-is-layout-constrained\" style=\"color:#7d672c;background-color:#186247\">\n<p class=\"has-text-align-center\"><strong><a href=\"https:\/\/t.magistrarcursos.com.br\/lp\/grupo-lei-seca-enam\/?utm_source=blog\">QUERO PARTICIPAR DO MOVIMENTO LEI SECA!<\/a><\/strong><\/p>\n<\/div>\n\n\n\n<h3 class=\"wp-block-heading\">Exce\u00e7\u00f5es: quando o promotor poder\u00e1 morar fora da comarca?<\/h3>\n\n\n\n<p>A autoriza\u00e7\u00e3o para residir fora da comarca de lota\u00e7\u00e3o ter\u00e1 <strong>car\u00e1ter excepcional<\/strong> e depender\u00e1 do cumprimento <strong>cumulativo<\/strong> de requisitos rigorosos:<\/p>\n\n\n\n<ul class=\"wp-block-list\">\n<li><strong>Proximidade geogr\u00e1fica<\/strong>: localidade que permita deslocamento regular, com dist\u00e2ncia n\u00e3o superior a limite fixado pelo procurador-geral;<\/li>\n\n\n\n<li><strong>Aus\u00eancia de preju\u00edzo funcional<\/strong>: manuten\u00e7\u00e3o do pleno exerc\u00edcio das atividades, com comparecimento regular \u00e0 unidade;<\/li>\n\n\n\n<li><strong>Idoneidade disciplinar<\/strong>: inexist\u00eancia de san\u00e7\u00e3o definitiva nos 12 meses anteriores ao pedido;<\/li>\n\n\n\n<li><strong>Produtividade adequada<\/strong>: desempenho igual ou superior \u00e0 m\u00e9dia da unidade, cumprimento das metas do Plano Nacional de Atua\u00e7\u00e3o Estrat\u00e9gica do MP (PNAE) e aus\u00eancia de atrasos injustificados.<\/li>\n<\/ul>\n\n\n\n<p>Tamb\u00e9m ser\u00e3o consideradas situa\u00e7\u00f5es relevantes de <strong>seguran\u00e7a<\/strong>, <strong>sa\u00fade<\/strong> ou casos que importem <strong>maior efici\u00eancia administrativa<\/strong>. O membro que pleitear a exce\u00e7\u00e3o dever\u00e1 apresentar um plano de atua\u00e7\u00e3o detalhando as atividades judiciais e extrajudiciais a serem desempenhadas.<\/p>\n\n\n\n<h3 class=\"wp-block-heading\">Fiscaliza\u00e7\u00e3o e consequ\u00eancias<\/h3>\n\n\n\n<p>As Corregedorias dos Minist\u00e9rios P\u00fablicos estaduais realizar\u00e3o acompanhamento peri\u00f3dico e sistem\u00e1tico do cumprimento das obriga\u00e7\u00f5es. O descumprimento das condi\u00e7\u00f5es poder\u00e1 levar \u00e0 <strong>revoga\u00e7\u00e3o imediata<\/strong> da autoriza\u00e7\u00e3o, al\u00e9m de eventual apura\u00e7\u00e3o disciplinar.<\/p>\n\n\n\n<h2 class=\"wp-block-heading\">MPU fica de fora: regulamenta\u00e7\u00e3o pr\u00f3pria<\/h2>\n\n\n\n<p>A resolu\u00e7\u00e3o n\u00e3o se aplica aos ramos do <strong>Minist\u00e9rio P\u00fablico da Uni\u00e3o (MPU)<\/strong>, que inclui MP Federal (MPF), MP do Trabalho (MPT), MP Militar (MPM) e MP do Distrito Federal e Territ\u00f3rios (MPDFT). A regulamenta\u00e7\u00e3o da resid\u00eancia e do regime de trabalho para esses membros ser\u00e1 definida pelo <strong>procurador-geral da Rep\u00fablica<\/strong>, considerando as compet\u00eancias espec\u00edficas de cada ramo.<\/p>\n\n\n\n<p><strong>Leia tamb\u00e9m: <a href=\"https:\/\/magistrarcursos.com.br\/blog\/lula-sanciona-reajuste-para-servidores-do-mpu-e-do-cnmp-mas-veta-parcelas-de-2027-e-2028\/\" data-type=\"link\" data-id=\"https:\/\/magistrarcursos.com.br\/blog\/lula-sanciona-reajuste-para-servidores-do-mpu-e-do-cnmp-mas-veta-parcelas-de-2027-e-2028\/\">Lula sanciona reajuste de 8% para servidores do MPU e do CNMP, mas veta parcelas de 2027 e 2028<\/a><\/strong><\/p>\n\n\n\n<h2 class=\"wp-block-heading\">Prazos para os estados e pr\u00f3ximos passos<\/h2>\n\n\n\n<p>As unidades do Minist\u00e9rio P\u00fablico estadual ter\u00e3o <strong>at\u00e9 60 dias<\/strong> para editar atos normativos complementares, adequando as regras \u00e0s suas peculiaridades. Os procuradores-gerais dever\u00e3o informar \u00e0 Corregedoria Nacional do MP, em at\u00e9 90 dias ap\u00f3s a publica\u00e7\u00e3o da resolu\u00e7\u00e3o, as provid\u00eancias adotadas.<\/p>\n\n\n\n<p>Antes de entrar em vigor, a proposta aprovada seguir\u00e1 para a <strong>Comiss\u00e3o de Acompanhamento Legislativo e Jurisprud\u00eancia (Calj)<\/strong> , que apresentar\u00e1 a reda\u00e7\u00e3o final do texto. Em seguida, voltar\u00e1 ao plen\u00e1rio do CNMP para homologa\u00e7\u00e3o e, ap\u00f3s publica\u00e7\u00e3o no Di\u00e1rio Eletr\u00f4nico do Conselho, passar\u00e1 a valer.<\/p>\n\n\n\n<h2 class=\"wp-block-heading\">Impacto para concurseiros e carreira no MP<\/h2>\n\n\n\n<p>A nova regra impacta diretamente a rotina de quem ingressa na carreira do Minist\u00e9rio P\u00fablico estadual. Para os candidatos que se preparam para concursos da \u00e1rea, a exig\u00eancia de resid\u00eancia na comarca, muitas vezes em cidades do interior, refor\u00e7a a necessidade de planejamento e disponibilidade para mudan\u00e7a de domic\u00edlio.<\/p>\n\n\n\n<p>Especialistas apontam que a medida busca fortalecer o v\u00ednculo do promotor com a comunidade local e garantir maior efetividade na atua\u00e7\u00e3o ministerial, mas tamb\u00e9m imp\u00f5e desafios log\u00edsticos, especialmente em comarcas distantes dos grandes centros urbanos.<\/p>\n\n\n\n<p>O Magistrar continuar\u00e1 acompanhando os desdobramentos da nova resolu\u00e7\u00e3o. Confira a <strong><a href=\"https:\/\/www2.cnmp.mp.br\/portal\/component\/normas\/norma\/12129\" data-type=\"link\" data-id=\"https:\/\/www2.cnmp.mp.br\/portal\/component\/normas\/norma\/12129\" target=\"_blank\" rel=\"noopener\">Proposta de Resolu\u00e7\u00e3o<\/a><\/strong> na \u00edntegra!<\/p>\n\n\n\n<figure class=\"wp-block-image size-full\"><a href=\"https:\/\/t.magistrarcursos.com.br\/cerebro-juridico\/?utm_source=blog\" target=\"_blank\" rel=\" noreferrer noopener\"><img fetchpriority=\"high\" decoding=\"async\" width=\"800\" height=\"237\" src=\"https:\/\/magistrarcursos.com.br\/blog\/wp-content\/uploads\/2026\/04\/banner-vitalicia-cerebro.webp\" alt=\"\" class=\"wp-image-34598\" srcset=\"https:\/\/magistrarcursos.com.br\/blog\/wp-content\/uploads\/2026\/04\/banner-vitalicia-cerebro.webp 800w, https:\/\/magistrarcursos.com.br\/blog\/wp-content\/uploads\/2026\/04\/banner-vitalicia-cerebro-300x89.webp 300w, https:\/\/magistrarcursos.com.br\/blog\/wp-content\/uploads\/2026\/04\/banner-vitalicia-cerebro-768x228.webp 768w\" sizes=\"(max-width: 800px) 100vw, 800px\" \/><\/a><\/figure>\n","protected":false},"excerpt":{"rendered":"<p>Norma revoga resolu\u00e7\u00e3o de 2007, disciplina trabalho presencial e imp\u00f5e crit\u00e9rios rigorosos para exce\u00e7\u00f5es; MPU fica de fora e ter\u00e1 regulamenta\u00e7\u00e3o pr\u00f3pria<\/p>\n","protected":false},"author":18,"featured_media":25592,"comment_status":"closed","ping_status":"closed","sticky":false,"template":"","format":"standard","meta":{"footnotes":""},"categories":[48,115],"tags":[],"class_list":["post-35766","post","type-post","status-publish","format-standard","has-post-thumbnail","hentry","category-noticias","category-ministerio-publico"],"_links":{"self":[{"href":"https:\/\/magistrarcursos.com.br\/blog\/wp-json\/wp\/v2\/posts\/35766","targetHints":{"allow":["GET"]}}],"collection":[{"href":"https:\/\/magistrarcursos.com.br\/blog\/wp-json\/wp\/v2\/posts"}],"about":[{"href":"https:\/\/magistrarcursos.com.br\/blog\/wp-json\/wp\/v2\/types\/post"}],"author":[{"embeddable":true,"href":"https:\/\/magistrarcursos.com.br\/blog\/wp-json\/wp\/v2\/users\/18"}],"replies":[{"embeddable":true,"href":"https:\/\/magistrarcursos.com.br\/blog\/wp-json\/wp\/v2\/comments?post=35766"}],"version-history":[{"count":2,"href":"https:\/\/magistrarcursos.com.br\/blog\/wp-json\/wp\/v2\/posts\/35766\/revisions"}],"predecessor-version":[{"id":35773,"href":"https:\/\/magistrarcursos.com.br\/blog\/wp-json\/wp\/v2\/posts\/35766\/revisions\/35773"}],"wp:featuredmedia":[{"embeddable":true,"href":"https:\/\/magistrarcursos.com.br\/blog\/wp-json\/wp\/v2\/media\/25592"}],"wp:attachment":[{"href":"https:\/\/magistrarcursos.com.br\/blog\/wp-json\/wp\/v2\/media?parent=35766"}],"wp:term":[{"taxonomy":"category","embeddable":true,"href":"https:\/\/magistrarcursos.com.br\/blog\/wp-json\/wp\/v2\/categories?post=35766"},{"taxonomy":"post_tag","embeddable":true,"href":"https:\/\/magistrarcursos.com.br\/blog\/wp-json\/wp\/v2\/tags?post=35766"}],"curies":[{"name":"wp","href":"https:\/\/api.w.org\/{rel}","templated":true}]}}