{"id":35847,"date":"2026-04-29T16:20:02","date_gmt":"2026-04-29T19:20:02","guid":{"rendered":"https:\/\/magistrarcursos.com.br\/blog\/?p=35847"},"modified":"2026-04-29T16:20:02","modified_gmt":"2026-04-29T19:20:02","slug":"concurso-iss-angra-dos-reis-inscricoes-encerradas","status":"publish","type":"post","link":"https:\/\/magistrarcursos.com.br\/blog\/concurso-iss-angra-dos-reis-inscricoes-encerradas\/","title":{"rendered":"Concurso ISS Angra dos Reis: inscri\u00e7\u00f5es encerradas; provas em 31 de maio"},"content":{"rendered":"\n<p>As inscri\u00e7\u00f5es para o concurso <strong><a href=\"https:\/\/magistrarcursos.com.br\/blog\/concurso-iss-angra-dos-reis\/\" target=\"_blank\" rel=\"noreferrer noopener\">ISS Angra dos Reis<\/a><\/strong>, da Secretaria Municipal de Finan\u00e7as do munic\u00edpio, foram encerradas nesta quarta-feira (<strong>29 de abril de 2026<\/strong>) \u00e0s 16h.<\/p>\n\n\n\n<p>O certame oferta <strong>20 vagas imediatas<\/strong> mais cadastro de reserva para o cargo de Agente Tribut\u00e1rio, com exig\u00eancia de n\u00edvel superior em qualquer \u00e1rea de forma\u00e7\u00e3o. As provas objetivas est\u00e3o marcadas para <strong>31 de maio de 2026<\/strong>, \u00e0s 13h.<\/p>\n\n\n\n<p>Esta \u00e9 a primeira sele\u00e7\u00e3o para a carreira de Agente Tribut\u00e1rio em Angra dos Reis, cargo criado em maio de 2025 no \u00e2mbito da Secretaria Municipal de Finan\u00e7as. O prazo para pagamento da taxa de <strong>R$ 130<\/strong> vai at\u00e9 <strong>30 de abril<\/strong>.<\/p>\n\n\n\n<p><a href=\"https:\/\/magistrarcursos.com.br\/blog\/wp-content\/uploads\/2026\/03\/edital-concurso-iss-angra-dos-reis.pdf\" target=\"_blank\" rel=\"noreferrer noopener\"><strong>Confira o edital do Concurso ISS Angra dos Reis<\/strong><\/a><\/p>\n\n\n\n<h2 class=\"wp-block-heading\"><strong>Remunera\u00e7\u00e3o e benef\u00edcios do concurso ISS Angra dos Reis<\/strong><\/h2>\n\n\n\n<p>A <strong>remunera\u00e7\u00e3o<\/strong> do <strong>Agente Tribut\u00e1rio<\/strong> \u00e9 formada pelo vencimento b\u00e1sico e por benef\u00edcios previstos em lei. O vencimento b\u00e1sico inicial \u00e9 de <strong>R$ 4.665,12<\/strong>.<\/p>\n\n\n\n<p>Al\u00e9m disso, o cargo conta com <strong>vale-alimenta\u00e7\u00e3o\/refei\u00e7\u00e3o<\/strong> de <strong>R$ 808,94<\/strong>, <strong>conv\u00eanio de sa\u00fade<\/strong> conforme a legisla\u00e7\u00e3o municipal e outros benef\u00edcios, como <strong>anu\u00eanio<\/strong> e <strong>vale-transporte<\/strong>. Com esses valores, o <strong>total inicial aproximado<\/strong> chega a <strong>R$ 5.474,06<\/strong>.<\/p>\n\n\n\n<p>A <strong>jornada de trabalho<\/strong> \u00e9 de <strong>35 horas semanais<\/strong>. A carreira tamb\u00e9m prev\u00ea <strong>progress\u00e3o funcional<\/strong> e a participa\u00e7\u00e3o em <strong>programas de qualifica\u00e7\u00e3o<\/strong>, incluindo forma\u00e7\u00e3o inicial e prepara\u00e7\u00e3o para fun\u00e7\u00f5es de coordena\u00e7\u00e3o.<\/p>\n\n\n\n<h2 class=\"wp-block-heading\"><strong>Estrutura da sele\u00e7\u00e3o<\/strong><\/h2>\n\n\n\n<p>O certame ser\u00e1 realizado em <strong>etapa \u00fanica<\/strong>, com <strong>prova objetiva<\/strong> de <strong>m\u00faltipla escolha<\/strong>, composta por <strong>60 quest\u00f5es<\/strong> e com <strong>dura\u00e7\u00e3o de 4 horas<\/strong>. N\u00e3o haver\u00e1 prova discursiva.<\/p>\n\n\n\n<p>A prova ser\u00e1 dividida entre <strong>Conhecimentos Gerais<\/strong> (L\u00edngua Portuguesa, Racioc\u00ednio L\u00f3gico e Administra\u00e7\u00e3o P\u00fablica) e <strong>Conhecimentos Espec\u00edficos<\/strong> (Direito Tribut\u00e1rio, Direito Constitucional e Legisla\u00e7\u00e3o Municipal).<\/p>\n\n\n\n<p>Para ser <strong>considerado aprovado<\/strong>, o candidato deve atingir, de forma cumulativa, <strong>m\u00ednimo de 5 pontos<\/strong> em <strong>Conhecimentos Gerais<\/strong> (20% do total), <strong>m\u00ednimo de 30 pontos<\/strong> em <strong>Conhecimentos Espec\u00edficos<\/strong> (40% do total) e <strong>m\u00ednimo de 60 pontos<\/strong> na <strong>pontua\u00e7\u00e3o total<\/strong> (60% do total).<\/p>\n","protected":false},"excerpt":{"rendered":"<p>Instituto Consulplan organiza certame com 20 vagas e sal\u00e1rio de R$ 4.665,12; \u00faltimas horas para se inscrever<\/p>\n","protected":false},"author":17,"featured_media":30220,"comment_status":"closed","ping_status":"closed","sticky":false,"template":"","format":"standard","meta":{"footnotes":""},"categories":[100,117],"tags":[],"class_list":["post-35847","post","type-post","status-publish","format-standard","has-post-thumbnail","hentry","category-concursos","category-fiscal"],"_links":{"self":[{"href":"https:\/\/magistrarcursos.com.br\/blog\/wp-json\/wp\/v2\/posts\/35847","targetHints":{"allow":["GET"]}}],"collection":[{"href":"https:\/\/magistrarcursos.com.br\/blog\/wp-json\/wp\/v2\/posts"}],"about":[{"href":"https:\/\/magistrarcursos.com.br\/blog\/wp-json\/wp\/v2\/types\/post"}],"author":[{"embeddable":true,"href":"https:\/\/magistrarcursos.com.br\/blog\/wp-json\/wp\/v2\/users\/17"}],"replies":[{"embeddable":true,"href":"https:\/\/magistrarcursos.com.br\/blog\/wp-json\/wp\/v2\/comments?post=35847"}],"version-history":[{"count":1,"href":"https:\/\/magistrarcursos.com.br\/blog\/wp-json\/wp\/v2\/posts\/35847\/revisions"}],"predecessor-version":[{"id":35848,"href":"https:\/\/magistrarcursos.com.br\/blog\/wp-json\/wp\/v2\/posts\/35847\/revisions\/35848"}],"wp:featuredmedia":[{"embeddable":true,"href":"https:\/\/magistrarcursos.com.br\/blog\/wp-json\/wp\/v2\/media\/30220"}],"wp:attachment":[{"href":"https:\/\/magistrarcursos.com.br\/blog\/wp-json\/wp\/v2\/media?parent=35847"}],"wp:term":[{"taxonomy":"category","embeddable":true,"href":"https:\/\/magistrarcursos.com.br\/blog\/wp-json\/wp\/v2\/categories?post=35847"},{"taxonomy":"post_tag","embeddable":true,"href":"https:\/\/magistrarcursos.com.br\/blog\/wp-json\/wp\/v2\/tags?post=35847"}],"curies":[{"name":"wp","href":"https:\/\/api.w.org\/{rel}","templated":true}]}}