{"id":35867,"date":"2026-05-01T08:00:00","date_gmt":"2026-05-01T11:00:00","guid":{"rendered":"https:\/\/magistrarcursos.com.br\/blog\/?p=35867"},"modified":"2026-04-29T20:55:50","modified_gmt":"2026-04-29T23:55:50","slug":"concursos-policiais-previstos-para-maio-de-2026-veja-editais-confirmados-e-selecoes-em-preparacao","status":"publish","type":"post","link":"https:\/\/magistrarcursos.com.br\/blog\/concursos-policiais-previstos-para-maio-de-2026-veja-editais-confirmados-e-selecoes-em-preparacao\/","title":{"rendered":"Concursos policiais previstos para maio de 2026: veja editais confirmados e sele\u00e7\u00f5es em prepara\u00e7\u00e3o"},"content":{"rendered":"\n<p>Maio de 2026 se consolida como um m\u00eas estrat\u00e9gico para quem deseja ingressar na \u00e1rea de seguran\u00e7a p\u00fablica. Em diversas regi\u00f5es do pa\u00eds, h\u00e1 concursos policiais em est\u00e1gio avan\u00e7ado, com comiss\u00f5es j\u00e1 formadas, bancas organizadoras definidas e at\u00e9 editais com previs\u00e3o de publica\u00e7\u00e3o nas pr\u00f3ximas semanas.<\/p>\n\n\n\n<p>As oportunidades abrangem as Pol\u00edcias Civil, Militar e Penal, com oferta prevista de milhares de vagas para cargos de n\u00edveis m\u00e9dio e superior.<\/p>\n\n\n\n<p><em>A seguir, confira a situa\u00e7\u00e3o atual dos principais concursos policiais previstos para maio de 2026.<\/em><\/p>\n\n\n\n<h2 class=\"wp-block-heading\">Pol\u00edcia Penal PB: banca definida e edital esperado para o primeiro semestre de 2026<\/h2>\n\n\n\n<p>O<a href=\"https:\/\/magistrarcursos.com.br\/blog\/concurso-policia-penal-pb\/\" target=\"_blank\" rel=\"noreferrer noopener\">&nbsp;<strong>concurso da Pol\u00edcia Penal da Para\u00edba<\/strong><\/a>&nbsp;est\u00e1 em fase de prepara\u00e7\u00e3o e j\u00e1 conta com banca organizadora definida. O <strong>Idecan<\/strong> ser\u00e1 respons\u00e1vel pela elabora\u00e7\u00e3o e aplica\u00e7\u00e3o das provas, al\u00e9m da condu\u00e7\u00e3o das demais etapas do certame.<\/p>\n\n\n\n<p>A previs\u00e3o inicial era de publica\u00e7\u00e3o do edital at\u00e9 o fim de 2025, conforme declarou o secret\u00e1rio de Estado da Administra\u00e7\u00e3o, Tib\u00e9rio Limeira, em entrevista ao programa Arapuan Verdade. Na ocasi\u00e3o, o gestor destacou a necessidade urgente de refor\u00e7o no efetivo, especialmente diante da inaugura\u00e7\u00e3o de duas unidades prisionais em Gurinh\u00e9m, que devem demandar entre 700 e 900 novos policiais penais.<\/p>\n\n\n\n<p>Apesar do adiamento,&nbsp;<strong>a expectativa atual \u00e9 de que o edital seja publicado no primeiro semestre de 2026, mantendo a estimativa de 1.000 vagas<\/strong>.<\/p>\n\n\n\n<p>O Portal Nacional de Contrata\u00e7\u00f5es P\u00fablicas registra o Contrato n\u00ba 00024\/2025, firmado entre o Governo da Para\u00edba e o Idecan, com vig\u00eancia at\u00e9 fevereiro de 2027. O documento confirma que o Estado j\u00e1 concluiu as etapas administrativas necess\u00e1rias,<strong>&nbsp;restando apenas a publica\u00e7\u00e3o do edital espec\u00edfico<\/strong>.<\/p>\n\n\n\n<h2 class=\"wp-block-heading\">PC DF Agente de Cust\u00f3dia: edital pronto para publica\u00e7\u00e3o<\/h2>\n\n\n\n<p>O cen\u00e1rio do&nbsp;<a href=\"https:\/\/magistrarcursos.com.br\/blog\/concurso-policia-civil-df\/\" target=\"_blank\" rel=\"noreferrer noopener\"><strong>concurso da Pol\u00edcia Civil do Distrito Federal<\/strong><\/a>&nbsp;envolve diferentes autoriza\u00e7\u00f5es. Embora o governador Ibaneis Rocha tenha mencionado mais de 600 vagas para a corpora\u00e7\u00e3o, oficialmente foram autorizadas 315 vagas em dezembro de 2024 para os cargos de Perito Criminal, Perito M\u00e9dico-Legista e Papiloscopista.<\/p>\n\n\n\n<p>No entanto, para o&nbsp;<strong>cargo de Agente de Cust\u00f3dia<\/strong>, a situa\u00e7\u00e3o \u00e9 ainda mais avan\u00e7ada. Segundo o delegado-geral Jos\u00e9 Werick de Carvalho,&nbsp;<strong>o edital j\u00e1 est\u00e1 pronto para publica\u00e7\u00e3o<\/strong>.<\/p>\n\n\n\n<p>A sele\u00e7\u00e3o dever\u00e1 ofertar&nbsp;<strong>50 vagas imediatas, al\u00e9m de 100 oportunidades para cadastro de reserva<\/strong>. O concurso j\u00e1 conta com o&nbsp;<strong>Cebraspe como banca organizadora<\/strong>.<\/p>\n\n\n\n<h2 class=\"wp-block-heading\">PC BA Escriv\u00e3o e Investigador: defini\u00e7\u00e3o da banca \u00e9 aguardada para maio<\/h2>\n\n\n\n<p>O&nbsp;<a href=\"https:\/\/magistrarcursos.com.br\/blog\/concurso-policia-civil-ba\/\" target=\"_blank\" rel=\"noreferrer noopener\"><strong>concurso da Pol\u00edcia Civil da Bahia<\/strong><\/a>&nbsp;integra o planejamento do governo estadual para recomposi\u00e7\u00e3o do quadro da corpora\u00e7\u00e3o. A comiss\u00e3o organizadora foi institu\u00edda oficialmente em 3 de dezembro de 2025.<\/p>\n\n\n\n<p>Est\u00e3o previstas&nbsp;<strong>750 vagas imediatas, distribu\u00eddas entre Investigador (500), Escriv\u00e3o (150) e Delegado (100)<\/strong>.<\/p>\n\n\n\n<p>O pr\u00f3ximo passo \u00e9 a\u00a0<strong>defini\u00e7\u00e3o e contrata\u00e7\u00e3o da banca organizadora<\/strong>. Segundo o secret\u00e1rio de Seguran\u00e7a P\u00fablica, Marcelo Werner, o processo sofreu atraso por quest\u00f5es or\u00e7ament\u00e1rias, mas a situa\u00e7\u00e3o j\u00e1 foi normalizada e a\u00a0contrata\u00e7\u00e3o que ocorreria at\u00e9 o final de mar\u00e7o, dever\u00e1 ser realizada ao longo de maio.<\/p>\n\n\n\n<p>Com o encerramento da validade do \u00faltimo concurso, prorrogada at\u00e9 novembro de 2024, a abertura de um novo edital em 2026 torna-se essencial.<\/p>\n\n\n\n<h2 class=\"wp-block-heading\">Pol\u00edcia Penal RN: edital pode sair a qualquer momento<\/h2>\n\n\n\n<p>O<a href=\"https:\/\/magistrarcursos.com.br\/blog\/concurso-policia-penal-rn\/\" target=\"_blank\" rel=\"noreferrer noopener\"><strong>&nbsp;concurso da Pol\u00edcia Penal do Rio Grande do Norte<\/strong><\/a>&nbsp;foi autorizado em outubro de 2025 e atende a um Termo de Ajustamento de Conduta firmado entre o Governo do Estado e o Minist\u00e9rio P\u00fablico.<\/p>\n\n\n\n<p>Durante reuni\u00e3o do Consej, a governadora F\u00e1tima Bezerra chegou a anunciar que o edital seria publicado em mar\u00e7o de 2026. Como o an\u00fancio n\u00e3o se concretizou, a expectativa agora se concentra na <strong>publica\u00e7\u00e3o do edital em maio<\/strong>.<\/p>\n\n\n\n<p>A&nbsp;<strong>banca organizadora tamb\u00e9m est\u00e1 em processo de contrata\u00e7\u00e3o<\/strong>, com defini\u00e7\u00e3o para os pr\u00f3ximos dias.<\/p>\n\n\n\n<figure class=\"wp-block-image size-full\"><a href=\"https:\/\/t.magistrarcursos.com.br\/lp\/prf-2026\/?utm_source=blog&amp;utm_medium=banner&amp;utm_campaign=prf\" target=\"_blank\" rel=\" noreferrer noopener\"><img fetchpriority=\"high\" decoding=\"async\" width=\"730\" height=\"200\" src=\"https:\/\/magistrarcursos.com.br\/blog\/wp-content\/uploads\/2026\/04\/aula-como-passar-prf.webp\" alt=\"\" class=\"wp-image-34391\" srcset=\"https:\/\/magistrarcursos.com.br\/blog\/wp-content\/uploads\/2026\/04\/aula-como-passar-prf.webp 730w, https:\/\/magistrarcursos.com.br\/blog\/wp-content\/uploads\/2026\/04\/aula-como-passar-prf-300x82.webp 300w\" sizes=\"(max-width: 730px) 100vw, 730px\" \/><\/a><\/figure>\n\n\n\n<h2 class=\"wp-block-heading\">PC RJ: concurso ter\u00e1 414 vagas e avan\u00e7a na defini\u00e7\u00e3o da banca<\/h2>\n\n\n\n<p>O novo&nbsp;<a href=\"https:\/\/magistrarcursos.com.br\/blog\/concurso-policia-civil-rj\/\" target=\"_blank\" rel=\"noreferrer noopener\"><strong>concurso da Pol\u00edcia Civil do Rio de Janeiro<\/strong><\/a>&nbsp;segue em prepara\u00e7\u00e3o e avan\u00e7a na escolha da banca organizadora. A sele\u00e7\u00e3o ofertar\u00e1&nbsp;<strong>414 vagas para os cargos de Perito Criminal, Perito Legista, Piloto Policial e Delegado<\/strong>.<\/p>\n\n\n\n<p>Os sal\u00e1rios variam entre&nbsp;<strong>R$ 13.981,45 e R$ 26.981,77<\/strong>.<\/p>\n\n\n\n<p>A comiss\u00e3o organizadora est\u00e1 formada e nove institui\u00e7\u00f5es participam do processo de escolha da banca: Instituto AOCP, Instituto Selecon, Funda\u00e7\u00e3o Ceperj, Cebraspe, Instituto Consulplan, Instituto Sele\u00e7\u00e3o, Idecan, Funda\u00e7\u00e3o Cesgranrio e FGV.<\/p>\n\n\n\n<p>O Termo de Refer\u00eancia j\u00e1 foi publicado e confirma as seguintes etapas:<\/p>\n\n\n\n<ul class=\"wp-block-list\">\n<li>Prova de Conhecimentos<\/li>\n\n\n\n<li>Prova de Capacidade F\u00edsica<\/li>\n\n\n\n<li>Exame Psicot\u00e9cnico<\/li>\n\n\n\n<li>Exame M\u00e9dico<\/li>\n\n\n\n<li>Curso de Forma\u00e7\u00e3o Profissional<\/li>\n<\/ul>\n\n\n\n<p>O governo estadual refor\u00e7ou que o&nbsp;<strong>edital deve ser publicado em breve<\/strong>, especialmente ap\u00f3s a san\u00e7\u00e3o da reestrutura\u00e7\u00e3o da Pol\u00edcia Civil.<\/p>\n\n\n\n<h2 class=\"wp-block-heading\">Pol\u00edcia Penal RS: edital \u00e9 aguardado para maio ap\u00f3s atraso no cronograma<\/h2>\n\n\n\n<p>O secret\u00e1rio de Sistemas Penal e Socioeducativo do Rio Grande do Sul, Jorge Pozzobom, declarou que o&nbsp;edital do novo&nbsp;<a href=\"https:\/\/magistrarcursos.com.br\/blog\/concurso-policia-penal-rs\/\" target=\"_blank\" rel=\"noreferrer noopener\"><strong>concurso da Pol\u00edcia Penal RS<\/strong><\/a>&nbsp;deveria ser publicado em mar\u00e7o de 2026.<\/p>\n\n\n\n<p>Com o atraso no cronograma, a publica\u00e7\u00e3o do edital agora \u00e9 esperada para <strong>maio<\/strong>.<\/p>\n\n\n\n<p>Segundo o gestor, em an\u00fancio no dia 12 de fevereiro,&nbsp;<strong>o prazo estimado era de 30 a 45 dias, com inten\u00e7\u00e3o de divulga\u00e7\u00e3o o quanto antes<\/strong>.&nbsp;<strong>A realiza\u00e7\u00e3o das provas est\u00e1 prevista para maio<\/strong>. J\u00e1 o n\u00famero de&nbsp;<strong>vagas ser\u00e1 acima de 3 mil<\/strong>, segundo o secret\u00e1rio.<\/p>\n\n\n\n<p>A Portaria n\u00ba 073\/2026, publicada em Di\u00e1rio Oficial, instituiu Comiss\u00e3o Permanente respons\u00e1vel pela elabora\u00e7\u00e3o e acompanhamento do concurso, marcando o primeiro passo administrativo formal rumo ao edital.<\/p>\n\n\n\n<h2 class=\"wp-block-heading\">PMRR Oficial: banca definida e 20 vagas imediatas<\/h2>\n\n\n\n<p>O&nbsp;<a href=\"https:\/\/magistrarcursos.com.br\/blog\/concurso-pm-rr\/\" target=\"_blank\" rel=\"noreferrer noopener\"><strong>concurso da Pol\u00edcia Militar de Roraima (PMRR)<\/strong><\/a>&nbsp;j\u00e1 conta com banca definida.&nbsp;<strong>A Universidade Estadual de Roraima (UERR) foi escolhida como organizadora<\/strong>.<\/p>\n\n\n\n<p>Est\u00e3o previstas&nbsp;<strong>20 vagas imediatas e 100 para cadastro de reserva para o cargo de 2\u00ba Tenente do Quadro de Oficiais Combatentes<\/strong>, sem distin\u00e7\u00e3o de g\u00eanero.&nbsp;<strong>A taxa de inscri\u00e7\u00e3o est\u00e1 fixada em R$ 309,46<\/strong>.<\/p>\n\n\n\n<p>Al\u00e9m disso, foram formadas comiss\u00f5es para os cargos de Oficial do Quadro M\u00e9dico e Oficial Complementar da Sa\u00fade.<\/p>\n\n\n\n<h2 class=\"wp-block-heading\">PMES Soldado: 1.000 vagas e edital previsto para maio<\/h2>\n\n\n\n<p>O&nbsp;<a href=\"https:\/\/magistrarcursos.com.br\/blog\/concurso-pm-es\/\" target=\"_blank\" rel=\"noreferrer noopener\"><strong>concurso da Pol\u00edcia Militar do Esp\u00edrito Santo<\/strong><\/a>&nbsp;est\u00e1 autorizado e ter\u00e1 organiza\u00e7\u00e3o do&nbsp;<strong>Idecan<\/strong>. A banca foi confirmada oficialmente em fevereiro.<\/p>\n\n\n\n<p>Ser\u00e3o ofertadas&nbsp;<strong>1.000 vagas para Soldado<\/strong>, conforme refor\u00e7ado pelo governador Renato Casagrande. As oportunidades contemplar\u00e3o Soldado Combatente e Soldado M\u00fasico.<\/p>\n\n\n\n<p>A expectativa \u00e9 de que o&nbsp;<strong>edital seja publicado em maio, com provas objetivas ainda no primeiro semestre de 2026<\/strong>.<\/p>\n\n\n\n<p><\/p>\n","protected":false},"excerpt":{"rendered":"<p>Pol\u00edcias Civil, Militar e Penal de diversos estados avan\u00e7am com bancas definidas, comiss\u00f5es formadas e editais anunciados para os pr\u00f3ximos dias<\/p>\n","protected":false},"author":16,"featured_media":30656,"comment_status":"closed","ping_status":"closed","sticky":false,"template":"","format":"standard","meta":{"footnotes":""},"categories":[48,107],"tags":[],"class_list":["post-35867","post","type-post","status-publish","format-standard","has-post-thumbnail","hentry","category-noticias","category-policias"],"_links":{"self":[{"href":"https:\/\/magistrarcursos.com.br\/blog\/wp-json\/wp\/v2\/posts\/35867","targetHints":{"allow":["GET"]}}],"collection":[{"href":"https:\/\/magistrarcursos.com.br\/blog\/wp-json\/wp\/v2\/posts"}],"about":[{"href":"https:\/\/magistrarcursos.com.br\/blog\/wp-json\/wp\/v2\/types\/post"}],"author":[{"embeddable":true,"href":"https:\/\/magistrarcursos.com.br\/blog\/wp-json\/wp\/v2\/users\/16"}],"replies":[{"embeddable":true,"href":"https:\/\/magistrarcursos.com.br\/blog\/wp-json\/wp\/v2\/comments?post=35867"}],"version-history":[{"count":2,"href":"https:\/\/magistrarcursos.com.br\/blog\/wp-json\/wp\/v2\/posts\/35867\/revisions"}],"predecessor-version":[{"id":35870,"href":"https:\/\/magistrarcursos.com.br\/blog\/wp-json\/wp\/v2\/posts\/35867\/revisions\/35870"}],"wp:featuredmedia":[{"embeddable":true,"href":"https:\/\/magistrarcursos.com.br\/blog\/wp-json\/wp\/v2\/media\/30656"}],"wp:attachment":[{"href":"https:\/\/magistrarcursos.com.br\/blog\/wp-json\/wp\/v2\/media?parent=35867"}],"wp:term":[{"taxonomy":"category","embeddable":true,"href":"https:\/\/magistrarcursos.com.br\/blog\/wp-json\/wp\/v2\/categories?post=35867"},{"taxonomy":"post_tag","embeddable":true,"href":"https:\/\/magistrarcursos.com.br\/blog\/wp-json\/wp\/v2\/tags?post=35867"}],"curies":[{"name":"wp","href":"https:\/\/api.w.org\/{rel}","templated":true}]}}