{"id":35871,"date":"2026-05-01T16:00:00","date_gmt":"2026-05-01T19:00:00","guid":{"rendered":"https:\/\/magistrarcursos.com.br\/blog\/?p=35871"},"modified":"2026-04-30T08:28:51","modified_gmt":"2026-04-30T11:28:51","slug":"concursos-para-delegado-em-maio-veja-dois-editais-previstos-e-um-com-inscricoes-programadas","status":"publish","type":"post","link":"https:\/\/magistrarcursos.com.br\/blog\/concursos-para-delegado-em-maio-veja-dois-editais-previstos-e-um-com-inscricoes-programadas\/","title":{"rendered":"Concursos para Delegado em maio: veja editais previstos e com inscri\u00e7\u00f5es abertas"},"content":{"rendered":"\n<p>O m\u00eas de maio de 2026 traz novas oportunidades em concursos de <strong><a href=\"https:\/\/magistrarcursos.com.br\/blog\/delegado-policia\/\" target=\"_blank\" rel=\"noreferrer noopener\">Delegado de Pol\u00edcia<\/a><\/strong>, com editais previstos e inscri\u00e7\u00f5es j\u00e1 programadas em diferentes estados do pa\u00eds.<\/p>\n\n\n\n<p>Tr\u00eas sele\u00e7\u00f5es ganham destaque no cen\u00e1rio nacional: o concurso da Pol\u00edcia Civil do Rio de Janeiro (PC RJ), que j\u00e1 tem banca definida e edital iminente; o concurso da Pol\u00edcia Civil da Bahia (PC BA), com contrata\u00e7\u00e3o de banca prevista para maio; e o concurso da Pol\u00edcia Civil do Distrito Federal (PC DF), que j\u00e1 est\u00e1 com edital publicado e inscri\u00e7\u00f5es programadas.<\/p>\n\n\n\n<p>A seguir, confira os principais detalhes de cada certame.<\/p>\n\n\n\n<h2 class=\"wp-block-heading\">Concurso Delegado PC RJ: banca definida e edital iminente<\/h2>\n\n\n\n<p>O concurso para&nbsp;<a href=\"https:\/\/magistrarcursos.com.br\/blog\/concurso-delegado-pc-rj\/\" target=\"_blank\" rel=\"noreferrer noopener\"><strong>Delegado da Pol\u00edcia Civil do Rio de Janeiro (PC RJ)<\/strong><\/a>&nbsp;avan\u00e7ou para uma etapa decisiva com a defini\u00e7\u00e3o da&nbsp;<strong>Funda\u00e7\u00e3o Cesgranrio como banca organizadora<\/strong>. A contrata\u00e7\u00e3o foi confirmada por meio do Portal Nacional de Contrata\u00e7\u00f5es P\u00fablicas.<\/p>\n\n\n\n<p>A sele\u00e7\u00e3o j\u00e1 est\u00e1 autorizada e prev\u00ea a oferta de&nbsp;<strong>85 vagas para o cargo de Delegado de Pol\u00edcia de 3\u00aa Classe, com remunera\u00e7\u00e3o inicial de R$ 26.981,77<\/strong>. Com a banca definida, o concurso entra em fase final de prepara\u00e7\u00e3o do edital, que passa a ser considerado iminente.<\/p>\n\n\n\n<p>De acordo com o Termo de Refer\u00eancia, a Funda\u00e7\u00e3o Cesgranrio ser\u00e1 respons\u00e1vel pela execu\u00e7\u00e3o operacional do certame, incluindo aplica\u00e7\u00e3o e corre\u00e7\u00e3o das provas, realiza\u00e7\u00e3o dos procedimentos de heteroidentifica\u00e7\u00e3o, garantia de acessibilidade e seguran\u00e7a, al\u00e9m da gest\u00e3o da&nbsp;<strong>taxa de inscri\u00e7\u00e3o, fixada em R$ 280<\/strong>. <\/p>\n\n\n\n<p>A fiscaliza\u00e7\u00e3o de todas as etapas ficar\u00e1 sob responsabilidade da Pol\u00edcia Civil do Estado do Rio de Janeiro.<\/p>\n\n\n\n<p>O pr\u00f3ximo passo \u00e9 a assinatura do contrato entre a corpora\u00e7\u00e3o e a banca organizadora. Ap\u00f3s essa formalidade, a publica\u00e7\u00e3o do edital pode ocorrer a qualquer momento, aumentando a expectativa dos candidatos que aguardam a abertura oficial do concurso.<\/p>\n\n\n\n<h2 class=\"wp-block-heading\">Concurso Delegado PC BA: banca deve ser contratada em maio e inscri\u00e7\u00f5es podem abrir logo depois<\/h2>\n\n\n\n<p>A publica\u00e7\u00e3o do novo<strong>&nbsp;<\/strong><a href=\"https:\/\/magistrarcursos.com.br\/blog\/concurso-delegado-pc-ba\/\" target=\"_blank\" rel=\"noreferrer noopener\"><strong>concurso para Delegado da Pol\u00edcia Civil da Bahia (PC BA)<\/strong><\/a>&nbsp;j\u00e1 tem previs\u00e3o confirmada. Segundo o secret\u00e1rio de Seguran\u00e7a P\u00fablica do estado, Marcelo Werner, o edital deve ser divulgado no&nbsp;<strong>primeiro semestre de 2026, com oferta de 100 vagas para Delegado<\/strong>.<\/p>\n\n\n\n<p>O concurso conta com&nbsp;<strong>comiss\u00e3o organizadora oficialmente institu\u00edda<\/strong>, conforme publica\u00e7\u00e3o no Di\u00e1rio Oficial do Estado da Bahia. O grupo atua em conjunto com a Secretaria da Administra\u00e7\u00e3o do Estado (SAEB) na defini\u00e7\u00e3o dos crit\u00e9rios t\u00e9cnicos, etapas e diretrizes da sele\u00e7\u00e3o, acompanhando os trabalhos at\u00e9 a homologa\u00e7\u00e3o do resultado final.<\/p>\n\n\n\n<p>Inicialmente, a expectativa era de que o edital fosse publicado ainda em 2025. No entanto, houve atualiza\u00e7\u00e3o do cronograma, e a previs\u00e3o oficial passou para o primeiro semestre de 2026.<\/p>\n\n\n\n<p>O pr\u00f3ximo passo \u00e9 a contrata\u00e7\u00e3o da banca organizadora. De acordo com o secret\u00e1rio Marcelo Werner, o procedimento, que estava previsto para o fim de janeiro, sofreu atraso por quest\u00f5es or\u00e7ament\u00e1rias e tr\u00e2mites internos no in\u00edcio do ano. <\/p>\n\n\n\n<p>A situa\u00e7\u00e3o, contudo, j\u00e1 foi normalizada, e a&nbsp;<strong>contrata\u00e7\u00e3o deve ocorrer at\u00e9 o final de maio<\/strong>. Ap\u00f3s essa etapa, a assinatura do contrato deve viabilizar a publica\u00e7\u00e3o do edital e a abertura das inscri\u00e7\u00f5es em sequ\u00eancia.<\/p>\n\n\n\n<p>Ao todo, o novo concurso da Pol\u00edcia Civil da Bahia deve ofertar <strong>750 vagas, sendo 100 para Delegado<\/strong>.<\/p>\n\n\n\n<p>Com a banca prevista para maio e o edital confirmado para o primeiro semestre de 2026, o concurso Delegado BA entra na&nbsp;<strong>reta final de prepara\u00e7\u00e3o<\/strong>.<\/p>\n\n\n\n<h2 class=\"wp-block-heading\">Concurso Delegado PC DF: edital publicado e inscri\u00e7\u00f5es programadas<\/h2>\n\n\n\n<p>O&nbsp;<a href=\"https:\/\/magistrarcursos.com.br\/blog\/concurso-delegado-pc-df\/\" target=\"_blank\" rel=\"noreferrer noopener\"><strong>concurso para Delegado da Pol\u00edcia Civil do Distrito Federal (PC DF)<\/strong><\/a>&nbsp;j\u00e1 est\u00e1 com&nbsp;<strong>edital publicado<\/strong>. A sele\u00e7\u00e3o oferece&nbsp;<strong>150 vagas no total<\/strong>, sendo&nbsp;<strong>50 vagas imediatas e 100 para cadastro de reserva<\/strong>, al\u00e9m de remunera\u00e7\u00e3o inicial de&nbsp;<strong>R$ 26.690,15<\/strong>. A organiza\u00e7\u00e3o do concurso est\u00e1 a cargo do Cebraspe, banca j\u00e1 contratada e respons\u00e1vel por todas as etapas do certame.<\/p>\n\n\n\n<p>Vale destacar que o per\u00edodo para&nbsp;<strong>solicita\u00e7\u00e3o de isen\u00e7\u00e3o da taxa de inscri\u00e7\u00e3o ficou aberto de 11 a 18 de mar\u00e7o de 2026<\/strong>, conforme previsto em edital.<\/p>\n\n\n\n<p>J\u00e1 as&nbsp;<strong>inscri\u00e7\u00f5es estar\u00e3o abertas de 07 a 25 de maio de 2026<\/strong> (elas seriam abertas em abril, mas foram adiadas), exclusivamente pelo site do Cebraspe, mediante pagamento de&nbsp;<strong>taxa no valor de R$ 310<\/strong>. H\u00e1 possibilidade de isen\u00e7\u00e3o para candidatos que se enquadrem nos crit\u00e9rios legais, como inscritos no Cad\u00danico, doadores de sangue, benefici\u00e1rios de programas sociais e prestadores de servi\u00e7o \u00e0 Justi\u00e7a Eleitoral.<\/p>\n\n\n\n<p>De acordo com o cronograma oficial, <strong>as provas objetiva e discursiva est\u00e3o previstas para o dia 05 de julho de 2026<\/strong>.<\/p>\n\n\n\n<p>Diante desse cen\u00e1rio, <strong>maio <\/strong>se consolida como um dos meses mais importantes de 2026 para quem deseja ingressar na carreira de <strong>Delegado de Pol\u00edcia<\/strong>, exigindo prepara\u00e7\u00e3o antecipada dos candidatos.<\/p>\n\n\n\n<figure class=\"wp-block-image size-full\"><a href=\"https:\/\/t.magistrarcursos.com.br\/cerebro-juridico\/?utm_source=blog\" target=\"_blank\" rel=\" noreferrer noopener\"><img fetchpriority=\"high\" decoding=\"async\" width=\"800\" height=\"237\" src=\"https:\/\/magistrarcursos.com.br\/blog\/wp-content\/uploads\/2026\/04\/banner-vitalicia-cerebro.webp\" alt=\"\" class=\"wp-image-34598\" srcset=\"https:\/\/magistrarcursos.com.br\/blog\/wp-content\/uploads\/2026\/04\/banner-vitalicia-cerebro.webp 800w, https:\/\/magistrarcursos.com.br\/blog\/wp-content\/uploads\/2026\/04\/banner-vitalicia-cerebro-300x89.webp 300w, https:\/\/magistrarcursos.com.br\/blog\/wp-content\/uploads\/2026\/04\/banner-vitalicia-cerebro-768x228.webp 768w\" sizes=\"(max-width: 800px) 100vw, 800px\" \/><\/a><\/figure>\n\n\n\n<p><\/p>\n","protected":false},"excerpt":{"rendered":"<p>Rio de Janeiro, Bahia e Distrito Federal movimentam a carreira de Delegado com banca definida, comiss\u00e3o formada e edital j\u00e1 publicado<\/p>\n","protected":false},"author":16,"featured_media":26449,"comment_status":"closed","ping_status":"closed","sticky":false,"template":"","format":"standard","meta":{"footnotes":""},"categories":[48,107],"tags":[],"class_list":["post-35871","post","type-post","status-publish","format-standard","has-post-thumbnail","hentry","category-noticias","category-policias"],"_links":{"self":[{"href":"https:\/\/magistrarcursos.com.br\/blog\/wp-json\/wp\/v2\/posts\/35871","targetHints":{"allow":["GET"]}}],"collection":[{"href":"https:\/\/magistrarcursos.com.br\/blog\/wp-json\/wp\/v2\/posts"}],"about":[{"href":"https:\/\/magistrarcursos.com.br\/blog\/wp-json\/wp\/v2\/types\/post"}],"author":[{"embeddable":true,"href":"https:\/\/magistrarcursos.com.br\/blog\/wp-json\/wp\/v2\/users\/16"}],"replies":[{"embeddable":true,"href":"https:\/\/magistrarcursos.com.br\/blog\/wp-json\/wp\/v2\/comments?post=35871"}],"version-history":[{"count":5,"href":"https:\/\/magistrarcursos.com.br\/blog\/wp-json\/wp\/v2\/posts\/35871\/revisions"}],"predecessor-version":[{"id":35910,"href":"https:\/\/magistrarcursos.com.br\/blog\/wp-json\/wp\/v2\/posts\/35871\/revisions\/35910"}],"wp:featuredmedia":[{"embeddable":true,"href":"https:\/\/magistrarcursos.com.br\/blog\/wp-json\/wp\/v2\/media\/26449"}],"wp:attachment":[{"href":"https:\/\/magistrarcursos.com.br\/blog\/wp-json\/wp\/v2\/media?parent=35871"}],"wp:term":[{"taxonomy":"category","embeddable":true,"href":"https:\/\/magistrarcursos.com.br\/blog\/wp-json\/wp\/v2\/categories?post=35871"},{"taxonomy":"post_tag","embeddable":true,"href":"https:\/\/magistrarcursos.com.br\/blog\/wp-json\/wp\/v2\/tags?post=35871"}],"curies":[{"name":"wp","href":"https:\/\/api.w.org\/{rel}","templated":true}]}}