{"id":35900,"date":"2026-04-30T08:09:16","date_gmt":"2026-04-30T11:09:16","guid":{"rendered":"https:\/\/magistrarcursos.com.br\/blog\/?p=35900"},"modified":"2026-04-30T08:10:51","modified_gmt":"2026-04-30T11:10:51","slug":"concurso-trf5-servidores-mais-de-200-nomeados-e-nova-lei-cria-dezenas-de-cargos-na-justica-federal","status":"publish","type":"post","link":"https:\/\/magistrarcursos.com.br\/blog\/concurso-trf5-servidores-mais-de-200-nomeados-e-nova-lei-cria-dezenas-de-cargos-na-justica-federal\/","title":{"rendered":"Concurso TRF5 Servidores: mais de 200 nomeados e nova lei cria dezenas de cargos na Justi\u00e7a Federal"},"content":{"rendered":"\n<p>\u00d3timas not\u00edcias para quem acompanha o <strong>Concurso TRF5<\/strong>. O Tribunal Regional Federal da 5\u00aa Regi\u00e3o (AL\/CE\/PB\/PE\/SE) acaba de divulgar um balan\u00e7o detalhado das nomea\u00e7\u00f5es e do preenchimento de vagas referentes aos concursos realizados em 2023 (para t\u00e9cnicos em Tecnologia da Informa\u00e7\u00e3o) e 2024 (para <strong><a href=\"https:\/\/magistrarcursos.com.br\/blog\/tecnico-judiciario\/\" data-type=\"link\" data-id=\"https:\/\/magistrarcursos.com.br\/blog\/tecnico-judiciario\/\">t\u00e9cnico<\/a><\/strong> e <strong><a href=\"https:\/\/magistrarcursos.com.br\/blog\/analista-judiciario\/\" data-type=\"link\" data-id=\"https:\/\/magistrarcursos.com.br\/blog\/analista-judiciario\/\">analista judici\u00e1rios<\/a><\/strong>).<\/p>\n\n\n\n<p>No total, <strong>214 vagas j\u00e1 foram ocupadas<\/strong> em toda a Justi\u00e7a Federal da 5\u00aa Regi\u00e3o (JF5).<\/p>\n\n\n\n<p>Os n\u00fameros mostram um cen\u00e1rio positivo para os aprovados e indicam a constante absor\u00e7\u00e3o de novos servidores pela Corte. Al\u00e9m disso, uma lei sancionada recentemente cria dezenas de novos cargos, abrindo perspectivas para futuros editais.<\/p>\n\n\n\n<p><strong><em>Participe do Movimento Lei Seca no WhatsApp: leitura guiada dos artigos mais cobrados em concursos para Analista!<\/em><\/strong><\/p>\n\n\n\n<div class=\"wp-block-group has-text-color has-background has-link-color has-medium-font-size wp-elements-9cc1d01d6bf2bbdeb3364d0eaba146d4 is-layout-constrained wp-block-group-is-layout-constrained\" style=\"color:#967929;background-color:#1d5943\">\n<p class=\"has-text-align-center\"><strong><a href=\"https:\/\/t.magistrarcursos.com.br\/lp\/grupo-lei-seca-enam\/?utm_source=blog\">QUERO PARTICIPAR DO MOVIMENTO LEI SECA!<\/a><\/strong><\/p>\n<\/div>\n\n\n\n<h2 class=\"wp-block-heading\">Nomea\u00e7\u00f5es do concurso TRF5 de 2024: analistas e t\u00e9cnicos judici\u00e1rios<\/h2>\n\n\n\n<p>Ap\u00f3s o certame de 2024, o TRF5 nomeou <strong>68 analistas judici\u00e1rios<\/strong>, distribu\u00eddos entre a sede do Tribunal e as seis Se\u00e7\u00f5es Judici\u00e1rias vinculadas (Alagoas, Cear\u00e1, Para\u00edba, Pernambuco, Rio Grande do Norte e Sergipe). Desse total, <strong>65 assumiram efetivamente<\/strong> os cargos.<\/p>\n\n\n\n<p>Para o cargo de <strong>t\u00e9cnico judici\u00e1rio<\/strong>, foram <strong>158 nomea\u00e7\u00f5es<\/strong> e <strong>127 vagas preenchidas<\/strong>. Destaque para a Justi\u00e7a Federal em Pernambuco (JFPE), que lidera as estat\u00edsticas: <strong>42 nomea\u00e7\u00f5es e 33 posses<\/strong>. Em seguida aparece a Justi\u00e7a Federal no Cear\u00e1 (JFCE), com <strong>42 nomea\u00e7\u00f5es e 33 cargos ocupados<\/strong>.<\/p>\n\n\n\n<p>Confira o <strong><a href=\"https:\/\/anexos.cdn.selecao.net.br\/uploads\/747\/concursos\/466\/anexos\/BBA7DRlE9HJPMgc7ohX1D3gEtV0QjiMCsYOzy204.pdf\" data-type=\"link\" data-id=\"https:\/\/anexos.cdn.selecao.net.br\/uploads\/747\/concursos\/466\/anexos\/BBA7DRlE9HJPMgc7ohX1D3gEtV0QjiMCsYOzy204.pdf\" target=\"_blank\" rel=\"noopener\">edital TRF 5, de 2024<\/a><\/strong>.<\/p>\n\n\n\n<h2 class=\"wp-block-heading\">Concurso de TI (2023): 34 nomea\u00e7\u00f5es e 22 vagas ocupadas<\/h2>\n\n\n\n<p>O concurso voltado para a \u00e1rea de Tecnologia da Informa\u00e7\u00e3o, realizado em 2023, tamb\u00e9m segue gerando convoca\u00e7\u00f5es. Foram <strong>34 nomea\u00e7\u00f5es<\/strong> e <strong>22 vagas preenchidas<\/strong>. Mais uma vez, a JFPE concentrou o maior n\u00famero: <strong>20 nomea\u00e7\u00f5es e 11 vagas ocupadas<\/strong>.<\/p>\n\n\n\n<p>Para os concurseiros de TI que ainda aguardam na lista de espera, o movimento demonstra que o Tribunal continua chamando aprovados, mesmo ap\u00f3s o encerramento da validade original, gra\u00e7as \u00e0 recomposi\u00e7\u00e3o de cadastro reserva e \u00e0 autoriza\u00e7\u00e3o para provimento de cargos vagos.<\/p>\n\n\n\n<p>Confira o <strong><a href=\"https:\/\/anexos.cdn.selecao.net.br\/uploads\/747\/concursos\/442\/anexos\/0AjvZP3fVf7B2F2dtqiINr2Z0Nxg4PyWbb0LhO2l.pdf\" data-type=\"link\" data-id=\"https:\/\/anexos.cdn.selecao.net.br\/uploads\/747\/concursos\/442\/anexos\/0AjvZP3fVf7B2F2dtqiINr2Z0Nxg4PyWbb0LhO2l.pdf\" target=\"_blank\" rel=\"noopener\">edital TRF 5, de 2023<\/a><\/strong>.<\/p>\n\n\n\n<h2 class=\"wp-block-heading\">LOA 2026 e autoriza\u00e7\u00f5es do CJF: 45 vagas a serem providas <\/h2>\n\n\n\n<p>O Conselho da Justi\u00e7a Federal (CJF) autorizou o provimento de cargos vagos com base na Lei Or\u00e7ament\u00e1ria Anual (LOA 2026). O TRF5 j\u00e1 divulgou a distribui\u00e7\u00e3o dessas vagas para a 5\u00aa Regi\u00e3o. Ao longo de 2026, ser\u00e3o providas:<\/p>\n\n\n\n<ul class=\"wp-block-list\">\n<li><strong>Sede (Recife)<\/strong>: 18 vagas<\/li>\n\n\n\n<li><strong>Se\u00e7\u00e3o Judici\u00e1ria de Alagoas<\/strong>: 2 vagas<\/li>\n\n\n\n<li><strong>Se\u00e7\u00e3o Judici\u00e1ria do Cear\u00e1<\/strong>: 4 vagas<\/li>\n\n\n\n<li><strong>Se\u00e7\u00e3o Judici\u00e1ria da Para\u00edba<\/strong>: 3 vagas<\/li>\n\n\n\n<li><strong>Se\u00e7\u00e3o Judici\u00e1ria de Pernambuco<\/strong>: 13 vagas<\/li>\n\n\n\n<li><strong>Se\u00e7\u00e3o Judici\u00e1ria do Rio Grande do Norte<\/strong>: 4 vagas<\/li>\n\n\n\n<li><strong>Se\u00e7\u00e3o Judici\u00e1ria de Sergipe<\/strong>: 1 vaga<\/li>\n<\/ul>\n\n\n\n<p><strong>Total: 45 novas nomea\u00e7\u00f5es previstas<\/strong> somente com este lote de autoriza\u00e7\u00f5es. Os candidatos que permanecem nos quadros de reserva dos concursos vigentes devem ficar atentos \u00e0s convoca\u00e7\u00f5es.<\/p>\n\n\n\n<h2 class=\"wp-block-heading\">Nova lei cria 57 cargos de analista e t\u00e9cnico no TRF5<\/h2>\n\n\n\n<p>No dia 17 de abril, o presidente da Rep\u00fablica sancionou a <strong><a href=\"https:\/\/www2.camara.leg.br\/legin\/fed\/lei\/2026\/lei-15393-16-abril-2026-798971-norma-pl.html#:~:text=EMENTA%3A%20Cria%20cargos%20de%20Desembargador,n%C3%BAmero%20de%20membros%20desse%20Tribunal.\" data-type=\"link\" data-id=\"https:\/\/www2.camara.leg.br\/legin\/fed\/lei\/2026\/lei-15393-16-abril-2026-798971-norma-pl.html#:~:text=EMENTA%3A%20Cria%20cargos%20de%20Desembargador,n%C3%BAmero%20de%20membros%20desse%20Tribunal.\" target=\"_blank\" rel=\"noopener\">Lei 15.393\/2026<\/a><\/strong>, que amplia significativamente o quadro de pessoal do TRF5. O normativo cria:<\/p>\n\n\n\n<ul class=\"wp-block-list\">\n<li><strong>32 cargos de analista judici\u00e1rio<\/strong> (provimento efetivo)<\/li>\n\n\n\n<li><strong>25 cargos de t\u00e9cnico judici\u00e1rio<\/strong> (provimento efetivo)<\/li>\n<\/ul>\n\n\n\n<p>Al\u00e9m disso, a lei tamb\u00e9m institui novos cargos de desembargador, cargos em comiss\u00e3o e fun\u00e7\u00f5es comissionadas na Corte.<\/p>\n\n\n\n<p>Apesar da san\u00e7\u00e3o, <strong>ainda n\u00e3o h\u00e1 previs\u00e3o oficial de quando as nomea\u00e7\u00f5es relativas a esses novos cargos ser\u00e3o realizadas<\/strong>. No entanto, a cria\u00e7\u00e3o dessas vagas \u00e9 um forte indicativo de que um novo concurso TRF 5 pode estar nos planos do Tribunal para os pr\u00f3ximos meses, ou, no m\u00ednimo, que haver\u00e1 chamamento de aprovados de certames recentes, respeitando a validade dos concursos vigentes.<\/p>\n\n\n\n<h2 class=\"wp-block-heading\">Prepare-se para o Concurso TRF5 com o Magistrar!<\/h2>\n\n\n\n<p>Voc\u00ea n\u00e3o precisa de mais um curso. Voc\u00ea precisa de um sistema! O&nbsp;<strong>C\u00c9REBRO ANALISTAS<\/strong>&nbsp;organiza, qualifica e simplifica a sua prepara\u00e7\u00e3o para o concurso de Analista do TRF5.<\/p>\n\n\n\n<figure class=\"wp-block-image size-full\"><a href=\"https:\/\/t.magistrarcursos.com.br\/cerebro-analistas\/?utm_source=blog\" target=\"_blank\" rel=\" noreferrer noopener\"><img fetchpriority=\"high\" decoding=\"async\" width=\"640\" height=\"200\" src=\"https:\/\/magistrarcursos.com.br\/blog\/wp-content\/uploads\/2026\/03\/cerebro-analistas.webp\" alt=\"\" class=\"wp-image-35357\" srcset=\"https:\/\/magistrarcursos.com.br\/blog\/wp-content\/uploads\/2026\/03\/cerebro-analistas.webp 640w, https:\/\/magistrarcursos.com.br\/blog\/wp-content\/uploads\/2026\/03\/cerebro-analistas-300x94.webp 300w\" sizes=\"(max-width: 640px) 100vw, 640px\" \/><\/a><\/figure>\n","protected":false},"excerpt":{"rendered":"<p>Balan\u00e7o divulgado pelo Tribunal revela ocupa\u00e7\u00e3o de vagas dos certames de 2023 e 2024; Lei sancionada em abril amplia quadro de pessoal <\/p>\n","protected":false},"author":18,"featured_media":35901,"comment_status":"closed","ping_status":"closed","sticky":false,"template":"","format":"standard","meta":{"footnotes":""},"categories":[48],"tags":[],"class_list":["post-35900","post","type-post","status-publish","format-standard","has-post-thumbnail","hentry","category-noticias"],"_links":{"self":[{"href":"https:\/\/magistrarcursos.com.br\/blog\/wp-json\/wp\/v2\/posts\/35900","targetHints":{"allow":["GET"]}}],"collection":[{"href":"https:\/\/magistrarcursos.com.br\/blog\/wp-json\/wp\/v2\/posts"}],"about":[{"href":"https:\/\/magistrarcursos.com.br\/blog\/wp-json\/wp\/v2\/types\/post"}],"author":[{"embeddable":true,"href":"https:\/\/magistrarcursos.com.br\/blog\/wp-json\/wp\/v2\/users\/18"}],"replies":[{"embeddable":true,"href":"https:\/\/magistrarcursos.com.br\/blog\/wp-json\/wp\/v2\/comments?post=35900"}],"version-history":[{"count":5,"href":"https:\/\/magistrarcursos.com.br\/blog\/wp-json\/wp\/v2\/posts\/35900\/revisions"}],"predecessor-version":[{"id":35906,"href":"https:\/\/magistrarcursos.com.br\/blog\/wp-json\/wp\/v2\/posts\/35900\/revisions\/35906"}],"wp:featuredmedia":[{"embeddable":true,"href":"https:\/\/magistrarcursos.com.br\/blog\/wp-json\/wp\/v2\/media\/35901"}],"wp:attachment":[{"href":"https:\/\/magistrarcursos.com.br\/blog\/wp-json\/wp\/v2\/media?parent=35900"}],"wp:term":[{"taxonomy":"category","embeddable":true,"href":"https:\/\/magistrarcursos.com.br\/blog\/wp-json\/wp\/v2\/categories?post=35900"},{"taxonomy":"post_tag","embeddable":true,"href":"https:\/\/magistrarcursos.com.br\/blog\/wp-json\/wp\/v2\/tags?post=35900"}],"curies":[{"name":"wp","href":"https:\/\/api.w.org\/{rel}","templated":true}]}}