{"id":35907,"date":"2026-04-30T09:11:46","date_gmt":"2026-04-30T12:11:46","guid":{"rendered":"https:\/\/magistrarcursos.com.br\/blog\/?p=35907"},"modified":"2026-04-30T09:27:49","modified_gmt":"2026-04-30T12:27:49","slug":"concurso-guarda-de-aracaju-idecan-e-definido-como-banca-e-edital-tera-100-vagas","status":"publish","type":"post","link":"https:\/\/magistrarcursos.com.br\/blog\/concurso-guarda-de-aracaju-idecan-e-definido-como-banca-e-edital-tera-100-vagas\/","title":{"rendered":"Concurso Guarda de Aracaju: Idecan \u00e9 definido como banca e edital ter\u00e1 100 vagas"},"content":{"rendered":"\n<p>O <a href=\"https:\/\/magistrarcursos.com.br\/blog\/concurso-gcm-aracaju\/\" target=\"_blank\" rel=\"noreferrer noopener\"><strong>concurso Guarda de Aracaju<\/strong> <strong>2026<\/strong><\/a> avan\u00e7ou mais uma etapa importante. A prefeita Em\u00edlia Corr\u00eaa confirmou que o Instituto de Desenvolvimento Educacional, Cultural e Assistencial Nacional (Idecan) ser\u00e1 o respons\u00e1vel pela organiza\u00e7\u00e3o do certame. Ao todo, ser\u00e3o ofertadas <strong>100 vagas para o cargo de <a href=\"https:\/\/magistrarcursos.com.br\/blog\/guarda-civil-municipal\/\" target=\"_blank\" rel=\"noreferrer noopener\">Guarda Municipal<\/a><\/strong>, com exig\u00eancia de n\u00edvel m\u00e9dio de escolaridade e sal\u00e1rio inicial de <strong>R$ 2.080,00<\/strong>.<\/p>\n\n\n\n<p>O concurso j\u00e1 est\u00e1 oficialmente autorizado por meio de decreto assinado pela gestora. Neste momento, o munic\u00edpio aguarda a finaliza\u00e7\u00e3o dos tr\u00e2mites contratuais com a banca, etapa que antecede a publica\u00e7\u00e3o do edital.<\/p>\n\n\n\n<figure class=\"wp-block-image size-full\"><a href=\"https:\/\/t.magistrarcursos.com.br\/lp\/prf-2026\/?utm_source=blog&amp;utm_medium=banner&amp;utm_campaign=prf\" target=\"_blank\" rel=\" noreferrer noopener\"><img fetchpriority=\"high\" decoding=\"async\" width=\"730\" height=\"200\" src=\"https:\/\/magistrarcursos.com.br\/blog\/wp-content\/uploads\/2026\/04\/aula-como-passar-prf.webp\" alt=\"\" class=\"wp-image-34391\" srcset=\"https:\/\/magistrarcursos.com.br\/blog\/wp-content\/uploads\/2026\/04\/aula-como-passar-prf.webp 730w, https:\/\/magistrarcursos.com.br\/blog\/wp-content\/uploads\/2026\/04\/aula-como-passar-prf-300x82.webp 300w\" sizes=\"(max-width: 730px) 100vw, 730px\" \/><\/a><\/figure>\n\n\n\n<h2 class=\"wp-block-heading\">Inscri\u00e7\u00f5es<\/h2>\n\n\n\n<p>As informa\u00e7\u00f5es sobre o per\u00edodo de inscri\u00e7\u00f5es, valor da taxa e possibilidade de isen\u00e7\u00e3o ainda n\u00e3o foram divulgadas. Esses detalhes ser\u00e3o definidos e publicados no edital oficial, que deve sair ap\u00f3s a conclus\u00e3o do contrato com o Idecan.<\/p>\n\n\n\n<p><strong>Confira tamb\u00e9m:<\/strong>&nbsp;<strong><a href=\"https:\/\/magistrarcursos.com.br\/blog\/concursos-policiais\/\" target=\"_blank\" rel=\"noreferrer noopener\">Concursos Policiais 2026: Pol\u00edcia Civil, Militar e Penal<\/a><\/strong><\/p>\n\n\n\n<h2 class=\"wp-block-heading\">Requisitos, vagas e cotas da GCM Aracaju<\/h2>\n\n\n\n<p>O certame ofertar\u00e1 100 vagas imediatas para a Guarda Civil Municipal de Aracaju. Embora o edital ainda n\u00e3o tenha sido publicado, a expectativa \u00e9 de que os requisitos sigam o padr\u00e3o do \u00faltimo concurso.<\/p>\n\n\n\n<p>Entre as exig\u00eancias previstas est\u00e3o:<\/p>\n\n\n\n<ul class=\"wp-block-list\">\n<li>Ensino m\u00e9dio completo, com certificado reconhecido pelo MEC<\/li>\n\n\n\n<li>Carteira Nacional de Habilita\u00e7\u00e3o (CNH), categoria \u201cB\u201d ou superior<\/li>\n<\/ul>\n\n\n\n<p>At\u00e9 o momento, n\u00e3o h\u00e1 confirma\u00e7\u00e3o sobre a reserva de vagas para cotas, informa\u00e7\u00e3o que dever\u00e1 constar no edital.<\/p>\n\n\n\n<p><strong>Leia tamb\u00e9m:&nbsp;<a href=\"https:\/\/magistrarcursos.com.br\/blog\/concursos-guarda-municipal-gcm\/\" target=\"_blank\" rel=\"noreferrer noopener\">Concursos para Guarda Civil Municipal (GCM) com inscri\u00e7\u00f5es abertas ou previstos para 2026<\/a><\/strong><\/p>\n\n\n\n<h2 class=\"wp-block-heading\">Etapas do concurso Guarda de Aracaju<\/h2>\n\n\n\n<p>Com base no \u00faltimo concurso realizado em 2011, os candidatos devem passar por diversas fases de avalia\u00e7\u00e3o. Na ocasi\u00e3o, o processo seletivo contou com:<\/p>\n\n\n\n<h3 class=\"wp-block-heading\">Prova objetiva<\/h3>\n\n\n\n<p>De car\u00e1ter eliminat\u00f3rio e classificat\u00f3rio, composta por 50 quest\u00f5es de m\u00faltipla escolha. Os candidatos tiveram 4 horas para a realiza\u00e7\u00e3o da prova.<\/p>\n\n\n\n<h3 class=\"wp-block-heading\">Teste de Aptid\u00e3o F\u00edsica (TAF)<\/h3>\n\n\n\n<p>Etapa eliminat\u00f3ria que avaliou a capacidade f\u00edsica dos candidatos por meio de exerc\u00edcios como:<\/p>\n\n\n\n<ul class=\"wp-block-list\">\n<li>Flex\u00e3o na barra fixa<\/li>\n\n\n\n<li>Flex\u00e3o abdominal<\/li>\n\n\n\n<li>Corrida de 12 minutos<\/li>\n<\/ul>\n\n\n\n<h3 class=\"wp-block-heading\">Avalia\u00e7\u00e3o psicot\u00e9cnica<\/h3>\n\n\n\n<p>Exame voltado \u00e0 an\u00e1lise do perfil psicol\u00f3gico dos candidatos para o exerc\u00edcio da fun\u00e7\u00e3o.<\/p>\n\n\n\n<h3 class=\"wp-block-heading\">Curso de forma\u00e7\u00e3o<\/h3>\n\n\n\n<p>\u00daltima etapa do concurso, destinada \u00e0 prepara\u00e7\u00e3o pr\u00e1tica dos aprovados para o desempenho das atividades da Guarda Municipal.<\/p>\n\n\n\n<h2 class=\"wp-block-heading\">Hist\u00f3rico do concurso GCM Aracaju<\/h2>\n\n\n\n<p>O \u00faltimo edital da Guarda Municipal de Aracaju foi publicado em 2011, sob organiza\u00e7\u00e3o do Instituto Movens. Na \u00e9poca, tamb\u00e9m foram ofertadas 100 vagas para n\u00edvel m\u00e9dio, com sal\u00e1rio inicial de R$ 1.310,40 para jornada de 42 horas semanais.<\/p>\n\n\n\n<h2 class=\"wp-block-heading\">Expectativa para o novo edital<\/h2>\n\n\n\n<p>Com a banca j\u00e1 definida e o concurso Guarda de Aracaju 2026 autorizado, a publica\u00e7\u00e3o do edital pode ocorrer a qualquer momento ap\u00f3s a conclus\u00e3o dos tr\u00e2mites administrativos. A sele\u00e7\u00e3o \u00e9 aguardada h\u00e1 anos, j\u00e1 que n\u00e3o h\u00e1 novos concursos para a corpora\u00e7\u00e3o desde 2011.<\/p>\n\n\n\n<p>A defini\u00e7\u00e3o do Idecan como banca permite que os candidatos iniciem a prepara\u00e7\u00e3o com base no perfil da organizadora e nas etapas tradicionais da carreira, aumentando as chances de um bom desempenho quando o edital for publicado.<\/p>\n\n\n\n<p><\/p>\n","protected":false},"excerpt":{"rendered":"<p>Sele\u00e7\u00e3o para Guarda Municipal de Aracaju (SE) j\u00e1 foi autorizada e deve exigir n\u00edvel m\u00e9dio; sal\u00e1rio inicial \u00e9 de R$ 2 mil<\/p>\n","protected":false},"author":16,"featured_media":29357,"comment_status":"closed","ping_status":"closed","sticky":false,"template":"","format":"standard","meta":{"footnotes":""},"categories":[48,107],"tags":[],"class_list":["post-35907","post","type-post","status-publish","format-standard","has-post-thumbnail","hentry","category-noticias","category-policias"],"_links":{"self":[{"href":"https:\/\/magistrarcursos.com.br\/blog\/wp-json\/wp\/v2\/posts\/35907","targetHints":{"allow":["GET"]}}],"collection":[{"href":"https:\/\/magistrarcursos.com.br\/blog\/wp-json\/wp\/v2\/posts"}],"about":[{"href":"https:\/\/magistrarcursos.com.br\/blog\/wp-json\/wp\/v2\/types\/post"}],"author":[{"embeddable":true,"href":"https:\/\/magistrarcursos.com.br\/blog\/wp-json\/wp\/v2\/users\/16"}],"replies":[{"embeddable":true,"href":"https:\/\/magistrarcursos.com.br\/blog\/wp-json\/wp\/v2\/comments?post=35907"}],"version-history":[{"count":6,"href":"https:\/\/magistrarcursos.com.br\/blog\/wp-json\/wp\/v2\/posts\/35907\/revisions"}],"predecessor-version":[{"id":35924,"href":"https:\/\/magistrarcursos.com.br\/blog\/wp-json\/wp\/v2\/posts\/35907\/revisions\/35924"}],"wp:featuredmedia":[{"embeddable":true,"href":"https:\/\/magistrarcursos.com.br\/blog\/wp-json\/wp\/v2\/media\/29357"}],"wp:attachment":[{"href":"https:\/\/magistrarcursos.com.br\/blog\/wp-json\/wp\/v2\/media?parent=35907"}],"wp:term":[{"taxonomy":"category","embeddable":true,"href":"https:\/\/magistrarcursos.com.br\/blog\/wp-json\/wp\/v2\/categories?post=35907"},{"taxonomy":"post_tag","embeddable":true,"href":"https:\/\/magistrarcursos.com.br\/blog\/wp-json\/wp\/v2\/tags?post=35907"}],"curies":[{"name":"wp","href":"https:\/\/api.w.org\/{rel}","templated":true}]}}