{"id":35925,"date":"2026-05-01T10:00:00","date_gmt":"2026-05-01T13:00:00","guid":{"rendered":"https:\/\/magistrarcursos.com.br\/blog\/?p=35925"},"modified":"2026-04-30T11:41:50","modified_gmt":"2026-04-30T14:41:50","slug":"concursos-juridicos-melhores-editais-abertos-e-previstos-para-maio","status":"publish","type":"post","link":"https:\/\/magistrarcursos.com.br\/blog\/concursos-juridicos-melhores-editais-abertos-e-previstos-para-maio\/","title":{"rendered":"Concursos Jur\u00eddicos: melhores editais abertos e previstos para maio; at\u00e9 R$ 39,5 mil!"},"content":{"rendered":"\n<p>O m\u00eas de maio traz grandes oportunidades para os profissionais do Direito que sonham com a seguran\u00e7a e a remunera\u00e7\u00e3o do servi\u00e7o p\u00fablico. Com a abertura de novos editais e a retomada de sele\u00e7\u00f5es aguardadas h\u00e1 anos, o cen\u00e1rio para os concursos jur\u00eddicos nunca esteve t\u00e3o aquecido.<\/p>\n\n\n\n<p>Seja para atua\u00e7\u00e3o como membro do Minist\u00e9rio P\u00fablico, na defesa dos necessitados na Defensoria P\u00fablica ou a consultoria jur\u00eddica das Procuradorias estaduais e municipais, estar por dentro do calend\u00e1rio \u00e9 essencial para n\u00e3o perder grandes sele\u00e7\u00f5es. <\/p>\n\n\n\n<p>Pensando nisso, o Magistrar\u00a0reuniu os melhores editais abertos e previstos para a \u00e1rea jur\u00eddica em maio, com um guia completo sobre requisitos, etapas de prova e, claro, os sal\u00e1rios que fazem a diferen\u00e7a no bolso.<\/p>\n\n\n\n<p>Confira as oportunidades que podem transformar sua carreira neste m\u00eas de maio!<\/p>\n\n\n\n<div class=\"wp-block-rank-math-toc-block\" id=\"rank-math-toc\"><h2>Navegue pelo \u00edndic<\/h2><nav><ul><li class=\"\"><a href=\"#concursos-juridicos-juiz\">Concursos Jur\u00eddicos: Juiz<\/a><ul><li class=\"\"><a href=\"#tj-rs-juiz-banca-definida\">TJ RS Juiz &#8211; banca definida<\/a><\/li><li class=\"\"><a href=\"#tj-dft-juiz-banca-definida\">TJ DFT Juiz &#8211; banca definida<\/a><\/li><li class=\"\"><a href=\"#tj-pe-juiz-banca-definida\">TJ PE Juiz &#8211; banca definida<\/a><\/li><\/ul><\/li><li class=\"\"><a href=\"#concursos-juridicos-procurador\">Concursos Jur\u00eddicos: Procurador<\/a><ul><li class=\"\"><a href=\"#pge-al-procurador-edital-publicado\">PGE AL Procurador \u2013 inscri\u00e7\u00f5es abertas<\/a><\/li><li class=\"\"><a href=\"#ale-rr-procurador-edital-publicado\">ALE RR Procurador \u2013 inscri\u00e7\u00f5es abertas<\/a><\/li><li class=\"\"><a href=\"#pgm-foz-do-iguacu-banca-definida\">PGM Foz do Igua\u00e7u &#8211; banca definida<\/a><\/li><li class=\"\"><a href=\"#pgm-itajai-banca-definida\">PGM Itaja\u00ed &#8211; banca definida<\/a><\/li><\/ul><\/li><li class=\"\"><a href=\"#concursos-juridicos-promotor\">Concursos Jur\u00eddicos: Promotor<\/a><ul><li class=\"\"><a href=\"#mp-ms-promotor-inscricoes-abertas\">MP MS Promotor \u2013 inscri\u00e7\u00f5es abertas<\/a><\/li><li class=\"\"><a href=\"#mp-al-banca-definida\">MP AL &#8211; banca definida<\/a><\/li><\/ul><\/li><li class=\"\"><a href=\"#concursos-juridicos-analista\">Concursos Jur\u00eddicos: Analista<\/a><ul><li class=\"\"><a href=\"#mp-go\">MP GO &#8211; banca definida<\/a><\/li><li class=\"\"><a href=\"#tj-ce\">TJ CE &#8211; banca definida<\/a><\/li><li class=\"\"><a href=\"#dpdf\">DPDF &#8211; banca definida<\/a><\/li><\/ul><\/li><li class=\"\"><a href=\"#prepare-se-para-concursos-juridicos-com-o-magistrar\">Prepare-se para Concursos Jur\u00eddicos com o Magistrar!<\/a><\/li><\/ul><\/nav><\/div>\n\n\n\n<p><strong><em>Participe do Movimento Lei Seca no WhatsApp: leitura guiada dos artigos mais cobrados em concursos Jur\u00eddicos!<\/em><\/strong><\/p>\n\n\n\n<div class=\"wp-block-group has-text-color has-background has-link-color has-medium-font-size wp-elements-e685d703299ccc68e0785bd7c7a5d58d is-layout-constrained wp-block-group-is-layout-constrained\" style=\"color:#857035;background-color:#1d6148\">\n<p class=\"has-text-align-center\"><strong><a href=\"https:\/\/t.magistrarcursos.com.br\/lp\/grupo-lei-seca-enam\/?utm_source=blog\">QUERO PARTICIPAR DO MOVIMENTO LEI SECA!<\/a><\/strong><\/p>\n<\/div>\n\n\n\n<h2 class=\"wp-block-heading\" id=\"concursos-juridicos-juiz\">Concursos Jur\u00eddicos: Juiz<\/h2>\n\n\n\n<h3 class=\"wp-block-heading\" id=\"tj-rs-juiz-banca-definida\">TJ RS Juiz &#8211; banca definida<\/h3>\n\n\n\n<p>O\u00a0<a href=\"https:\/\/magistrarcursos.com.br\/blog\/concurso-tjrs-juiz\/\" target=\"_blank\" rel=\"noreferrer noopener\">concurso do Tribunal de Justi\u00e7a do Rio Grande do Sul (TJ RS)<\/a>\u00a0para o cargo de Juiz Substituto prev\u00ea vagas imediatas e forma\u00e7\u00e3o de cadastro de reserva, com remunera\u00e7\u00e3o inicial acima de R$ 30 mil. <\/p>\n\n\n\n<p><strong>\u00daltimo edital:<\/strong>\u00a0<a href=\"https:\/\/portalfaurgs.com.br\/concursosFaurgs\/encerrados\/127-612019tribunaldejusticadoestadodoriograndedosul\" target=\"_blank\" rel=\"noreferrer noopener\">TJ RS Juiz 2019<\/a><\/p>\n\n\n\n<figure class=\"wp-block-table\"><table class=\"has-fixed-layout\"><tbody><tr><td>Situa\u00e7\u00e3o:<\/td><td>Banca definida<\/td><\/tr><tr><td>Banca:<\/td><td>FGV<\/td><\/tr><tr><td>Vagas:<\/td><td>30 + CR<\/td><\/tr><tr><td>Cargo:<\/td><td>Juiz Substituto<\/td><\/tr><tr><td>Sal\u00e1rio inicial:<\/td><td>R$ 30.505,36<\/td><\/tr><\/tbody><\/table><\/figure>\n\n\n\n<h3 class=\"wp-block-heading\" id=\"tj-dft-juiz-banca-definida\">TJ DFT Juiz &#8211; banca definida<\/h3>\n\n\n\n<p>O&nbsp;<a href=\"https:\/\/magistrarcursos.com.br\/blog\/concurso-tjdft-juiz\/\" target=\"_blank\" rel=\"noreferrer noopener\">concurso do Tribunal de Justi\u00e7a do Distrito Federal e dos Territ\u00f3rios (TJ DFT)<\/a>&nbsp;j\u00e1 est\u00e1 autorizado para o cargo de Juiz de Direito Substituto. Segundo informa\u00e7\u00f5es do pr\u00f3prio tribunal, a estrutura do edital j\u00e1 est\u00e1 praticamente pronta.&nbsp;<\/p>\n\n\n\n<p><strong>\u00daltimo edital:\u00a0<\/strong><a href=\"https:\/\/www.tjdft.jus.br\/informacoes\/concursos\/juiz-de-direito-substituto\/edital-no-1-2022-xliv-concurso-publico-para-provimento-de-cargos-de-juiz-de-direito-substituto-do-tjdft.pdf]\" target=\"_blank\" rel=\"noreferrer noopener\">TJ DFT Juiz 2022<\/a><\/p>\n\n\n\n<figure class=\"wp-block-table\"><table class=\"has-fixed-layout\"><tbody><tr><td>Situa\u00e7\u00e3o:<\/td><td>Banca definida<\/td><\/tr><tr><td>Banca:<\/td><td>Cebraspe<\/td><\/tr><tr><td>Vagas:<\/td><td>24 (aproximadamente)<\/td><\/tr><tr><td>Cargo:<\/td><td>Juiz de Direito Substituto<\/td><\/tr><tr><td>Sal\u00e1rio inicial:<\/td><td>R$ 37.765,55<\/td><\/tr><\/tbody><\/table><\/figure>\n\n\n\n<h3 class=\"wp-block-heading\" id=\"tj-pe-juiz-banca-definida\">TJ PE Juiz &#8211; banca definida<\/h3>\n\n\n\n<p>O\u00a0<a href=\"http:\/\/v\/\" target=\"_blank\" rel=\"noreferrer noopener\">concurso do Tribunal de Justi\u00e7a de Pernambuco (TJ PE)<\/a>\u00a0j\u00e1 definiu a banca e a comiss\u00e3o organizadora est\u00e1 formada, o que indica fase avan\u00e7ada de prepara\u00e7\u00e3o. O quantitativo de vagas a serem ofertadas ainda n\u00e3o foi divulgado. <\/p>\n\n\n\n<p><strong>\u00daltimo edital:\u00a0<\/strong><a href=\"https:\/\/conhecimento.fgv.br\/sites\/default\/files\/concursos\/tjpe_edital-retificado-002-12-11-2024_0.pdf\" target=\"_blank\" rel=\"noreferrer noopener\">TJ PE Juiz 2024<\/a><\/p>\n\n\n\n<figure class=\"wp-block-table\"><table class=\"has-fixed-layout\"><tbody><tr><td>Situa\u00e7\u00e3o:<\/td><td>Banca definida<\/td><\/tr><tr><td>Banca:<\/td><td>FGV<\/td><\/tr><tr><td>Vagas:<\/td><td>a definir<\/td><\/tr><tr><td>Cargo:<\/td><td>Juiz Substituto de 1\u00aa Entr\u00e2ncia<\/td><\/tr><tr><td>Sal\u00e1rio inicial:<\/td><td>R$ 35.877,28<\/td><\/tr><\/tbody><\/table><\/figure>\n\n\n\n<h2 class=\"wp-block-heading\" id=\"concursos-juridicos-procurador\">Concursos Jur\u00eddicos: Procurador<\/h2>\n\n\n\n<h3 class=\"wp-block-heading\" id=\"pge-al-procurador-edital-publicado\">PGE AL Procurador \u2013 inscri\u00e7\u00f5es abertas<\/h3>\n\n\n\n<p>O concurso da Procuradoria-Geral do Estado de Alagoas (PGE AL) para o cargo de Procurador do Estado teve seu edital publicado. O certame oferece&nbsp;<strong>10 vagas imediatas<\/strong>, al\u00e9m de forma\u00e7\u00e3o de cadastro de reserva, com remunera\u00e7\u00e3o inicial de&nbsp;<strong>R$ 35.877,28<\/strong>.<\/p>\n\n\n\n<p>As inscri\u00e7\u00f5es estar\u00e3o abertas at\u00e9 o dia<strong> 18 de maio de 2026<\/strong>, exclusivamente pelo\u00a0<a href=\"http:\/\/www.cebraspe.org.br\/concursos\/pge_al_26\" target=\"_blank\" rel=\"noreferrer noopener\">site do Cebraspe<\/a>. A taxa de participa\u00e7\u00e3o foi fixada no valor de R$ 450.<\/p>\n\n\n\n<p>Veja mais informa\u00e7\u00f5es no&nbsp;<strong><a href=\"https:\/\/magistrarcursos.com.br\/blog\/wp-content\/uploads\/2026\/04\/edital-pge-al-procurador-2026.pdf\">Edital PGE AL Procurador<\/a><\/strong>!<\/p>\n\n\n\n<figure class=\"wp-block-table\"><table class=\"has-fixed-layout\"><tbody><tr><td>Situa\u00e7\u00e3o:<\/td><td>Inscri\u00e7\u00f5es abertas<\/td><\/tr><tr><td>Banca:<\/td><td>Cebraspe<\/td><\/tr><tr><td>Vagas:<\/td><td>10<\/td><\/tr><tr><td>Cargo:<\/td><td>Procurador<\/td><\/tr><tr><td>Inscri\u00e7\u00f5es:<\/td><td><strong>&nbsp;<\/strong>14 de abril a 18 de maio de 2026<\/td><\/tr><tr><td>Taxa:<\/td><td>R$ 450,00<\/td><\/tr><tr><td>Prova objetiva:<\/td><td>11 de julho de 2026<\/td><\/tr><tr><td>Sal\u00e1rio inicial:<\/td><td>R$ 35.877,28<\/td><\/tr><\/tbody><\/table><\/figure>\n\n\n\n<h3 class=\"wp-block-heading\" id=\"ale-rr-procurador-edital-publicado\">ALE RR Procurador \u2013 inscri\u00e7\u00f5es abertas<\/h3>\n\n\n\n<p>O edital do concurso ALE RR foi publicado, ofertando 6 vagas imediatas mais cadastro de reserva para o cargo de Procurador da Assembleia Legislativa de Roraima. A remunera\u00e7\u00e3o inicial \u00e9 de R$ 39.589,56.<\/p>\n\n\n\n<p>O certame ser\u00e1 organizado pela Funda\u00e7\u00e3o Carlos Chagas (FCC), com inscri\u00e7\u00f5es abertas at\u00e9<strong> 06 de maio de 2026<\/strong>. A taxa \u00e9 de R$ 300,00.<\/p>\n\n\n\n<p>Veja mais detalhes no&nbsp;<strong><a href=\"https:\/\/www.concursosfcc.com.br\/rybena\/web\/index.html?file=https:\/\/www.concursosfcc.com.br\/concursos\/alerr125\/edital_de_abertura_procurador_01_04_26_fcc.pdf\" target=\"_blank\" rel=\"noreferrer noopener\">Edital ALE RR Procurador<\/a><\/strong>!<\/p>\n\n\n\n<figure class=\"wp-block-table\"><table class=\"has-fixed-layout\"><tbody><tr><td>Situa\u00e7\u00e3o:<\/td><td>Inscri\u00e7\u00f5es abertas<\/td><\/tr><tr><td>Banca:<\/td><td>FCC<\/td><\/tr><tr><td>Vagas:<\/td><td>6<\/td><\/tr><tr><td>Cargo:<\/td><td>Procurador<\/td><\/tr><tr><td>Inscri\u00e7\u00f5es:<\/td><td><strong>&nbsp;<\/strong>06 de abril a 06 de maio de 2026<\/td><\/tr><tr><td>Taxa:<\/td><td>R$ 300,00<\/td><\/tr><tr><td>Provas:<\/td><td>28 de junho de 2026<\/td><\/tr><tr><td>Sal\u00e1rio inicial:<\/td><td>R$ 39.589,56<\/td><\/tr><\/tbody><\/table><\/figure>\n\n\n\n<h3 class=\"wp-block-heading\" id=\"pgm-foz-do-iguacu-banca-definida\">PGM Foz do Igua\u00e7u &#8211; banca definida<\/h3>\n\n\n\n<p>O&nbsp;<a href=\"https:\/\/magistrarcursos.com.br\/blog\/concurso-foz-do-iguacu-procurador\/\" target=\"_blank\" rel=\"noreferrer noopener\">concurso da Procuradoria-Geral do Munic\u00edpio de Foz do Igua\u00e7u<\/a>&nbsp;pode sair nos pr\u00f3ximos dias, com previs\u00e3o de provas ainda no primeiro semestre. Atualmente, a remunera\u00e7\u00e3o base da carreira no munic\u00edpio varia entre cerca de&nbsp;<strong>R$ 10 mil e R$ 16 mil<\/strong>, conforme dados do Portal da Transpar\u00eancia. A sele\u00e7\u00e3o ser\u00e1 voltada para forma\u00e7\u00e3o de cadastro de reserva.<\/p>\n\n\n\n<p><strong>\u00daltimo edital:<\/strong>\u00a0<a href=\"https:\/\/magistrarcursos.com.br\/blog\/wp-content\/uploads\/2026\/03\/edital-procurador-foz-do-iguacu-2018.pdf\" target=\"_blank\" rel=\"noreferrer noopener\">PGM Foz do Igua\u00e7u 2018<\/a><\/p>\n\n\n\n<figure class=\"wp-block-table\"><table class=\"has-fixed-layout\"><tbody><tr><td>Situa\u00e7\u00e3o:<\/td><td>Banca definida<\/td><\/tr><tr><td>Banca:<\/td><td>Funda\u00e7\u00e3o FAFIPA<\/td><\/tr><tr><td>Vagas:<\/td><td>CR<\/td><\/tr><tr><td>Cargo:<\/td><td>Procurador do Munic\u00edpio<\/td><\/tr><tr><td>Sal\u00e1rio inicial:<\/td><td>at\u00e9 R$ 16 mil<\/td><\/tr><\/tbody><\/table><\/figure>\n\n\n\n<h3 class=\"wp-block-heading\" id=\"pgm-itajai-banca-definida\">PGM Itaja\u00ed &#8211; banca definida<\/h3>\n\n\n\n<p>O\u00a0<a href=\"https:\/\/magistrarcursos.com.br\/blog\/concurso-pgm-itajai-procurador\/\" target=\"_blank\" rel=\"noreferrer noopener\">concurso da Procuradoria-Geral do Munic\u00edpio de Itaja\u00ed<\/a>\u00a0j\u00e1 possui banca definida e comiss\u00e3o institu\u00edda, al\u00e9m de regulamento publicado. A sele\u00e7\u00e3o ofertar\u00e1 uma \u00fanica vaga imediata para Procurador, com remunera\u00e7\u00e3o que ultrapassa os\u00a0<strong>R$ 25 mil<\/strong>.<\/p>\n\n\n\n<figure class=\"wp-block-table\"><table class=\"has-fixed-layout\"><tbody><tr><td>Situa\u00e7\u00e3o:<\/td><td>Banca definida<\/td><\/tr><tr><td>Banca:<\/td><td>FEPESE<\/td><\/tr><tr><td>Vagas:<\/td><td>1<\/td><\/tr><tr><td>Cargo:<\/td><td>Procurador do Munic\u00edpio<\/td><\/tr><tr><td>Sal\u00e1rio inicial:<\/td><td>at\u00e9 R$ 25 mil<\/td><\/tr><\/tbody><\/table><\/figure>\n\n\n\n<h2 class=\"wp-block-heading\" id=\"concursos-juridicos-promotor\">Concursos Jur\u00eddicos: Promotor<\/h2>\n\n\n\n<h3 class=\"wp-block-heading\" id=\"mp-ms-promotor-inscricoes-abertas\">MP MS Promotor \u2013 inscri\u00e7\u00f5es abertas<\/h3>\n\n\n\n<p>O Minist\u00e9rio P\u00fablico do Estado de Mato Grosso do Sul (MP MS) publicou o edital do novo concurso para Promotor de Justi\u00e7a Substituto.<\/p>\n\n\n\n<p>As inscri\u00e7\u00f5es seguem abertas at\u00e9 3 de maio de 2026, pelo\u00a0<strong><a href=\"https:\/\/portal.concurso.fundacaofapec.org.br\/edital\/ver\/13\" target=\"_blank\" rel=\"noreferrer noopener\">site da banca FAPEC<\/a><\/strong>. A taxa de participa\u00e7\u00e3o \u00e9 de R$ 320,00.<\/p>\n\n\n\n<p>A prova preambular (objetiva) est\u00e1 marcada para o dia 17 de maio de 2026, as demais etapas (provas escritas, orais, etc.) ter\u00e3o suas datas divulgadas oportunamente nos sites oficiais.<\/p>\n\n\n\n<p>Confira mais detalhes no&nbsp;<strong><a href=\"https:\/\/s3.sa-east-1.amazonaws.com\/cdn.concurso.fundacaofapec.org.br\/edital\/1\/13\/1ee37208ad728130320d66eefab5b229.pdf\" target=\"_blank\" rel=\"noreferrer noopener\">Edital MP MS Promotor<\/a><\/strong>!<\/p>\n\n\n\n<figure class=\"wp-block-table\"><table class=\"has-fixed-layout\"><tbody><tr><td>Situa\u00e7\u00e3o:<\/td><td>Inscri\u00e7\u00f5es abertas<\/td><\/tr><tr><td>Banca:<\/td><td>FAPEC<\/td><\/tr><tr><td>Vagas:<\/td><td>8<\/td><\/tr><tr><td>Cargo:<\/td><td>Promotor de Justi\u00e7a Substituto<\/td><\/tr><tr><td>Inscri\u00e7\u00f5es:<\/td><td><strong>&nbsp;<\/strong>1 de abril a 3 de maio de 2026<\/td><\/tr><tr><td>Taxa:<\/td><td>R$ 320,00<\/td><\/tr><tr><td>Prova objetiva:<\/td><td>17 de maio de 2026<\/td><\/tr><tr><td>Sal\u00e1rio inicial:<\/td><td>R$ 33.988,99<\/td><\/tr><\/tbody><\/table><\/figure>\n\n\n\n<h3 class=\"wp-block-heading\" id=\"mp-al-banca-definida\">MP AL &#8211; banca definida<\/h3>\n\n\n\n<p>O\u00a0<a href=\"https:\/\/magistrarcursos.com.br\/blog\/concurso-mpal-promotor\/\" target=\"_blank\" rel=\"noreferrer noopener\">Concurso do Minist\u00e9rio P\u00fablico de Alagoas para Promotor<\/a>\u00a0est\u00e1 com banca definida e a expectativa \u00e9 de que o edital seja publicado no primeiro semestre de 2026.<\/p>\n\n\n\n<p><strong>\u00daltimo edital<\/strong>: <strong><a href=\"https:\/\/magistrarcursos.com.br\/blog\/wp-content\/uploads\/2025\/08\/edital-mp-al-promotor-2012.pdf\" data-type=\"link\" data-id=\"https:\/\/magistrarcursos.com.br\/blog\/wp-content\/uploads\/2025\/08\/edital-mp-al-promotor-2012.pdf\">MP AL Promotor 2012<\/a><\/strong><\/p>\n\n\n\n<figure class=\"wp-block-table\"><table class=\"has-fixed-layout\"><tbody><tr><td>Situa\u00e7\u00e3o:<\/td><td>Banca definida<\/td><\/tr><tr><td>Banca:<\/td><td>Funda\u00e7\u00e3o Carlos Chagas (FCC)<\/td><\/tr><tr><td>Vagas:<\/td><td>A definir<\/td><\/tr><tr><td>Cargo:<\/td><td>Promotor de Justi\u00e7a<\/td><\/tr><tr><td>Sal\u00e1rio:<\/td><td>R$ 35.877,25<\/td><\/tr><\/tbody><\/table><\/figure>\n\n\n\n<h2 class=\"wp-block-heading\" id=\"concursos-juridicos-analista\">Concursos Jur\u00eddicos: Analista<\/h2>\n\n\n\n<h3 class=\"wp-block-heading\" id=\"mp-go\">MP GO &#8211; banca definida<\/h3>\n\n\n\n<p>O\u00a0<strong><a href=\"https:\/\/magistrarcursos.com.br\/blog\/concursos-mpgo\/\">concurso p\u00fablico do Minist\u00e9rio P\u00fablico do Estado de Goi\u00e1s (MP GO)<\/a><\/strong>\u00a0j\u00e1 conta com banca banca definida e contrata, sendo o Instituto AOCP o respons\u00e1vel pelo certame.<\/p>\n\n\n\n<p>Na \u00faltima segunda-feira (27\/4), a assessoria confirmou que est\u00e1 prevista uma\u00a0<strong><a href=\"https:\/\/magistrarcursos.com.br\/blog\/concurso-mp-go-edital-atrasa-e-reuniao-com-a-banca-sera-decisiva-para-novo-cronograma\/\">reuni\u00e3o ainda nesta semana<\/a><\/strong>\u00a0entre o MP GO e a banca organizadora, para tratar da finaliza\u00e7\u00e3o do cronograma e do texto do edital. <\/p>\n\n\n\n<p>O concurso ocorre em um momento de reestrutura\u00e7\u00e3o da carreira no MP goiano, com atualiza\u00e7\u00e3o salarial promovida por lei em 2026. Historicamente, a sele\u00e7\u00e3o oferece vagas para cargos como\u00a0<strong>Analista Jur\u00eddico<\/strong>,\u00a0<strong>Analista Administrativo<\/strong>\u00a0e outras especialidades t\u00e9cnicas.<\/p>\n\n\n\n<p><strong>\u00daltimo edital:<\/strong><a href=\"https:\/\/cdn.cebraspe.org.br\/concursos\/mp_go_24_servidor\/arquivos\/ED_1_2024_MPGO_ABERTURA.PDF\" target=\"_blank\" rel=\"noreferrer noopener\"><strong> MP GO Analista 2024<\/strong><\/a><\/p>\n\n\n\n<figure class=\"wp-block-table\"><table class=\"has-fixed-layout\"><tbody><tr><td>Situa\u00e7\u00e3o:<\/td><td>Banca definida<\/td><\/tr><tr><td>Banca:<\/td><td>Instituto AOCP<\/td><\/tr><tr><td>Vagas:<\/td><td>a definir<\/td><\/tr><tr><td>Cargos:<\/td><td>diversos<\/td><\/tr><tr><td>Sal\u00e1rio inicial:<\/td><td>at\u00e9 R$ 11.406,85<\/td><\/tr><\/tbody><\/table><\/figure>\n\n\n\n<h3 class=\"wp-block-heading\" id=\"tj-ce\">TJ CE &#8211; banca definida<\/h3>\n\n\n\n<p>O Tribunal de Justi\u00e7a do Cear\u00e1 (TJ CE) tamb\u00e9m aqueceu os motores para o lan\u00e7amento do seu novo&nbsp;<strong><a href=\"https:\/\/magistrarcursos.com.br\/blog\/concurso-tj-ce\/\">concurso p\u00fablico<\/a><\/strong>. A Funda\u00e7\u00e3o Carlos Chagas (FCC) foi definida como organizadora por dispensa de licita\u00e7\u00e3o, e o extrato do contrato foi publicado em 27 de mar\u00e7o. No dia 15 de abril, uma portaria alterou a composi\u00e7\u00e3o da comiss\u00e3o do concurso, o que costuma anteceder a divulga\u00e7\u00e3o do edital.<\/p>\n\n\n\n<p>De acordo com a assessoria de comunica\u00e7\u00e3o do tribunal, o edital ainda est\u00e1 em fase de elabora\u00e7\u00e3o, mas trar\u00e1 informa\u00e7\u00f5es completas sobre cargos, conte\u00fado program\u00e1tico e n\u00famero de vagas. Entre as especialidades previstas para&nbsp;<strong>Analista Judici\u00e1rio<\/strong>&nbsp;est\u00e3o: Assistente Social, \u00c1rea Judici\u00e1ria, Contador, Engenheiro Civil, Psic\u00f3logo e TI (Infraestrutura e Sistemas). As taxas de inscri\u00e7\u00e3o variam de R$ 100 a R$ 130.<\/p>\n\n\n\n<p><strong>\u00daltimo edital:<\/strong> <strong><a href=\"https:\/\/cdn.cebraspe.org.br\/concursos\/tj_ce_23_servidor\/arquivos\/ED_1_TJCE_SERVIDOR_2022_ABERTURA.PDF\" data-type=\"link\" data-id=\"https:\/\/cdn.cebraspe.org.br\/concursos\/tj_ce_23_servidor\/arquivos\/ED_1_TJCE_SERVIDOR_2022_ABERTURA.PDF\" target=\"_blank\" rel=\"noopener\">TJ CE 2023<\/a><\/strong><\/p>\n\n\n\n<figure class=\"wp-block-table\"><table class=\"has-fixed-layout\"><tbody><tr><td>Situa\u00e7\u00e3o:<\/td><td>Banca definida<\/td><\/tr><tr><td>Banca:<\/td><td>FCC<\/td><\/tr><tr><td>Vagas:<\/td><td>130 (previstas)<\/td><\/tr><tr><td>Cargos:<\/td><td>T\u00e9cnico e Analista<\/td><\/tr><tr><td>Sal\u00e1rio inicial:<\/td><td>at\u00e9 R$ 10.099,28<\/td><\/tr><\/tbody><\/table><\/figure>\n\n\n\n<h3 class=\"wp-block-heading\" id=\"dpdf\">DPDF &#8211; banca definida<\/h3>\n\n\n\n<p>A Defensoria P\u00fablica do Distrito Federal (DPDF) \u00e9 outra que n\u00e3o deve demorar a publicar o edital do seu&nbsp;<strong><a href=\"https:\/\/magistrarcursos.com.br\/blog\/concurso-dpdf\/\">concurso p\u00fablico<\/a><\/strong>&nbsp;para&nbsp;<strong>Analista de Apoio \u00e0 Assist\u00eancia Judici\u00e1ria<\/strong>. A banca escolhida foi o Instituto Access, com contrato firmado at\u00e9 mar\u00e7o de 2028. Em mar\u00e7o deste ano, uma comiss\u00e3o foi formada para acompanhar a execu\u00e7\u00e3o do contrato, sinalizando que os preparativos est\u00e3o avan\u00e7ados.<\/p>\n\n\n\n<p>O Defensor P\u00fablico-Geral, Celestino Chupel, anunciou no dia 23 de mar\u00e7o que o edital deve sair at\u00e9 o meio de 2026. O concurso est\u00e1 autorizado desde abril de 2024 e ter\u00e1, inicialmente, sete vagas imediatas e forma\u00e7\u00e3o de cadastro de reserva para as \u00e1reas de Direito, Contabilidade e Inform\u00e1tica (Banco de Dados, Desenvolvimento de Sistemas e Redes).<\/p>\n\n\n\n<p><strong>\u00daltimo edital:<\/strong> <a href=\"https:\/\/cdn.cebraspe.org.br\/concursos\/dpdf_20_analista\/arquivos\/ED_1_2020_DPDF_ANALISTA_ABERTURA.PDF\" data-type=\"link\" data-id=\"https:\/\/cdn.cebraspe.org.br\/concursos\/dpdf_20_analista\/arquivos\/ED_1_2020_DPDF_ANALISTA_ABERTURA.PDF\" target=\"_blank\" rel=\"noopener\">DPDF Analista 2020<\/a><\/p>\n\n\n\n<figure class=\"wp-block-table\"><table class=\"has-fixed-layout\"><tbody><tr><td>Situa\u00e7\u00e3o:<\/td><td>Banca definida<\/td><\/tr><tr><td>Banca:<\/td><td>Instituto Access<\/td><\/tr><tr><td>Vagas:<\/td><td>7 + CR (previstas)<\/td><\/tr><tr><td>Cargos:<\/td><td>Analista de Apoio \u00e0 Assist\u00eancia Judici\u00e1ria<\/td><\/tr><tr><td>Sal\u00e1rio inicial:<\/td><td>R$ 8.731,96<\/td><\/tr><\/tbody><\/table><\/figure>\n\n\n\n<h2 class=\"wp-block-heading\" id=\"prepare-se-para-concursos-juridicos-com-o-magistrar\">Prepare-se para Concursos Jur\u00eddicos com o Magistrar!<\/h2>\n\n\n\n<p>Voc\u00ea n\u00e3o precisa de mais um curso. Voc\u00ea precisa de um sistema! O\u00a0<strong>C\u00c9REBRO Magistrar<\/strong>\u00a0organiza, qualifica e simplifica a sua prepara\u00e7\u00e3o para os concursos jur\u00eddicos.<\/p>\n\n\n\n<figure class=\"wp-block-image size-full\"><a href=\"https:\/\/t.magistrarcursos.com.br\/cerebro-juridico\/?utm_source=blog\" target=\"_blank\" rel=\" noreferrer noopener\"><img fetchpriority=\"high\" decoding=\"async\" width=\"800\" height=\"237\" src=\"https:\/\/magistrarcursos.com.br\/blog\/wp-content\/uploads\/2026\/04\/banner-vitalicia-cerebro.webp\" alt=\"\" class=\"wp-image-34598\" srcset=\"https:\/\/magistrarcursos.com.br\/blog\/wp-content\/uploads\/2026\/04\/banner-vitalicia-cerebro.webp 800w, https:\/\/magistrarcursos.com.br\/blog\/wp-content\/uploads\/2026\/04\/banner-vitalicia-cerebro-300x89.webp 300w, https:\/\/magistrarcursos.com.br\/blog\/wp-content\/uploads\/2026\/04\/banner-vitalicia-cerebro-768x228.webp 768w\" sizes=\"(max-width: 800px) 100vw, 800px\" \/><\/a><\/figure>\n","protected":false},"excerpt":{"rendered":"<p>S\u00e3o centenas de vagas abertas e previstas em diversos estados brasileiros; confira as principais informa\u00e7\u00f5es e se prepare!<\/p>\n","protected":false},"author":18,"featured_media":30069,"comment_status":"closed","ping_status":"closed","sticky":false,"template":"","format":"standard","meta":{"footnotes":""},"categories":[48],"tags":[],"class_list":["post-35925","post","type-post","status-publish","format-standard","has-post-thumbnail","hentry","category-noticias"],"_links":{"self":[{"href":"https:\/\/magistrarcursos.com.br\/blog\/wp-json\/wp\/v2\/posts\/35925","targetHints":{"allow":["GET"]}}],"collection":[{"href":"https:\/\/magistrarcursos.com.br\/blog\/wp-json\/wp\/v2\/posts"}],"about":[{"href":"https:\/\/magistrarcursos.com.br\/blog\/wp-json\/wp\/v2\/types\/post"}],"author":[{"embeddable":true,"href":"https:\/\/magistrarcursos.com.br\/blog\/wp-json\/wp\/v2\/users\/18"}],"replies":[{"embeddable":true,"href":"https:\/\/magistrarcursos.com.br\/blog\/wp-json\/wp\/v2\/comments?post=35925"}],"version-history":[{"count":1,"href":"https:\/\/magistrarcursos.com.br\/blog\/wp-json\/wp\/v2\/posts\/35925\/revisions"}],"predecessor-version":[{"id":35929,"href":"https:\/\/magistrarcursos.com.br\/blog\/wp-json\/wp\/v2\/posts\/35925\/revisions\/35929"}],"wp:featuredmedia":[{"embeddable":true,"href":"https:\/\/magistrarcursos.com.br\/blog\/wp-json\/wp\/v2\/media\/30069"}],"wp:attachment":[{"href":"https:\/\/magistrarcursos.com.br\/blog\/wp-json\/wp\/v2\/media?parent=35925"}],"wp:term":[{"taxonomy":"category","embeddable":true,"href":"https:\/\/magistrarcursos.com.br\/blog\/wp-json\/wp\/v2\/categories?post=35925"},{"taxonomy":"post_tag","embeddable":true,"href":"https:\/\/magistrarcursos.com.br\/blog\/wp-json\/wp\/v2\/tags?post=35925"}],"curies":[{"name":"wp","href":"https:\/\/api.w.org\/{rel}","templated":true}]}}