{"id":35931,"date":"2026-04-30T12:01:22","date_gmt":"2026-04-30T15:01:22","guid":{"rendered":"https:\/\/magistrarcursos.com.br\/blog\/?p=35931"},"modified":"2026-04-30T12:02:11","modified_gmt":"2026-04-30T15:02:11","slug":"oab-46-confira-as-orientacoes-finais-para-a-prova-objetiva-do-proximo-domingo","status":"publish","type":"post","link":"https:\/\/magistrarcursos.com.br\/blog\/oab-46-confira-as-orientacoes-finais-para-a-prova-objetiva-do-proximo-domingo\/","title":{"rendered":"OAB 46: confira as orienta\u00e7\u00f5es finais para a prova objetiva do pr\u00f3ximo domingo (3\/5)!"},"content":{"rendered":"\n<p>A reta final para o <strong><a href=\"https:\/\/magistrarcursos.com.br\/blog\/oab-46\/\" data-type=\"link\" data-id=\"https:\/\/magistrarcursos.com.br\/blog\/oab-46\/\">46\u00ba Exame de Ordem Unificado (OAB 46)<\/a><\/strong> j\u00e1 come\u00e7ou. Com a prova objetiva marcada para o pr\u00f3ximo domingo, <strong>dia 3 de maio de 2026<\/strong>, os candidatos devem ficar atentos \u00e0s orienta\u00e7\u00f5es oficiais divulgadas pela FGV e pelo Conselho Federal da OAB.<\/p>\n\n\n\n<p>O exame ser\u00e1 aplicado em todas as capitais e em diversas cidades do interior, em mais de 150 locais de prova distribu\u00eddos pelas 27 unidades da Federa\u00e7\u00e3o. Para evitar imprevistos, a organiza\u00e7\u00e3o recomenda que cada examinando consulte, com anteced\u00eancia, o seu local espec\u00edfico de prova, incluindo endere\u00e7o completo e n\u00famero da sala.<\/p>\n\n\n\n<p>Confira os<strong><a href=\"https:\/\/s.oab.org.br\/arquivos\/2026\/04\/522cda75-a99f-47a7-9c84-4e7b274d6427.pdf\" data-type=\"link\" data-id=\"https:\/\/s.oab.org.br\/arquivos\/2026\/04\/522cda75-a99f-47a7-9c84-4e7b274d6427.pdf\" target=\"_blank\" rel=\"noopener\"> locais e endere\u00e7os de aplica\u00e7\u00e3o da prova objetiva<\/a><\/strong>!<\/p>\n\n\n\n<h2 class=\"wp-block-heading\">Hor\u00e1rios e documentos obrigat\u00f3rios<\/h2>\n\n\n\n<p>Os port\u00f5es dos locais de prova ser\u00e3o fechados pontualmente \u00e0s <strong>12h30 (hor\u00e1rio de Bras\u00edlia)<\/strong>. A prova ter\u00e1 in\u00edcio \u00e0s <strong>13h<\/strong> e dura\u00e7\u00e3o total de <strong>5 horas<\/strong>. O candidato deve comparecer ao endere\u00e7o designado com, no m\u00ednimo, <strong>uma hora de anteced\u00eancia<\/strong>.<\/p>\n\n\n\n<p><strong>Documentos e materiais exigidos:<\/strong><\/p>\n\n\n\n<ul class=\"wp-block-list\">\n<li>Documento de identidade original (com foto);<\/li>\n\n\n\n<li>Comprovante de inscri\u00e7\u00e3o;<\/li>\n\n\n\n<li>Caneta esferogr\u00e1fica de tinta <strong>azul ou preta<\/strong>, fabricada em <strong>material transparente<\/strong>.<\/li>\n<\/ul>\n\n\n\n<figure class=\"wp-block-image size-full\"><a href=\"https:\/\/t.magistrarcursos.com.br\/cerebro-oab\/?utm_source=blog\" target=\"_blank\" rel=\" noreferrer noopener\"><img fetchpriority=\"high\" decoding=\"async\" width=\"640\" height=\"200\" src=\"https:\/\/magistrarcursos.com.br\/blog\/wp-content\/uploads\/2026\/04\/cerebro-oab.webp\" alt=\"\" class=\"wp-image-34884\" srcset=\"https:\/\/magistrarcursos.com.br\/blog\/wp-content\/uploads\/2026\/04\/cerebro-oab.webp 640w, https:\/\/magistrarcursos.com.br\/blog\/wp-content\/uploads\/2026\/04\/cerebro-oab-300x94.webp 300w\" sizes=\"(max-width: 640px) 100vw, 640px\" \/><\/a><\/figure>\n\n\n\n<h2 class=\"wp-block-heading\"><strong>O que N\u00c3O \u00e9 permitido na sala de prova<\/strong><\/h2>\n\n\n\n<p>A FGV foi categ\u00f3rica ao listar os itens proibidos. Durante o exame, o candidato n\u00e3o poder\u00e1 portar:<\/p>\n\n\n\n<ul class=\"wp-block-list\">\n<li><strong>Aparelhos eletr\u00f4nicos<\/strong>: celular, smartphone, tablet, notebook, pendrive, fones de ouvido, MP3, MP4, iPod, iPhone, iPad, rel\u00f3gio de qualquer esp\u00e9cie, gravador, m\u00e1quina fotogr\u00e1fica, controle de alarme, entre outros;<\/li>\n\n\n\n<li><strong>Acess\u00f3rios<\/strong>: \u00f3culos escuros, chap\u00e9u, bon\u00e9, gorro ou qualquer artigo de chapelaria;<\/li>\n\n\n\n<li><strong>Material de escrita\/borracha<\/strong>: l\u00e1pis, lapiseira, borracha, corretivo (l\u00edquido ou fita).<\/li>\n<\/ul>\n\n\n\n<p>Os fiscais fornecer\u00e3o um <strong>envelope de seguran\u00e7a n\u00e3o reutiliz\u00e1vel<\/strong> para que os candidatos lacrem todos os pertences eletr\u00f4nicos e materiais proibidos. O envelope s\u00f3 poder\u00e1 ser aberto <strong>ap\u00f3s deixar o local de prova<\/strong>. A organizadora n\u00e3o se responsabiliza por perdas, extravios ou danos a esses objetos.<\/p>\n\n\n\n<h3 class=\"wp-block-heading\">Regras de perman\u00eancia e sa\u00edda com o caderno de prova<\/h3>\n\n\n\n<ul class=\"wp-block-list\">\n<li>O candidato <strong>dever\u00e1 permanecer na sala<\/strong> por, no m\u00ednimo, <strong>2 horas<\/strong> ap\u00f3s o in\u00edcio da prova (ou seja, at\u00e9 as 15h).<\/li>\n\n\n\n<li>A <strong>sa\u00edda com o caderno de quest\u00f5es<\/strong> s\u00f3 ser\u00e1 permitida <strong>nos \u00faltimos 60 minutos do exame<\/strong> (a partir das 17h, considerando o t\u00e9rmino \u00e0s 18h).<\/li>\n<\/ul>\n\n\n\n<p>Caso desrespeite qualquer dessas regras ou seja flagrado com itens proibidos, o examinando ser\u00e1 <strong>automaticamente eliminado<\/strong> do exame.<\/p>\n\n\n\n<h3 class=\"wp-block-heading\">Confira seu local com anteced\u00eancia<\/h3>\n\n\n\n<p>Com centenas de endere\u00e7os em todos os estados, de Rio Branco (AC) a Passo Fundo (RS), de Bel\u00e9m (PA) a S\u00e3o Paulo (SP), \u00e9 essencial que o candidato verifique <strong>com calma<\/strong> o local exato da prova, principalmente em cidades com m\u00faltiplos endere\u00e7os (como Salvador, Fortaleza, Rio de Janeiro e S\u00e3o Paulo). A consulta \u00e9 individual e feita por busca direta nos sites oficiais.<\/p>\n\n\n\n<p><strong>Organize-se, prepare o material na noite anterior e planeje o trajeto.<\/strong> O primeiro passo para a aprova\u00e7\u00e3o na Ordem come\u00e7a com tranquilidade e aten\u00e7\u00e3o no dia da prova.<\/p>\n\n\n\n<p><strong>Leia tamb\u00e9m:&nbsp;<a href=\"https:\/\/magistrarcursos.com.br\/blog\/oab-46-locais-de-prova-serao-liberados-nesta-segunda-veja-como-consultar\/\">OAB 46: locais de prova s\u00e3o liberados nesta segunda (27\/4); veja como consultar!<\/a><\/strong><\/p>\n\n\n\n<h3 class=\"wp-block-heading\">Calend\u00e1rio completo da OAB 46<\/h3>\n\n\n\n<figure class=\"wp-block-table\"><table class=\"has-fixed-layout\"><thead><tr><th>Evento<\/th><th>Data<\/th><\/tr><\/thead><tbody><tr><td>Divulga\u00e7\u00e3o dos locais da 1\u00aa fase<\/td><td>27 de abril de 2026<\/td><\/tr><tr><td>Prova objetiva (1\u00aa fase)<\/td><td>3 de maio de 2026<\/td><\/tr><tr><td>Resultado da 1\u00aa fase<\/td><td>20 de maio de 2026<\/td><\/tr><tr><td>Divulga\u00e7\u00e3o dos locais da 2\u00aa fase<\/td><td>15 de junho de 2026<\/td><\/tr><tr><td>Prova pr\u00e1tico-profissional (2\u00aa fase)<\/td><td>21 de junho de 2026<\/td><\/tr><tr><td>Resultado final do Exame de Ordem<\/td><td>29 de julho de 2026<\/td><\/tr><\/tbody><\/table><\/figure>\n\n\n\n<p><strong>Leia tamb\u00e9m: <a href=\"https:\/\/magistrarcursos.com.br\/blog\/saiba-o-que-ninguem-nunca-te-contou-para-passar-na-oab\/\" data-type=\"link\" data-id=\"https:\/\/magistrarcursos.com.br\/blog\/saiba-o-que-ninguem-nunca-te-contou-para-passar-na-oab\/\">Saiba o que ningu\u00e9m NUNCA te contou para passar na OAB<\/a><br><\/strong><\/p>\n\n\n\n<p><\/p>\n","protected":false},"excerpt":{"rendered":"<p>Prova ser\u00e1 aplicada no dia 3 de maio em todo o Brasil; candidato deve consultar local de aplica\u00e7\u00e3o pelo site da FGV<\/p>\n","protected":false},"author":18,"featured_media":28627,"comment_status":"closed","ping_status":"closed","sticky":false,"template":"","format":"standard","meta":{"footnotes":""},"categories":[48,105],"tags":[],"class_list":["post-35931","post","type-post","status-publish","format-standard","has-post-thumbnail","hentry","category-noticias","category-oab"],"_links":{"self":[{"href":"https:\/\/magistrarcursos.com.br\/blog\/wp-json\/wp\/v2\/posts\/35931","targetHints":{"allow":["GET"]}}],"collection":[{"href":"https:\/\/magistrarcursos.com.br\/blog\/wp-json\/wp\/v2\/posts"}],"about":[{"href":"https:\/\/magistrarcursos.com.br\/blog\/wp-json\/wp\/v2\/types\/post"}],"author":[{"embeddable":true,"href":"https:\/\/magistrarcursos.com.br\/blog\/wp-json\/wp\/v2\/users\/18"}],"replies":[{"embeddable":true,"href":"https:\/\/magistrarcursos.com.br\/blog\/wp-json\/wp\/v2\/comments?post=35931"}],"version-history":[{"count":2,"href":"https:\/\/magistrarcursos.com.br\/blog\/wp-json\/wp\/v2\/posts\/35931\/revisions"}],"predecessor-version":[{"id":35939,"href":"https:\/\/magistrarcursos.com.br\/blog\/wp-json\/wp\/v2\/posts\/35931\/revisions\/35939"}],"wp:featuredmedia":[{"embeddable":true,"href":"https:\/\/magistrarcursos.com.br\/blog\/wp-json\/wp\/v2\/media\/28627"}],"wp:attachment":[{"href":"https:\/\/magistrarcursos.com.br\/blog\/wp-json\/wp\/v2\/media?parent=35931"}],"wp:term":[{"taxonomy":"category","embeddable":true,"href":"https:\/\/magistrarcursos.com.br\/blog\/wp-json\/wp\/v2\/categories?post=35931"},{"taxonomy":"post_tag","embeddable":true,"href":"https:\/\/magistrarcursos.com.br\/blog\/wp-json\/wp\/v2\/tags?post=35931"}],"curies":[{"name":"wp","href":"https:\/\/api.w.org\/{rel}","templated":true}]}}