{"id":35942,"date":"2026-04-30T14:44:58","date_gmt":"2026-04-30T17:44:58","guid":{"rendered":"https:\/\/magistrarcursos.com.br\/blog\/?p=35942"},"modified":"2026-04-30T14:44:58","modified_gmt":"2026-04-30T17:44:58","slug":"imersao-em-direito-empresarial-com-alessandro-sanchez-prepare-se-para-o-enam-e-grandes-concursos-juridicos","status":"publish","type":"post","link":"https:\/\/magistrarcursos.com.br\/blog\/imersao-em-direito-empresarial-com-alessandro-sanchez-prepare-se-para-o-enam-e-grandes-concursos-juridicos\/","title":{"rendered":"Imers\u00e3o em Direito Empresarial com Alessandro Sanchez: prepare-se para o ENAM e grandes concursos jur\u00eddicos"},"content":{"rendered":"\n<p>Se voc\u00ea est\u00e1 na reta final de prepara\u00e7\u00e3o para o <strong><a href=\"https:\/\/magistrarcursos.com.br\/blog\/enam-exame-nacional-magistratura\/\" data-type=\"link\" data-id=\"https:\/\/magistrarcursos.com.br\/blog\/enam-exame-nacional-magistratura\/\">Exame Nacional da Magistratura (ENAM)<\/a><\/strong> ou mirando em <strong><a href=\"https:\/\/magistrarcursos.com.br\/blog\/concursos-juridicos-editais-abertos-em-abril-2026\/\" data-type=\"link\" data-id=\"https:\/\/magistrarcursos.com.br\/blog\/concursos-juridicos-editais-abertos-em-abril-2026\/\">concursos jur\u00eddicos<\/a><\/strong> de alto n\u00edvel \u2014 como juiz, promotor, procurador ou defensor \u2014, precisa dominar o Direito Empresarial com profundidade. E nada melhor do que aprender com um dos nomes mais respeitados da \u00e1rea: o professor <strong>Alessandro Sanchez<\/strong>.<\/p>\n\n\n\n<p>No dia <strong>2 de maio<\/strong>, diretamente do <strong><a href=\"https:\/\/www.youtube.com\/watch?v=07CFfKSwSvk\" data-type=\"link\" data-id=\"https:\/\/www.youtube.com\/watch?v=07CFfKSwSvk\" target=\"_blank\" rel=\"noopener\">Youtube do Magistrar<\/a><\/strong>, a partir das <strong>10h<\/strong>, acontece uma <strong>Imers\u00e3o em Direito Empresarial<\/strong> especial, dentro do projeto <strong>Embaixadores do C\u00e9rebro<\/strong>. E tem um diferencial que poucos eventos oferecem: <strong>n\u00e3o tem hora para acabar<\/strong>. Isso mesmo: o professor comanda a aula no seu ritmo, sem pressa, garantindo que nenhum t\u00f3pico relevante fique de fora.<\/p>\n\n\n\n<h2 class=\"wp-block-heading\">Por que Direito Empresarial \u00e9 t\u00e3o cobrado?<\/h2>\n\n\n\n<p>Nos editais de concursos para magistratura, minist\u00e9rio p\u00fablico, advocacia p\u00fablica e procuradorias, a disciplina aparece como mat\u00e9ria aut\u00f4noma ou dentro de Direito Civil (empresarial, obriga\u00e7\u00f5es e contratos). No <strong>ENAM<\/strong>, a cobran\u00e7a \u00e9 direta e exige racioc\u00ednio sist\u00eamico, alian\u00e7a entre teoria, legisla\u00e7\u00e3o (especialmente a Lei 11.101\/2005 \u2013 Recupera\u00e7\u00e3o Judicial e Fal\u00eancias) e jurisprud\u00eancia do STJ.<\/p>\n\n\n\n<p>O candidato preparado sabe que t\u00f3picos como:<\/p>\n\n\n\n<ul class=\"wp-block-list\">\n<li><strong>Sociedades empres\u00e1rias e simples<\/strong>;<\/li>\n\n\n\n<li><strong>T\u00edtulos de cr\u00e9dito no C\u00f3digo Civil<\/strong>;<\/li>\n\n\n\n<li><strong>Registro de empresas<\/strong>;<\/li>\n\n\n\n<li><strong>Fal\u00eancia e recupera\u00e7\u00e3o extrajudicial\/judicial<\/strong>;<\/li>\n\n\n\n<li><strong>Estabelecimento empresarial e propriedade industrial<\/strong>;<\/li>\n<\/ul>\n\n\n\n<p>s\u00e3o verdadeiros \u201cvil\u00f5es\u201d das provas. Mas na imers\u00e3o de Alessandro Sanchez, eles viram aliados.<\/p>\n\n\n\n<h2 class=\"wp-block-heading\">O que esperar da imers\u00e3o?<\/h2>\n\n\n\n<p>Com a did\u00e1tica que j\u00e1 tornou o professor refer\u00eancia na \u00e1rea, Alessandro Sanchez vai al\u00e9m da exposi\u00e7\u00e3o normativa. A abordagem \u00e9 <strong>voltada para quest\u00f5es e casos pr\u00e1ticos<\/strong> \u2013 exatamente o formato que o ENAM e as bancas (FGV, Cebraspe, FCC, Vunesp etc.) adotam.<\/p>\n\n\n\n<p>Al\u00e9m disso, o projeto <strong>Embaixadores do C\u00e9rebro<\/strong> tem se consolidado como um espa\u00e7o de imers\u00f5es <strong>semanais<\/strong>, com professores especialistas que realmente respiram o universo dos concursos jur\u00eddicos. O formato cont\u00ednuo permite que o aluno construa conhecimento s\u00f3lido ao longo do tempo.<\/p>\n\n\n\n<h2 class=\"wp-block-heading\">Servi\u00e7o<\/h2>\n\n\n\n<ul class=\"wp-block-list\">\n<li><strong>Evento:<\/strong> Imers\u00e3o em Direito Empresarial<\/li>\n\n\n\n<li><strong>Professor:<\/strong> Alessandro Sanchez<\/li>\n\n\n\n<li><strong>Data:<\/strong> 2 de maio (s\u00e1bado)<\/li>\n\n\n\n<li><strong>Hor\u00e1rio:<\/strong> in\u00edcio \u00e0s 10h \u2013 <strong>n\u00e3o tem hora para acabar<\/strong><\/li>\n\n\n\n<li><strong>Onde:<\/strong> <strong><a href=\"https:\/\/www.youtube.com\/watch?v=07CFfKSwSvk\" data-type=\"link\" data-id=\"https:\/\/www.youtube.com\/watch?v=07CFfKSwSvk\" target=\"_blank\" rel=\"noopener\">Youtube do Magistrar<\/a><\/strong><\/li>\n<\/ul>\n\n\n\n<figure class=\"wp-block-image size-full\"><a href=\"https:\/\/magistrarcursos.com.br\/cursos\/enam\/?utm_source=blog&amp;utm_medium=banner&amp;utm_campaign=enam2026&amp;utm_id=enam\" target=\"_blank\" rel=\" noreferrer noopener\"><img fetchpriority=\"high\" decoding=\"async\" width=\"700\" height=\"300\" src=\"https:\/\/magistrarcursos.com.br\/blog\/wp-content\/uploads\/2025\/10\/Enam-2026.jpg\" alt=\"\" class=\"wp-image-30604\" srcset=\"https:\/\/magistrarcursos.com.br\/blog\/wp-content\/uploads\/2025\/10\/Enam-2026.jpg 700w, https:\/\/magistrarcursos.com.br\/blog\/wp-content\/uploads\/2025\/10\/Enam-2026-300x129.jpg 300w\" sizes=\"(max-width: 700px) 100vw, 700px\" \/><\/a><\/figure>\n","protected":false},"excerpt":{"rendered":"<p>Evento do projeto Embaixadores do C\u00e9rebro acontece no dia 2 de maio, \u00e0s 10h, e promete uma aula sem hora para acabar<\/p>\n","protected":false},"author":18,"featured_media":35943,"comment_status":"closed","ping_status":"closed","sticky":false,"template":"","format":"standard","meta":{"footnotes":""},"categories":[48,103],"tags":[],"class_list":["post-35942","post","type-post","status-publish","format-standard","has-post-thumbnail","hentry","category-noticias","category-enam"],"_links":{"self":[{"href":"https:\/\/magistrarcursos.com.br\/blog\/wp-json\/wp\/v2\/posts\/35942","targetHints":{"allow":["GET"]}}],"collection":[{"href":"https:\/\/magistrarcursos.com.br\/blog\/wp-json\/wp\/v2\/posts"}],"about":[{"href":"https:\/\/magistrarcursos.com.br\/blog\/wp-json\/wp\/v2\/types\/post"}],"author":[{"embeddable":true,"href":"https:\/\/magistrarcursos.com.br\/blog\/wp-json\/wp\/v2\/users\/18"}],"replies":[{"embeddable":true,"href":"https:\/\/magistrarcursos.com.br\/blog\/wp-json\/wp\/v2\/comments?post=35942"}],"version-history":[{"count":1,"href":"https:\/\/magistrarcursos.com.br\/blog\/wp-json\/wp\/v2\/posts\/35942\/revisions"}],"predecessor-version":[{"id":35947,"href":"https:\/\/magistrarcursos.com.br\/blog\/wp-json\/wp\/v2\/posts\/35942\/revisions\/35947"}],"wp:featuredmedia":[{"embeddable":true,"href":"https:\/\/magistrarcursos.com.br\/blog\/wp-json\/wp\/v2\/media\/35943"}],"wp:attachment":[{"href":"https:\/\/magistrarcursos.com.br\/blog\/wp-json\/wp\/v2\/media?parent=35942"}],"wp:term":[{"taxonomy":"category","embeddable":true,"href":"https:\/\/magistrarcursos.com.br\/blog\/wp-json\/wp\/v2\/categories?post=35942"},{"taxonomy":"post_tag","embeddable":true,"href":"https:\/\/magistrarcursos.com.br\/blog\/wp-json\/wp\/v2\/tags?post=35942"}],"curies":[{"name":"wp","href":"https:\/\/api.w.org\/{rel}","templated":true}]}}