{"id":35944,"date":"2026-04-30T15:04:05","date_gmt":"2026-04-30T18:04:05","guid":{"rendered":"https:\/\/magistrarcursos.com.br\/blog\/?p=35944"},"modified":"2026-04-30T15:27:02","modified_gmt":"2026-04-30T18:27:02","slug":"concurso-policia-penal-rn-2026-edital-sai-em-15-de-maio-com-300-vagas","status":"publish","type":"post","link":"https:\/\/magistrarcursos.com.br\/blog\/concurso-policia-penal-rn-2026-edital-sai-em-15-de-maio-com-300-vagas\/","title":{"rendered":"Concurso Pol\u00edcia Penal RN 2026: edital sai em 15 de maio com 300 vagas"},"content":{"rendered":"\n<p>O <strong><a href=\"https:\/\/magistrarcursos.com.br\/blog\/concurso-policia-penal-rn\/\" target=\"_blank\" rel=\"noreferrer noopener\">concurso Pol\u00edcia Penal RN 2026<\/a><\/strong> ter\u00e1 edital publicado no dia 15 de maio, com oferta de 300 vagas imediatas. O an\u00fancio foi feito pela governadora F\u00e1tima Bezerra durante a posse da diretora-geral da Pol\u00edcia Penal do estado, confirmando a realiza\u00e7\u00e3o de uma nova sele\u00e7\u00e3o para refor\u00e7ar o quadro da seguran\u00e7a p\u00fablica.<\/p>\n\n\n\n<blockquote class=\"wp-block-quote is-layout-flow wp-block-quote-is-layout-flow\">\n<p><em>\u201cDia 15 agora de maio, ser\u00e1 publicado o edital para mais um novo concurso da Pol\u00edcia Penal\u201c, declarou a governadora.<\/em><\/p>\n<\/blockquote>\n\n\n\n<figure class=\"wp-block-image size-full\"><a href=\"https:\/\/t.magistrarcursos.com.br\/lp\/prf-2026\/?utm_source=blog&amp;utm_medium=banner&amp;utm_campaign=prf\" target=\"_blank\" rel=\" noreferrer noopener\"><img fetchpriority=\"high\" decoding=\"async\" width=\"730\" height=\"200\" src=\"https:\/\/magistrarcursos.com.br\/blog\/wp-content\/uploads\/2026\/04\/aula-como-passar-prf.webp\" alt=\"\" class=\"wp-image-34391\" srcset=\"https:\/\/magistrarcursos.com.br\/blog\/wp-content\/uploads\/2026\/04\/aula-como-passar-prf.webp 730w, https:\/\/magistrarcursos.com.br\/blog\/wp-content\/uploads\/2026\/04\/aula-como-passar-prf-300x82.webp 300w\" sizes=\"(max-width: 730px) 100vw, 730px\" \/><\/a><\/figure>\n\n\n\n<h2 class=\"wp-block-heading\">Concurso Pol\u00edcia Penal RN oferece 300 vagas; veja distribui\u00e7\u00e3o<\/h2>\n\n\n\n<p>Ser\u00e3o ofertadas 300 oportunidades imediatas, distribu\u00eddas entre diferentes cargos. A divis\u00e3o prevista \u00e9 a seguinte:<\/p>\n\n\n\n<ul class=\"wp-block-list\">\n<li>200 vagas para Policial Penal<\/li>\n\n\n\n<li>60 vagas para Especialista em Assist\u00eancia Penitenci\u00e1ria<\/li>\n\n\n\n<li>40 vagas para cargos administrativos<\/li>\n<\/ul>\n\n\n\n<p>Al\u00e9m das vagas imediatas, o certame tamb\u00e9m prev\u00ea a forma\u00e7\u00e3o de cadastro de reserva com 1.560 oportunidades.<\/p>\n\n\n\n<p><strong>Confira tamb\u00e9m:<\/strong>&nbsp;<strong><a href=\"https:\/\/magistrarcursos.com.br\/blog\/concursos-policiais\/\" target=\"_blank\" rel=\"noreferrer noopener\">Concursos Policiais 2026: Pol\u00edcia Civil, Militar e Penal<\/a><\/strong><\/p>\n\n\n\n<h2 class=\"wp-block-heading\">Requisitos do concurso Pol\u00edcia Penal RN<\/h2>\n\n\n\n<p>Os candidatos interessados em participar do concurso dever\u00e3o atender a alguns crit\u00e9rios b\u00e1sicos exigidos para ingresso na Pol\u00edcia Penal. Entre os principais requisitos est\u00e3o:<\/p>\n\n\n\n<ul class=\"wp-block-list\">\n<li>Idade entre 18 e 45 anos (completos at\u00e9 31 de dezembro do ano da inscri\u00e7\u00e3o)<\/li>\n\n\n\n<li>Possuir Carteira Nacional de Habilita\u00e7\u00e3o (CNH)<\/li>\n\n\n\n<li>Diploma de n\u00edvel superior em qualquer \u00e1rea, reconhecido pelo MEC<\/li>\n<\/ul>\n\n\n\n<p><strong>Leia tamb\u00e9m:&nbsp;<a href=\"https:\/\/magistrarcursos.com.br\/blog\/concursos-guarda-municipal-gcm\/\" target=\"_blank\" rel=\"noreferrer noopener\">Concursos para Guarda Civil Municipal (GCM) com inscri\u00e7\u00f5es abertas ou previstos para 2026<\/a><\/strong><\/p>\n\n\n\n<h2 class=\"wp-block-heading\">Banca do concurso Pol\u00edcia Penal RN ainda n\u00e3o est\u00e1 definida<\/h2>\n\n\n\n<p>A banca organizadora do concurso Pol\u00edcia Penal RN ainda n\u00e3o foi definida, mas h\u00e1 expectativa entre os candidatos. Informa\u00e7\u00f5es apontam que o Instituto AOCP aparece como poss\u00edvel respons\u00e1vel pelo certame, com proposta j\u00e1 presente no processo.<\/p>\n\n\n\n<p>Anteriormente, o Cebraspe era cotado para organizar a sele\u00e7\u00e3o, mas quest\u00f5es administrativas ou estrat\u00e9gicas podem ter levado a Secretaria de Administra\u00e7\u00e3o Penitenci\u00e1ria (SEAP) a considerar uma nova institui\u00e7\u00e3o.<\/p>\n\n\n\n<p><strong>Acesse tamb\u00e9m:<\/strong> <a href=\"https:\/\/magistrarcursos.com.br\/blog\/concurso-delegado\/\" target=\"_blank\" rel=\"noreferrer noopener\"><strong>Concursos para Delegado de Pol\u00edcia Federal e Civil 2026<\/strong><\/a><\/p>\n\n\n\n<h2 class=\"wp-block-heading\">Expectativa para o novo concurso Pol\u00edcia Penal RN<\/h2>\n\n\n\n<p>Com a publica\u00e7\u00e3o do edital prevista para maio, a expectativa \u00e9 de alta concorr\u00eancia. Diante disso, candidatos interessados na Pol\u00edcia Penal do RN j\u00e1 devem intensificar a prepara\u00e7\u00e3o, especialmente considerando a exig\u00eancia de n\u00edvel superior e o n\u00famero expressivo de vagas.<\/p>\n\n\n\n<p><\/p>\n","protected":false},"excerpt":{"rendered":"<p>An\u00fancio do novo concurso foi feito pela governadora F\u00e1tima Bezerra durante posse da diretora-geral da Pol\u00edcia Penal<\/p>\n","protected":false},"author":16,"featured_media":31663,"comment_status":"closed","ping_status":"closed","sticky":false,"template":"","format":"standard","meta":{"footnotes":""},"categories":[48,107],"tags":[],"class_list":["post-35944","post","type-post","status-publish","format-standard","has-post-thumbnail","hentry","category-noticias","category-policias"],"_links":{"self":[{"href":"https:\/\/magistrarcursos.com.br\/blog\/wp-json\/wp\/v2\/posts\/35944","targetHints":{"allow":["GET"]}}],"collection":[{"href":"https:\/\/magistrarcursos.com.br\/blog\/wp-json\/wp\/v2\/posts"}],"about":[{"href":"https:\/\/magistrarcursos.com.br\/blog\/wp-json\/wp\/v2\/types\/post"}],"author":[{"embeddable":true,"href":"https:\/\/magistrarcursos.com.br\/blog\/wp-json\/wp\/v2\/users\/16"}],"replies":[{"embeddable":true,"href":"https:\/\/magistrarcursos.com.br\/blog\/wp-json\/wp\/v2\/comments?post=35944"}],"version-history":[{"count":9,"href":"https:\/\/magistrarcursos.com.br\/blog\/wp-json\/wp\/v2\/posts\/35944\/revisions"}],"predecessor-version":[{"id":35960,"href":"https:\/\/magistrarcursos.com.br\/blog\/wp-json\/wp\/v2\/posts\/35944\/revisions\/35960"}],"wp:featuredmedia":[{"embeddable":true,"href":"https:\/\/magistrarcursos.com.br\/blog\/wp-json\/wp\/v2\/media\/31663"}],"wp:attachment":[{"href":"https:\/\/magistrarcursos.com.br\/blog\/wp-json\/wp\/v2\/media?parent=35944"}],"wp:term":[{"taxonomy":"category","embeddable":true,"href":"https:\/\/magistrarcursos.com.br\/blog\/wp-json\/wp\/v2\/categories?post=35944"},{"taxonomy":"post_tag","embeddable":true,"href":"https:\/\/magistrarcursos.com.br\/blog\/wp-json\/wp\/v2\/tags?post=35944"}],"curies":[{"name":"wp","href":"https:\/\/api.w.org\/{rel}","templated":true}]}}