{"id":44875,"date":"2026-08-26T10:33:53","date_gmt":"2026-08-26T13:33:53","guid":{"rendered":"https:\/\/magistrarcursos.com.br\/blog\/?p=44875"},"modified":"2026-08-26T10:38:35","modified_gmt":"2026-08-26T13:38:35","slug":"revisao-de-vespera-dpe-rj-mais-de-10h-de-aula-ao-vivo-neste-sabado-29","status":"publish","type":"post","link":"https:\/\/magistrarcursos.com.br\/blog\/revisao-de-vespera-dpe-rj-mais-de-10h-de-aula-ao-vivo-neste-sabado-29\/","title":{"rendered":"Revis\u00e3o de V\u00e9spera DPE RJ: mais de 10h de aula ao vivo neste s\u00e1bado (29)!"},"content":{"rendered":"\n<p>A reta final do <strong><a href=\"https:\/\/magistrarcursos.com.br\/blog\/concurso-dpe-rj-defensor\/\" data-type=\"link\" data-id=\"https:\/\/magistrarcursos.com.br\/blog\/concurso-dpe-rj-defensor\/\" target=\"_blank\" rel=\"noreferrer noopener\">concurso para Defensor P\u00fablico da DPE RJ<\/a><\/strong> contar\u00e1 com uma programa\u00e7\u00e3o especial para os candidatos que desejam refor\u00e7ar os estudos antes da prova. Neste s\u00e1bado, <strong>29 de agosto<\/strong>, o Magistrar realiza a <strong>Revis\u00e3o de V\u00e9spera DPE RJ<\/strong>, com <strong>10 horas de aulas ao vivo<\/strong>, das 8h \u00e0s 18h10.<\/p>\n\n\n\n<p>Com o tema <strong>\u201cO ajuste que faltava para a sua aprova\u00e7\u00e3o\u201d<\/strong>, a revis\u00e3o reunir\u00e1 professores e especialistas em diferentes \u00e1reas do Direito para uma prepara\u00e7\u00e3o intensiva, disciplina por disciplina.<\/p>\n\n\n\n<p>A transmiss\u00e3o ser\u00e1 realizada <strong>ao vivo e sem interrup\u00e7\u00f5es<\/strong>, pelo <strong><a href=\"https:\/\/www.youtube.com\/@magistrar\" target=\"_blank\" data-type=\"link\" data-id=\"https:\/\/www.youtube.com\/@magistrar\" rel=\"noreferrer noopener\">canal do Magistrar no YouTube<\/a><\/strong>.<\/p>\n\n\n\n<figure class=\"wp-block-embed is-type-video is-provider-youtube wp-block-embed-youtube wp-embed-aspect-16-9 wp-has-aspect-ratio\"><div class=\"wp-block-embed__wrapper\">\n<iframe title=\"Revis\u00e3o de V\u00e9spera DPE-RJ | Concurso 2026 para Defensor P\u00fablico\" width=\"800\" height=\"450\" src=\"https:\/\/www.youtube.com\/embed\/yI7WyT2Y918?feature=oembed\" frameborder=\"0\" allow=\"accelerometer; autoplay; clipboard-write; encrypted-media; gyroscope; picture-in-picture; web-share\" referrerpolicy=\"strict-origin-when-cross-origin\" allowfullscreen><\/iframe>\n<\/div><\/figure>\n\n\n\n<h2 class=\"wp-block-heading\">Revis\u00e3o de V\u00e9spera DPE RJ ter\u00e1 10 horas de aulas<\/h2>\n\n\n\n<p>A programa\u00e7\u00e3o foi organizada para contemplar as principais disciplinas relacionadas \u00e0 prepara\u00e7\u00e3o para o concurso de <strong>Defensor P\u00fablico da DPE RJ<\/strong>.<\/p>\n\n\n\n<p>Ao longo do s\u00e1bado, os participantes poder\u00e3o acompanhar revis\u00f5es de <strong>Direito Civil, Direito Penal, Execu\u00e7\u00e3o Penal, Processo Civil, Direito Constitucional, Direito Administrativo, Direito do Consumidor, Processo Penal, Direitos Humanos, Tutela Coletiva, Direito Empresarial, Criminologia, ECA e Princ\u00edpios Institucionais<\/strong>.<\/p>\n\n\n\n<p>O encerramento ficar\u00e1 por conta de um bloco especial com <strong>\u00faltimos alinhamentos<\/strong>, reunindo Alexandre Piovesan, Marcos Gomes e Alessandro Sanchez.<\/p>\n\n\n\n<h2 class=\"wp-block-heading\">Confira a programa\u00e7\u00e3o completa<\/h2>\n\n\n\n<p>A <strong>Revis\u00e3o de V\u00e9spera DPE RJ<\/strong> come\u00e7a \u00e0s 8h e segue at\u00e9 as 18h10.<\/p>\n\n\n\n<figure class=\"wp-block-table\"><table class=\"has-fixed-layout\"><thead><tr><th>Hor\u00e1rio<\/th><th>Disciplina<\/th><th>Professor<\/th><\/tr><\/thead><tbody><tr><td>8h<\/td><td>Direito Civil<\/td><td>M\u00f4nica Queiroz<\/td><\/tr><tr><td>9h<\/td><td>Penal e Execu\u00e7\u00e3o Penal<\/td><td>Davi Dunck<\/td><\/tr><tr><td>10h<\/td><td>Processo Civil<\/td><td>Gustavo Faria<\/td><\/tr><tr><td>11h<\/td><td>Direito Constitucional<\/td><td>Marcos Gomes<\/td><\/tr><tr><td>12h<\/td><td>Direito Administrativo<\/td><td>L\u00e9o Lagos<\/td><\/tr><tr><td>12h40<\/td><td>Direito do Consumidor<\/td><td>Alessandro Sanchez<\/td><\/tr><tr><td>13h10<\/td><td>Processo Penal<\/td><td>Claudia Serpa<\/td><\/tr><tr><td>13h50<\/td><td>Direitos Humanos<\/td><td>Al\u00ea Piovesan<\/td><\/tr><tr><td>14h50<\/td><td>Tutela Coletiva<\/td><td>Al\u00ea Piovesan<\/td><\/tr><tr><td>15h30<\/td><td>Direito Empresarial<\/td><td>Alessandro Sanchez<\/td><\/tr><tr><td>15h50<\/td><td>Criminologia<\/td><td>Paulo Sumariva<\/td><\/tr><tr><td>16h20<\/td><td>ECA<\/td><td>Marcos Gomes<\/td><\/tr><tr><td>17h<\/td><td>Princ\u00edpios institucionais<\/td><td>Marcos Gomes<\/td><\/tr><tr><td>17h40<\/td><td>\u00daltimos alinhamentos<\/td><td>Al\u00ea Piovesan, Marcos Gomes e Alessandro Sanchez<\/td><\/tr><\/tbody><\/table><\/figure>\n\n\n\n<p>As aulas ter\u00e3o dura\u00e7\u00e3o entre <strong>20 e 60 minutos<\/strong>, de acordo com a disciplina.<\/p>\n\n\n\n<h2 class=\"wp-block-heading\">Quem pode participar da revis\u00e3o?<\/h2>\n\n\n\n<p>A programa\u00e7\u00e3o \u00e9 voltada principalmente para os candidatos inscritos no concurso da <strong>DPE RJ para Defensor P\u00fablico<\/strong>, mas tamb\u00e9m pode ser aproveitada por quem est\u00e1 se preparando para outros <strong><a href=\"https:\/\/magistrarcursos.com.br\/blog\/concursos-juridicos-editais-abertos-e-previstos-em-agosto\/\" target=\"_blank\" data-type=\"link\" data-id=\"https:\/\/magistrarcursos.com.br\/blog\/concursos-juridicos-editais-abertos-e-previstos-em-agosto\/\" rel=\"noreferrer noopener\">concursos jur\u00eddicos<\/a><\/strong>.<\/p>\n\n\n\n<p>A proposta \u00e9 utilizar as horas que antecedem a prova para <strong>revisar conte\u00fados importantes, refor\u00e7ar pontos estrat\u00e9gicos e fazer os \u00faltimos alinhamentos da prepara\u00e7\u00e3o<\/strong>.<\/p>\n\n\n\n<h2 class=\"wp-block-heading\">Onde assistir \u00e0 Revis\u00e3o de V\u00e9spera DPE RJ?<\/h2>\n\n\n\n<p>A revis\u00e3o ser\u00e1 transmitida gratuitamente pelo <strong>YouTube do Magistrar<\/strong>, no s\u00e1bado, <strong>29 de agosto, a partir das 8h<\/strong>.<\/p>\n\n\n\n<p>Para receber informa\u00e7\u00f5es e acessar a p\u00e1gina de cadastro da Revis\u00e3o de V\u00e9spera DPE RJ, os interessados podem se inscrever por meio do bot\u00e3o abaixo.<\/p>\n\n\n\n<p class=\"has-text-align-center has-white-color has-text-color has-background has-link-color wp-elements-3b4f944c4ec3a879c810cdaf4bba87f8\" style=\"border-style:none;border-width:0px;border-radius:34px;background-color:#366654\"><a href=\"https:\/\/t.magistrarcursos.com.br\/revisao-de-vespera-dpe\/\" target=\"_blank\" rel=\"noreferrer noopener\"><strong>QUERO PARTICIPAR DA REVIS\u00c3O DE V\u00c9SPERA DPE-RJ<\/strong><\/a><\/p>\n\n\n\n<h2 class=\"wp-block-heading\">Servi\u00e7o<\/h2>\n\n\n\n<p><strong>Data:<\/strong> 29 de agosto, s\u00e1bado<br><strong>Hor\u00e1rio:<\/strong> das 8h \u00e0s 18h10<br><strong>Evento:<\/strong> Revis\u00e3o de V\u00e9spera DPE RJ<br><strong>Transmiss\u00e3o:<\/strong> <strong><a href=\"https:\/\/www.youtube.com\/watch?v=yI7WyT2Y918\" data-type=\"link\" data-id=\"https:\/\/www.youtube.com\/watch?v=yI7WyT2Y918\" target=\"_blank\" rel=\"noreferrer noopener\">YouTube do Magistrar<\/a><\/strong><\/p>\n\n\n\n<div style=\"text-align: center;margin: 30px 0\">\r\n  <a href=\"https:\/\/www.youtube.com\/@magistrar\" target=\"_blank\" rel=\"noopener noreferrer\" style=\"background: #FF0000;color: #FFFFFF;padding: 15px 30px;border-radius: 6px;text-decoration: none;font-size: 17px;font-weight: 700\">\r\n     Se inscreva no canal do Magistrar no YouTube\r\n  <\/a>\r\n<\/div>\n\n\n\n<p>A Revis\u00e3o de V\u00e9spera chega como uma oportunidade para os candidatos fazerem o \u00faltimo ajuste na prepara\u00e7\u00e3o e entrarem na prova com os conte\u00fados mais importantes novamente em mente.<\/p>\n\n\n\n<p><strong>N\u00e3o perca: s\u00e1bado, 29 de agosto, a partir das 8h.<\/strong><\/p>\n\n\n\n<figure class=\"wp-block-image size-full\"><a href=\"https:\/\/t.magistrarcursos.com.br\/cerebro-juridico\/?utm_source=blog\" target=\"_blank\" rel=\" noreferrer noopener\"><img fetchpriority=\"high\" decoding=\"async\" width=\"800\" height=\"237\" src=\"https:\/\/magistrarcursos.com.br\/blog\/wp-content\/uploads\/2026\/04\/banner-vitalicia-cerebro.webp\" alt=\"\" class=\"wp-image-34598\" srcset=\"https:\/\/magistrarcursos.com.br\/blog\/wp-content\/uploads\/2026\/04\/banner-vitalicia-cerebro.webp 800w, https:\/\/magistrarcursos.com.br\/blog\/wp-content\/uploads\/2026\/04\/banner-vitalicia-cerebro-300x89.webp 300w, https:\/\/magistrarcursos.com.br\/blog\/wp-content\/uploads\/2026\/04\/banner-vitalicia-cerebro-768x228.webp 768w\" sizes=\"(max-width: 800px) 100vw, 800px\" \/><\/a><\/figure>\n","protected":false},"excerpt":{"rendered":"<p>Evento ser\u00e1 realizado neste s\u00e1bado (29), a partir das 8h, com revis\u00e3o ao vivo das principais disciplinas cobradas no concurso para Defensor P\u00fablico da DPE RJ<\/p>\n","protected":false},"author":18,"featured_media":45032,"comment_status":"closed","ping_status":"closed","sticky":false,"template":"","format":"standard","meta":{"footnotes":""},"categories":[48,106],"tags":[],"class_list":["post-44875","post","type-post","status-publish","format-standard","has-post-thumbnail","hentry","category-noticias","category-defensoria-publica"],"_links":{"self":[{"href":"https:\/\/magistrarcursos.com.br\/blog\/wp-json\/wp\/v2\/posts\/44875","targetHints":{"allow":["GET"]}}],"collection":[{"href":"https:\/\/magistrarcursos.com.br\/blog\/wp-json\/wp\/v2\/posts"}],"about":[{"href":"https:\/\/magistrarcursos.com.br\/blog\/wp-json\/wp\/v2\/types\/post"}],"author":[{"embeddable":true,"href":"https:\/\/magistrarcursos.com.br\/blog\/wp-json\/wp\/v2\/users\/18"}],"replies":[{"embeddable":true,"href":"https:\/\/magistrarcursos.com.br\/blog\/wp-json\/wp\/v2\/comments?post=44875"}],"version-history":[{"count":3,"href":"https:\/\/magistrarcursos.com.br\/blog\/wp-json\/wp\/v2\/posts\/44875\/revisions"}],"predecessor-version":[{"id":45038,"href":"https:\/\/magistrarcursos.com.br\/blog\/wp-json\/wp\/v2\/posts\/44875\/revisions\/45038"}],"wp:featuredmedia":[{"embeddable":true,"href":"https:\/\/magistrarcursos.com.br\/blog\/wp-json\/wp\/v2\/media\/45032"}],"wp:attachment":[{"href":"https:\/\/magistrarcursos.com.br\/blog\/wp-json\/wp\/v2\/media?parent=44875"}],"wp:term":[{"taxonomy":"category","embeddable":true,"href":"https:\/\/magistrarcursos.com.br\/blog\/wp-json\/wp\/v2\/categories?post=44875"},{"taxonomy":"post_tag","embeddable":true,"href":"https:\/\/magistrarcursos.com.br\/blog\/wp-json\/wp\/v2\/tags?post=44875"}],"curies":[{"name":"wp","href":"https:\/\/api.w.org\/{rel}","templated":true}]}}