{"id":44981,"date":"2026-08-26T08:34:12","date_gmt":"2026-08-26T11:34:12","guid":{"rendered":"https:\/\/magistrarcursos.com.br\/blog\/?p=44981"},"modified":"2026-08-26T08:58:27","modified_gmt":"2026-08-26T11:58:27","slug":"justica-revoga-prorrogacao-da-validade-do-concurso-prf-2021","status":"publish","type":"post","link":"https:\/\/magistrarcursos.com.br\/blog\/justica-revoga-prorrogacao-da-validade-do-concurso-prf-2021\/","title":{"rendered":"Justi\u00e7a revoga prorroga\u00e7\u00e3o da validade do concurso PRF 2021"},"content":{"rendered":"\n<p>A Justi\u00e7a Federal revogou a prorroga\u00e7\u00e3o da validade do <strong><a href=\"https:\/\/magistrarcursos.com.br\/blog\/concurso-prf\/\" target=\"_blank\" rel=\"noreferrer noopener\">concurso PRF 2021<\/a><\/strong> ap\u00f3s o Supremo Tribunal Federal (STF) julgar improcedente a a\u00e7\u00e3o civil p\u00fablica que discutia a aplica\u00e7\u00e3o das cotas raciais no certame.<\/p>\n\n\n\n<p>Com a decis\u00e3o, o concurso da Pol\u00edcia Rodovi\u00e1ria Federal deixa de contar com a extens\u00e3o de validade que havia sido determinada judicialmente e que mantinha o certame v\u00e1lido at\u00e9 dezembro de 2026.<\/p>\n\n\n\n<p><strong><a href=\"https:\/\/magistrarcursos.com.br\/blog\/wp-content\/uploads\/2026\/08\/sentenca-validade-edital-prf.pdf\" target=\"_blank\" rel=\"noreferrer noopener\">Veja a senten\u00e7a na \u00edntegra<\/a><\/strong><\/p>\n\n\n\n<h2 class=\"wp-block-heading\">Por que a validade do concurso PRF havia sido prorrogada?<\/h2>\n\n\n\n<p>A validade do concurso PRF 2021 foi prorrogada em raz\u00e3o de uma a\u00e7\u00e3o civil p\u00fablica movida pelo Minist\u00e9rio P\u00fablico Federal (MPF) contra a Uni\u00e3o e o Cebraspe.<\/p>\n\n\n\n<p>A a\u00e7\u00e3o questionava a aplica\u00e7\u00e3o da pol\u00edtica de cotas raciais no concurso, sob a alega\u00e7\u00e3o de que candidatos autodeclarados negros teriam sido prejudicados pela metodologia utilizada para a reserva de vagas durante as etapas do certame.<\/p>\n\n\n\n<p>Diante da possibilidade de uma decis\u00e3o favor\u00e1vel aos candidatos, a Justi\u00e7a Federal determinou inicialmente a prorroga\u00e7\u00e3o da validade do concurso por seis meses.<\/p>\n\n\n\n<p>Posteriormente, uma nova decis\u00e3o judicial estendeu o prazo por mais seis meses. Com isso, a validade do concurso chegou a ser prorrogada at\u00e9 21 de dezembro de 2026, conforme o Edital PRF n\u00ba 119, de 18 de junho de 2026.<\/p>\n\n\n\n<p>A medida tinha como objetivo garantir que eventuais decis\u00f5es favor\u00e1veis aos candidatos pudessem ser cumpridas mesmo ap\u00f3s o t\u00e9rmino do prazo original do concurso.<\/p>\n\n\n\n<p><strong>Confira tamb\u00e9m: <a href=\"https:\/\/magistrarcursos.com.br\/blog\/concurso-prf-2027-historico-de-editais-reforca-expectativa-por-novo-certame-da-policia-rodoviaria-federal\/\" target=\"_blank\" rel=\"noreferrer noopener\">Concurso PRF 2027? Hist\u00f3rico de editais refor\u00e7a expectativa por novo certame da Pol\u00edcia Rodovi\u00e1ria Federal<\/a><\/strong><\/p>\n\n\n\n<figure class=\"wp-block-image size-full\"><a href=\"https:\/\/www.instagram.com\/magistrar.policial\/\" target=\"_blank\" rel=\" noreferrer noopener\"><img fetchpriority=\"high\" decoding=\"async\" width=\"719\" height=\"192\" src=\"https:\/\/magistrarcursos.com.br\/blog\/wp-content\/uploads\/2026\/05\/Screenshot-3-1.png\" alt=\"\" class=\"wp-image-37533\" srcset=\"https:\/\/magistrarcursos.com.br\/blog\/wp-content\/uploads\/2026\/05\/Screenshot-3-1.png 719w, https:\/\/magistrarcursos.com.br\/blog\/wp-content\/uploads\/2026\/05\/Screenshot-3-1-300x80.png 300w\" sizes=\"(max-width: 719px) 100vw, 719px\" \/><\/a><\/figure>\n\n\n\n<h2 class=\"wp-block-heading\">Justi\u00e7a revoga prorroga\u00e7\u00e3o do concurso PRF<\/h2>\n\n\n\n<p>O cen\u00e1rio mudou ap\u00f3s o julgamento do Recurso Extraordin\u00e1rio n\u00ba 1.582.415 pelo Supremo Tribunal Federal.<\/p>\n\n\n\n<p>O STF julgou improcedente a a\u00e7\u00e3o civil p\u00fablica que fundamentava a manuten\u00e7\u00e3o da validade do concurso. Diante disso, a 3\u00aa Vara Federal de Sergipe reconheceu a perda superveniente do objeto da a\u00e7\u00e3o.<\/p>\n\n\n\n<p>Com a decis\u00e3o, deixou de existir o fundamento jur\u00eddico que justificava a prorroga\u00e7\u00e3o da validade do concurso PRF 2021.<\/p>\n\n\n\n<p>Assim, a Justi\u00e7a revogou as tutelas de urg\u00eancia respons\u00e1veis pela extens\u00e3o do prazo e extinguiu o processo sem resolu\u00e7\u00e3o do m\u00e9rito, em raz\u00e3o da aus\u00eancia de interesse processual superveniente.<\/p>\n\n\n\n<p>Na pr\u00e1tica, o concurso PRF 2021 n\u00e3o conta mais com a prorroga\u00e7\u00e3o judicial que havia estendido sua validade at\u00e9 dezembro de 2026.<\/p>\n\n\n\n<p><strong>Saiba tamb\u00e9m:<\/strong> <strong><a href=\"https:\/\/magistrarcursos.com.br\/blog\/concurso-prf-qual-a-nota-de-corte-do-ultimo-edital-novo-certame-aguardado\/\" target=\"_blank\" rel=\"noreferrer noopener\">Concurso PRF: qual a nota de corte do \u00faltimo edital? Novo certame aguardado!<\/a><\/strong><\/p>\n\n\n\n<h2 class=\"wp-block-heading\">Novo concurso PRF pode avan\u00e7ar?<\/h2>\n\n\n\n<p>Com o encerramento da validade do \u00faltimo concurso, aumenta a expectativa pela realiza\u00e7\u00e3o de um novo concurso da Pol\u00edcia Rodovi\u00e1ria Federal.<\/p>\n\n\n\n<p>A corpora\u00e7\u00e3o j\u00e1 encaminhou ao Governo Federal pedido para o provimento de <strong>511 vagas<\/strong>, distribu\u00eddas da seguinte forma:<\/p>\n\n\n\n<ul class=\"wp-block-list\">\n<li><strong>263 vagas<\/strong> para Policial Rodovi\u00e1rio Federal;<\/li>\n\n\n\n<li><strong>248 vagas<\/strong> para Agente Administrativo.<\/li>\n<\/ul>\n\n\n\n<p>A solicita\u00e7\u00e3o ainda depende de autoriza\u00e7\u00e3o dos \u00f3rg\u00e3os competentes. Caso seja aprovada, poder\u00e1 viabilizar a realiza\u00e7\u00e3o de novos concursos para a PRF.<\/p>\n\n\n\n<p>Para o cargo de Policial Rodovi\u00e1rio Federal, a expectativa \u00e9 acompanhada com aten\u00e7\u00e3o pelos concurseiros, especialmente diante do encerramento da validade do \u00faltimo certame.<\/p>\n\n\n\n<p><strong>Veja tamb\u00e9m:<\/strong> <strong><a href=\"https:\/\/magistrarcursos.com.br\/blog\/concurso-prf-ganhos-de-mais-de-r-26-mil-novo-edital-em-estudos\/\" target=\"_blank\" rel=\"noreferrer noopener\">Concurso PRF: ganhos de mais de R$ 26 mil? Novo edital em estudos<\/a><\/strong><\/p>\n\n\n\n<figure class=\"wp-block-image aligncenter size-full\"><a href=\"https:\/\/sndflw.com\/i\/TMIUacnZjzvY0r6LJHDi\" target=\"_blank\" rel=\"noopener\"><img decoding=\"async\" width=\"485\" height=\"201\" src=\"https:\/\/magistrarcursos.com.br\/blog\/wp-content\/uploads\/2026\/06\/comunidade-policiais.png\" alt=\"\" class=\"wp-image-38750\" srcset=\"https:\/\/magistrarcursos.com.br\/blog\/wp-content\/uploads\/2026\/06\/comunidade-policiais.png 485w, https:\/\/magistrarcursos.com.br\/blog\/wp-content\/uploads\/2026\/06\/comunidade-policiais-300x124.png 300w\" sizes=\"(max-width: 485px) 100vw, 485px\" \/><\/a><\/figure>\n","protected":false},"excerpt":{"rendered":"<p>Decis\u00e3o da Justi\u00e7a Federal ocorre ap\u00f3s o STF julgar improcedente a\u00e7\u00e3o que discutia a aplica\u00e7\u00e3o das cotas raciais no certame; novo concurso PRF \u00e9 aguardado<\/p>\n","protected":false},"author":16,"featured_media":27882,"comment_status":"closed","ping_status":"closed","sticky":false,"template":"","format":"standard","meta":{"footnotes":""},"categories":[48,107],"tags":[],"class_list":["post-44981","post","type-post","status-publish","format-standard","has-post-thumbnail","hentry","category-noticias","category-policias"],"_links":{"self":[{"href":"https:\/\/magistrarcursos.com.br\/blog\/wp-json\/wp\/v2\/posts\/44981","targetHints":{"allow":["GET"]}}],"collection":[{"href":"https:\/\/magistrarcursos.com.br\/blog\/wp-json\/wp\/v2\/posts"}],"about":[{"href":"https:\/\/magistrarcursos.com.br\/blog\/wp-json\/wp\/v2\/types\/post"}],"author":[{"embeddable":true,"href":"https:\/\/magistrarcursos.com.br\/blog\/wp-json\/wp\/v2\/users\/16"}],"replies":[{"embeddable":true,"href":"https:\/\/magistrarcursos.com.br\/blog\/wp-json\/wp\/v2\/comments?post=44981"}],"version-history":[{"count":5,"href":"https:\/\/magistrarcursos.com.br\/blog\/wp-json\/wp\/v2\/posts\/44981\/revisions"}],"predecessor-version":[{"id":44996,"href":"https:\/\/magistrarcursos.com.br\/blog\/wp-json\/wp\/v2\/posts\/44981\/revisions\/44996"}],"wp:featuredmedia":[{"embeddable":true,"href":"https:\/\/magistrarcursos.com.br\/blog\/wp-json\/wp\/v2\/media\/27882"}],"wp:attachment":[{"href":"https:\/\/magistrarcursos.com.br\/blog\/wp-json\/wp\/v2\/media?parent=44981"}],"wp:term":[{"taxonomy":"category","embeddable":true,"href":"https:\/\/magistrarcursos.com.br\/blog\/wp-json\/wp\/v2\/categories?post=44981"},{"taxonomy":"post_tag","embeddable":true,"href":"https:\/\/magistrarcursos.com.br\/blog\/wp-json\/wp\/v2\/tags?post=44981"}],"curies":[{"name":"wp","href":"https:\/\/api.w.org\/{rel}","templated":true}]}}