{"id":44998,"date":"2026-08-26T09:15:44","date_gmt":"2026-08-26T12:15:44","guid":{"rendered":"https:\/\/magistrarcursos.com.br\/blog\/?p=44998"},"modified":"2026-08-26T09:15:44","modified_gmt":"2026-08-26T12:15:44","slug":"projeto-de-lei-pode-prorrogar-automaticamente-a-validade-de-concursos-rj-com-cadastro-de-reserva","status":"publish","type":"post","link":"https:\/\/magistrarcursos.com.br\/blog\/projeto-de-lei-pode-prorrogar-automaticamente-a-validade-de-concursos-rj-com-cadastro-de-reserva\/","title":{"rendered":"Projeto de Lei pode prorrogar automaticamente a validade de concursos RJ com cadastro de reserva"},"content":{"rendered":"\n<p>Tramita na Assembleia Legislativa do Rio de Janeiro (Alerj) o <strong><a href=\"https:\/\/alerjln1.alerj.rj.gov.br\/scpro2327.nsf\/e00a7c3c8652b69a83256cca00646ee5\/9fd31ce1eb54185703258e5e005ca927?OpenDocument\" target=\"_blank\" data-type=\"link\" data-id=\"https:\/\/alerjln1.alerj.rj.gov.br\/scpro2327.nsf\/e00a7c3c8652b69a83256cca00646ee5\/9fd31ce1eb54185703258e5e005ca927?OpenDocument\" rel=\"noreferrer noopener\">Projeto de Lei n\u00ba 8191\/2026<\/a><\/strong>, de autoria do deputado Luiz Paulo, que prop\u00f5e uma mudan\u00e7a significativa nas regras dos concursos p\u00fablicos estaduais. A medida prev\u00ea a <strong>prorroga\u00e7\u00e3o autom\u00e1tica do prazo de validade dos certames<\/strong> que, ao final do per\u00edodo original, ainda possuam candidatos aprovados em cadastro de reserva.<\/p>\n\n\n\n<h2 class=\"wp-block-heading\">O que muda com o projeto?<\/h2>\n\n\n\n<p>Atualmente, a prorroga\u00e7\u00e3o da validade de um concurso p\u00fablico depende de ato discricion\u00e1rio da Administra\u00e7\u00e3o, ou seja, uma decis\u00e3o formal e motivada do \u00f3rg\u00e3o respons\u00e1vel. O PL 8191\/2026 altera esse cen\u00e1rio ao estabelecer que, <strong>havendo candidatos no cadastro de reserva, a prorroga\u00e7\u00e3o ocorrer\u00e1 de forma autom\u00e1tica<\/strong>, por igual per\u00edodo ao prazo de validade originalmente previsto no edital.<\/p>\n\n\n\n<p>A prorroga\u00e7\u00e3o, no entanto, <strong>s\u00f3 poder\u00e1 ocorrer uma \u00fanica vez<\/strong>, respeitando o limite constitucional previsto no art. 37, inciso III, da Constitui\u00e7\u00e3o Federal. Ou seja, um concurso com validade de dois anos poder\u00e1 ser prorrogado automaticamente por mais dois anos, desde que ainda haja candidatos no cadastro de reserva.<\/p>\n\n\n\n<p>O projeto tamb\u00e9m determina que o \u00f3rg\u00e3o respons\u00e1vel dever\u00e1 publicar um <strong>ato declarat\u00f3rio da prorroga\u00e7\u00e3o antes do t\u00e9rmino do prazo original<\/strong>, garantindo publicidade e transpar\u00eancia ao processo.<\/p>\n\n\n\n<p><strong>Leia tamb\u00e9m: <a href=\"https:\/\/magistrarcursos.com.br\/blog\/concursos-rj-projeto-pode-ampliar-criterios-da-prova-de-titulos-veja-o-que-pode-mudar\/\" data-type=\"link\" data-id=\"https:\/\/magistrarcursos.com.br\/blog\/concursos-rj-projeto-pode-ampliar-criterios-da-prova-de-titulos-veja-o-que-pode-mudar\/\" target=\"_blank\" rel=\"noreferrer noopener\">Concursos RJ: projeto pode ampliar crit\u00e9rios da prova de t\u00edtulos; veja o que pode mudar<\/a><\/strong><\/p>\n\n\n\n<div style=\"text-align: center;margin: 30px 0;font-family: 'Segoe UI', Roboto, 'Helvetica Neue', sans-serif\">\n  <a href=\"https:\/\/instagram.com\/magistrarcursos\" target=\"_blank\" rel=\"noopener noreferrer\" style=\"align-items: center;gap: 12px;background-color: #000000;color: #D4AF37;padding: 14px 28px;border-radius: 50px;text-decoration: none;font-weight: bold;font-size: 1.2rem;letter-spacing: 1px;border: 1px solid #D4AF37\">\n    \n      \n      \n      \n    \n    <span>Siga @magistrarcursos<\/span>\n  <\/a>\n  <div style=\"margin-top: 12px;font-size: 0.85rem;color: #444;font-weight: 500\">\n    \ud83d\udcda Conte\u00fados di\u00e1rios, dicas de estudos e novidades sobre concursos jur\u00eddicos\n  <\/div>\n<\/div>\n\n\n\n<h2 class=\"wp-block-heading\">O que \u00e9 o cadastro de reserva?<\/h2>\n\n\n\n<p>O cadastro de reserva \u00e9 formado pelos candidatos aprovados dentro do n\u00famero de vagas do edital, mas que n\u00e3o foram classificados dentro do quantitativo imediato de contrata\u00e7\u00f5es. Pela Lei n\u00ba 9.650\/2022, esses candidatos <strong>n\u00e3o podem ser considerados eliminados<\/strong> e passam a integrar automaticamente o cadastro de reserva, ainda que o edital n\u00e3o utilize essa nomenclatura.<\/p>\n\n\n\n<p>Na pr\u00e1tica, isso significa que o candidato aprovado fora das vagas imediatas continua apto a ser convocado durante todo o prazo de validade do concurso.<\/p>\n\n\n\n<h2 class=\"wp-block-heading\">Por que o projeto foi proposto?<\/h2>\n\n\n\n<p>Na justificativa do PL, o deputado Luiz Paulo destaca tr\u00eas pilares principais:<\/p>\n\n\n\n<p><strong>1. Seguran\u00e7a jur\u00eddica<\/strong> \u2014 A regra objetiva reduz incertezas para candidatos e Administra\u00e7\u00e3o, garantindo previsibilidade sobre a validade dos certames.<\/p>\n\n\n\n<p><strong>2. Economicidade<\/strong> \u2014 A realiza\u00e7\u00e3o de concursos p\u00fablicos envolve custos significativos. Havendo candidatos j\u00e1 aprovados e aptos, a prorroga\u00e7\u00e3o evita a realiza\u00e7\u00e3o prematura de novos certames para necessidades que podem ser atendidas pelo cadastro existente.<\/p>\n\n\n\n<p><strong>3. Efici\u00eancia administrativa<\/strong> \u2014 A medida permite que a Administra\u00e7\u00e3o aproveite, durante o per\u00edodo constitucionalmente admitido, candidatos j\u00e1 selecionados, caso haja necessidade de pessoal e atendimento dos requisitos legais e or\u00e7ament\u00e1rios.<\/p>\n\n\n\n<p>O projeto ressalva que a prorroga\u00e7\u00e3o <strong>n\u00e3o implica direito autom\u00e1tico \u00e0 nomea\u00e7\u00e3o<\/strong>, mantendo-se a discricionariedade da Administra\u00e7\u00e3o quanto \u00e0 efetiva realiza\u00e7\u00e3o das convoca\u00e7\u00f5es.<\/p>\n\n\n\n<p><strong>Leia tamb\u00e9m: <a href=\"https:\/\/magistrarcursos.com.br\/blog\/exercicio-fisico-ajuda-a-estudar-melhor-o-que-acontece-no-cerebro-quando-movimentamos-o-corpo\/\" data-type=\"link\" data-id=\"https:\/\/magistrarcursos.com.br\/blog\/exercicio-fisico-ajuda-a-estudar-melhor-o-que-acontece-no-cerebro-quando-movimentamos-o-corpo\/\" target=\"_blank\" rel=\"noreferrer noopener\">Exerc\u00edcio f\u00edsico ajuda a estudar melhor? O que acontece no c\u00e9rebro quando movimentamos o corpo<\/a><\/strong><\/p>\n\n\n\n<h2 class=\"wp-block-heading\">O que diz a Lei n\u00ba 9.650\/2022?<\/h2>\n\n\n\n<p>A Lei n\u00ba 9.650\/2022, que o PL 8191\/2026 pretende alterar, j\u00e1 foi um marco para os concursos no Rio de Janeiro ao <strong>acabar com a chamada \u201ccl\u00e1usula de barreira\u201d<\/strong>. A norma garantiu que candidatos aprovados fora das vagas imediatas n\u00e3o fossem eliminados, passando a compor o cadastro de reserva.<\/p>\n\n\n\n<p>O novo projeto avan\u00e7a ao disciplinar a <strong>prorroga\u00e7\u00e3o autom\u00e1tica<\/strong> desses certames, algo que hoje depende de decis\u00e3o administrativa.<\/p>\n\n\n\n<h3 class=\"wp-block-heading\">Quem ser\u00e1 afetado?<\/h3>\n\n\n\n<p>O PL se aplica a <strong>concursos em andamento e aos que ainda estejam dentro do prazo de validade<\/strong>, inclusive durante eventual per\u00edodo de prorroga\u00e7\u00e3o. Al\u00e9m disso, o art. 3\u00ba do projeto estabelece que os concursos que, na data de entrada em vigor da lei, ainda estiverem dentro do prazo de validade e possu\u00edrem cadastro de reserva <strong>ficar\u00e3o sujeitos \u00e0 prorroga\u00e7\u00e3o autom\u00e1tica<\/strong>, desde que n\u00e3o tenha ocorrido prorroga\u00e7\u00e3o anterior.<\/p>\n\n\n\n<p>Isso significa que <strong>concursos estaduais do RJ j\u00e1 realizados, mas ainda dentro do prazo de validade, poder\u00e3o ser automaticamente prorrogados<\/strong> se houver candidatos no cadastro de reserva.<\/p>\n\n\n\n<h2 class=\"wp-block-heading\">Tramita\u00e7\u00e3o e pr\u00f3ximos passos<\/h2>\n\n\n\n<p>O projeto foi protocolado em <strong>25 de agosto de 2026<\/strong> e publicado no dia seguinte. Agora, segue para an\u00e1lise das comiss\u00f5es tem\u00e1ticas da Alerj, come\u00e7ando pelas comiss\u00f5es de <strong>Constitui\u00e7\u00e3o e Justi\u00e7a<\/strong> e de <strong>Servidores P\u00fablicos<\/strong>.<\/p>\n\n\n\n<p>Caso aprovado, a lei entrar\u00e1 em vigor na data de sua publica\u00e7\u00e3o.<\/p>\n\n\n\n<figure class=\"wp-block-image size-full\"><a href=\"https:\/\/t.magistrarcursos.com.br\/cerebro-juridico\/?utm_source=blog\" target=\"_blank\" rel=\" noreferrer noopener\"><img fetchpriority=\"high\" decoding=\"async\" width=\"800\" height=\"237\" src=\"https:\/\/magistrarcursos.com.br\/blog\/wp-content\/uploads\/2026\/04\/banner-vitalicia-cerebro.webp\" alt=\"\" class=\"wp-image-34598\" srcset=\"https:\/\/magistrarcursos.com.br\/blog\/wp-content\/uploads\/2026\/04\/banner-vitalicia-cerebro.webp 800w, https:\/\/magistrarcursos.com.br\/blog\/wp-content\/uploads\/2026\/04\/banner-vitalicia-cerebro-300x89.webp 300w, https:\/\/magistrarcursos.com.br\/blog\/wp-content\/uploads\/2026\/04\/banner-vitalicia-cerebro-768x228.webp 768w\" sizes=\"(max-width: 800px) 100vw, 800px\" \/><\/a><\/figure>\n","protected":false},"excerpt":{"rendered":"<p>Medida elimina a necessidade de ato discricion\u00e1rio do governo e garante mais um per\u00edodo de validade para certames com aprovados al\u00e9m das vagas imediatas<\/p>\n","protected":false},"author":18,"featured_media":35672,"comment_status":"closed","ping_status":"closed","sticky":false,"template":"","format":"standard","meta":{"footnotes":""},"categories":[48],"tags":[],"class_list":["post-44998","post","type-post","status-publish","format-standard","has-post-thumbnail","hentry","category-noticias"],"_links":{"self":[{"href":"https:\/\/magistrarcursos.com.br\/blog\/wp-json\/wp\/v2\/posts\/44998","targetHints":{"allow":["GET"]}}],"collection":[{"href":"https:\/\/magistrarcursos.com.br\/blog\/wp-json\/wp\/v2\/posts"}],"about":[{"href":"https:\/\/magistrarcursos.com.br\/blog\/wp-json\/wp\/v2\/types\/post"}],"author":[{"embeddable":true,"href":"https:\/\/magistrarcursos.com.br\/blog\/wp-json\/wp\/v2\/users\/18"}],"replies":[{"embeddable":true,"href":"https:\/\/magistrarcursos.com.br\/blog\/wp-json\/wp\/v2\/comments?post=44998"}],"version-history":[{"count":1,"href":"https:\/\/magistrarcursos.com.br\/blog\/wp-json\/wp\/v2\/posts\/44998\/revisions"}],"predecessor-version":[{"id":45000,"href":"https:\/\/magistrarcursos.com.br\/blog\/wp-json\/wp\/v2\/posts\/44998\/revisions\/45000"}],"wp:featuredmedia":[{"embeddable":true,"href":"https:\/\/magistrarcursos.com.br\/blog\/wp-json\/wp\/v2\/media\/35672"}],"wp:attachment":[{"href":"https:\/\/magistrarcursos.com.br\/blog\/wp-json\/wp\/v2\/media?parent=44998"}],"wp:term":[{"taxonomy":"category","embeddable":true,"href":"https:\/\/magistrarcursos.com.br\/blog\/wp-json\/wp\/v2\/categories?post=44998"},{"taxonomy":"post_tag","embeddable":true,"href":"https:\/\/magistrarcursos.com.br\/blog\/wp-json\/wp\/v2\/tags?post=44998"}],"curies":[{"name":"wp","href":"https:\/\/api.w.org\/{rel}","templated":true}]}}