{"id":45001,"date":"2026-08-26T10:48:26","date_gmt":"2026-08-26T13:48:26","guid":{"rendered":"https:\/\/magistrarcursos.com.br\/blog\/?p=45001"},"modified":"2026-08-26T10:48:26","modified_gmt":"2026-08-26T13:48:26","slug":"sozinha-nao-conseguia-a-metodologia-que-aprovou-a-analista-do-mpsp-no-enam","status":"publish","type":"post","link":"https:\/\/magistrarcursos.com.br\/blog\/sozinha-nao-conseguia-a-metodologia-que-aprovou-a-analista-do-mpsp-no-enam\/","title":{"rendered":"&#8220;Sozinha n\u00e3o conseguia&#8221;: a metodologia que aprovou a analista do MPSP no ENAM"},"content":{"rendered":"\n<p>Naides Eunice da Silva Braz, 56 anos, <a href=\"https:\/\/magistrarcursos.com.br\/blog\/analista-judiciario\/\" target=\"_blank\" rel=\"noreferrer noopener\">Analista Jur\u00eddica<\/a> do <a href=\"https:\/\/magistrarcursos.com.br\/cursos\/ministerio-publico-estadual\/reta-final-mpsp\/\" target=\"_blank\" rel=\"noreferrer noopener\">Minist\u00e9rio P\u00fablico do Estado de S\u00e3o Paulo<\/a> desde 2017, conquistou a aprova\u00e7\u00e3o no <strong><a href=\"https:\/\/magistrarcursos.com.br\/blog\/enam-exame-nacional-magistratura\/\" target=\"_blank\" data-type=\"link\" data-id=\"https:\/\/magistrarcursos.com.br\/blog\/enam-exame-nacional-magistratura\/\" rel=\"noreferrer noopener\">ENAM 2026.1<\/a><\/strong> com <strong>59 acertos<\/strong>, resultado que marca o fim de uma jornada marcada por tentativas, interrup\u00e7\u00f5es e, principalmente, pela descoberta de que estudar bem \u00e9 diferente de estudar muito.<\/p>\n\n\n\n<p>A forma\u00e7\u00e3o de Naide come\u00e7ou em 2005, quando se graduou em Direito. Depois veio a p\u00f3s-gradua\u00e7\u00e3o em <strong>Direito Penal e Processo Penal<\/strong>, seguida de outra em <strong>Processo Civil<\/strong>. Mas o t\u00edtulo profissional que sempre buscou foi outro: o de ju\u00edza. A <a href=\"https:\/\/magistrarcursos.com.br\/blog\/o-que-e-magistratura\/\" target=\"_blank\" rel=\"noreferrer noopener\">magistratura<\/a> era o objetivo final desde que ingressou no Minist\u00e9rio P\u00fablico em 2017, quando a rotina profissional exigente come\u00e7ou a moldar n\u00e3o apenas sua carreira, mas tamb\u00e9m sua prepara\u00e7\u00e3o para concursos.<\/p>\n\n\n\n<div style=\"text-align: center;margin: 30px 0;font-family: 'Segoe UI', Roboto, 'Helvetica Neue', sans-serif\">\n  <a href=\"https:\/\/instagram.com\/magistrarcursos\" target=\"_blank\" rel=\"noopener noreferrer\" style=\"align-items: center;gap: 12px;background-color: #000000;color: #D4AF37;padding: 14px 28px;border-radius: 50px;text-decoration: none;font-weight: bold;font-size: 1.2rem;letter-spacing: 1px;border: 1px solid #D4AF37\">\n    \n      \n      \n      \n    \n    <span>Siga @magistrarcursos<\/span>\n  <\/a>\n  <div style=\"margin-top: 12px;font-size: 0.85rem;color: #444;font-weight: 500\">\n    \ud83d\udcda Conte\u00fados di\u00e1rios, dicas de estudos e novidades sobre concursos jur\u00eddicos\n  <\/div>\n<\/div>\n\n\n\n<p><strong>Leia tamb\u00e9m:&nbsp;<a href=\"https:\/\/magistrarcursos.com.br\/blog\/concursos-juiz\/\" target=\"_blank\" rel=\"noreferrer noopener\">Concursos para Juiz 2026: Tribunais de Justi\u00e7a, TRF e TRT<\/a><\/strong><\/p>\n\n\n\n<figure class=\"wp-block-image size-large\"><img fetchpriority=\"high\" decoding=\"async\" width=\"1024\" height=\"789\" src=\"https:\/\/magistrarcursos.com.br\/blog\/wp-content\/uploads\/2026\/08\/naides-eunice-1024x789.jpeg\" alt=\"\" class=\"wp-image-45003\" srcset=\"https:\/\/magistrarcursos.com.br\/blog\/wp-content\/uploads\/2026\/08\/naides-eunice-1024x789.jpeg 1024w, https:\/\/magistrarcursos.com.br\/blog\/wp-content\/uploads\/2026\/08\/naides-eunice-300x231.jpeg 300w, https:\/\/magistrarcursos.com.br\/blog\/wp-content\/uploads\/2026\/08\/naides-eunice-768x592.jpeg 768w, https:\/\/magistrarcursos.com.br\/blog\/wp-content\/uploads\/2026\/08\/naides-eunice.jpeg 1429w\" sizes=\"(max-width: 1024px) 100vw, 1024px\" \/><\/figure>\n\n\n\n<h2 class=\"wp-block-heading\">A facilidade que n\u00e3o era o suficiente<\/h2>\n\n\n\n<p>Naide conta, em entrevista \u00e0 equipe de jornalismo do Magistrar, que sempre teve facilidade para aprender. Na escola, na faculdade, no trabalho, absorvia o conte\u00fado com naturalidade. Mas quando come\u00e7ou a estudar para concursos, percebeu algo que a maioria dos aprovados descobre tarde demais: <strong>facilidade n\u00e3o se traduz em aprova\u00e7\u00e3o<\/strong>.<\/p>\n\n\n\n<blockquote class=\"wp-block-quote is-layout-flow wp-block-quote-is-layout-flow\">\n<p>&#8220;Eu sempre tive facilidade de aprendizado, mas percebi que isso, sozinho, n\u00e3o era suficiente. Eu precisava de direcionamento, planejamento e const\u00e2ncia&#8221;, relembra.<\/p>\n<\/blockquote>\n\n\n\n<p>Naide j\u00e1 havia prestado o ENAM quatro vezes. Cada tentativa trazia interrup\u00e7\u00f5es, ela come\u00e7ava a estudar, mas sem um planejamento adequado e tentando organizar tudo sozinha, acabava n\u00e3o conseguindo manter a prepara\u00e7\u00e3o. A rotina do Minist\u00e9rio P\u00fablico era exaustiva. As horas dispon\u00edveis para estudar eram poucas. E a sensa\u00e7\u00e3o era sempre a mesma: falta de estrat\u00e9gia.<\/p>\n\n\n\n<p><strong>&#8220;Eu tinha facilidade para aprender, mas n\u00e3o conseguia transformar isso em uma prepara\u00e7\u00e3o consistente. Depois de ingressar no Minist\u00e9rio P\u00fablico, isso ficou ainda mais dif\u00edcil&#8221;<\/strong>.<\/p>\n\n\n\n<p>Foi ent\u00e3o que em janeiro de 2025, ap\u00f3s pesquisar qual seria o melhor curso para sua prepara\u00e7\u00e3o, Naide encontrou o Magistrar. <strong>&#8220;O que mais me atraiu foi justamente a possibilidade de ter direcionamento e planejamento. Eu sabia que, sozinha, dificilmente conseguiria estruturar uma prepara\u00e7\u00e3o adequada diante da minha rotina&#8221;<\/strong>, explica.<\/p>\n\n\n\n<p>Ela se inscreveu na mentoria. N\u00e3o buscava mais um curso gen\u00e9rico, buscava o que tinha lhe faltado todas essas tentativas anteriores: algu\u00e9m que dissesse exatamente o que estudar, quando estudar, como medir sua evolu\u00e7\u00e3o.<\/p>\n\n\n\n<figure class=\"wp-block-image aligncenter size-full\"><a href=\"https:\/\/mentoria.magistrarcursos.com.br\/?utm_source=blog\" target=\"_blank\" rel=\" noreferrer noopener\"><img decoding=\"async\" width=\"650\" height=\"280\" src=\"https:\/\/magistrarcursos.com.br\/blog\/wp-content\/uploads\/2026\/07\/banner-mentoria-2027.webp\" alt=\"\" class=\"wp-image-42199\" srcset=\"https:\/\/magistrarcursos.com.br\/blog\/wp-content\/uploads\/2026\/07\/banner-mentoria-2027.webp 650w, https:\/\/magistrarcursos.com.br\/blog\/wp-content\/uploads\/2026\/07\/banner-mentoria-2027-300x129.webp 300w\" sizes=\"(max-width: 650px) 100vw, 650px\" \/><\/a><\/figure>\n\n\n\n<p><strong>Leia tamb\u00e9m: <a href=\"https:\/\/magistrarcursos.com.br\/blog\/enam-2026-2-inscricoes-abertas-veja-prazo-taxa-e-como-se-inscrever\/\" target=\"_blank\" rel=\"noreferrer noopener\">ENAM 2026.2: inscri\u00e7\u00f5es abertas; veja prazo, taxa e como se inscrever<\/a><\/strong><\/p>\n\n\n\n<h2 class=\"wp-block-heading\">Quando a vida interfere no cronograma<\/h2>\n\n\n\n<p>De janeiro de 2025 at\u00e9 junho de 2026, Naide deveria estudar para o <strong>ENAM 2026.1<\/strong>. Mas a vida tinha outros planos.<\/p>\n\n\n\n<p>Diversas enfermidades na fam\u00edlia apareceram, a rotina de trabalho continuava exaustiva e quando abriu o edital, seus pais ficaram novamente doentes. Naide era a \u00fanica pessoa dispon\u00edvel para acompanh\u00e1-los, lev\u00e1-los aos m\u00e9dicos, aos in\u00fameros exames. Em agosto, seu pai faleceu v\u00edtima de um c\u00e2ncer muito agressivo.<\/p>\n\n\n\n<p>Ao mesmo tempo, ela precisava continuar trabalhando. E havia seu filho para cuidar, e criar um filho sozinha enquanto trabalha 8 horas por dia, enquanto estuda e resolvia as quest\u00f5es do pai. Tudo ao mesmo tempo.<\/p>\n\n\n\n<p>Naide mudou sua estrat\u00e9gia de hor\u00e1rios. Inicialmente, acordava \u00e0s 4 da manh\u00e3 para estudar. Depois, seu filho come\u00e7ou a acordar muito cedo e aquele hor\u00e1rio n\u00e3o funcionava mais. <strong>Ela mudou os estudos para a noite \u2014 depois que ele dormia, estudava at\u00e9 n\u00e3o conseguir mais manter os olhos abertos<\/strong>.<\/p>\n\n\n\n<blockquote class=\"wp-block-quote is-layout-flow wp-block-quote-is-layout-flow\">\n<p>&#8220;Eu procurava criar condi\u00e7\u00f5es para cumprir o cronograma sem deixar de cuidar dele. Em alguns momentos, comprava Legos e instrumentos musicais para que ele pudesse ficar entretido enquanto eu estudava&#8221;.<\/p>\n<\/blockquote>\n\n\n\n<p>Tinha poucas horas dispon\u00edveis. Mas sabia que cada hora de estudo precisava realmente valer a pena.<\/p>\n\n\n\n<p><strong>Leia tamb\u00e9m: <a href=\"https:\/\/magistrarcursos.com.br\/blog\/enam-aprovacao-em-90-dias-magistrar-promove-live-sobre-preparacao-para-o-exame\/\" target=\"_blank\" rel=\"noreferrer noopener\">ENAM: aprova\u00e7\u00e3o em 90 dias; Magistrar promove live sobre prepara\u00e7\u00e3o para o Exame<\/a><\/strong><\/p>\n\n\n\n<h2 class=\"wp-block-heading\">A mentoria como b\u00fassola<\/h2>\n\n\n\n<p>Para Naide, a mentoria foi o divisor de \u00e1guas. <strong>&#8220;O grande diferencial foi ter algu\u00e9m fazendo o planejamento e o direcionamento que eu, sozinha, n\u00e3o conseguiria fazer diante da minha rotina&#8221;<\/strong>.<\/p>\n\n\n\n<p>O material de lei seca disponibilizado pelo Magistrar tamb\u00e9m fez diferen\u00e7a porque a sele\u00e7\u00e3o dos artigos otimizava tempo, algo cr\u00edtico quando voc\u00ea tem poucas horas. Os simulados permitiam acompanhar concretamente sua evolu\u00e7\u00e3o e identificar os pontos que precisavam ser trabalhados.<\/p>\n\n\n\n<p>Mas a verdadeira mudan\u00e7a veio da filosofia que Naide precisava aprender: <strong>&#8220;Eu n\u00e3o tinha condi\u00e7\u00f5es de estudar dez horas por dia. Ent\u00e3o precisava estudar melhor&#8221;<\/strong>.<\/p>\n\n\n\n<p>N\u00e3o era sobre quantidade. Era sobre qualidade. Era sobre const\u00e2ncia mesmo quando a vida desaba ao seu redor.<\/p>\n\n\n\n<div style=\"text-align: center;margin: 40px auto;max-width: 600px\">\n  <a href=\"https:\/\/t.magistrarcursos.com.br\/lp\/comunidade-lei-seca-b?utm_source=blog\" target=\"_blank\" rel=\"noopener noreferrer\" style=\"background-color: #0B2B5E;color: #FFD966;font-family: &#039;Poppins&#039;, Arial, sans-serif;font-size: 18px;font-weight: bold;text-decoration: none;padding: 16px 32px;border-radius: 40px;border: 2px solid #FFD966\">\n     Entrar na Comunidade Lei Seca\n  <\/a>\n  <p style=\"font-size: 14px;color: #0B2B5E;margin-top: 12px;font-family: Arial, sans-serif;font-weight: 500\">\n   Gratuito \u2022 Acelere sua aprova\u00e7\u00e3o\n  <\/p>\n<\/div>\n\n\n\n<p><strong>Leia tamb\u00e9m:&nbsp;<a href=\"https:\/\/magistrarcursos.com.br\/blog\/melhor-curso-enam\/\" target=\"_blank\" rel=\"noreferrer noopener\">Melhor Curso para o ENAM: como escolher a prepara\u00e7\u00e3o ideal para Magistratura<\/a><\/strong><\/p>\n\n\n\n<h2 class=\"wp-block-heading\">Simulados mostrando o caminho<\/h2>\n\n\n\n<p>A evolu\u00e7\u00e3o nos simulados foi crucial para Naide. Ela vinha de uma realidade em que seus resultados oscilavam bastante, aquela incerteza pr\u00f3pria de quem estuda sem direcionamento. <strong>Aos poucos, come\u00e7ou a perceber que estava conseguindo transformar o estudo em desempenho<\/strong>.<\/p>\n\n\n\n<blockquote class=\"wp-block-quote is-layout-flow wp-block-quote-is-layout-flow\">\n<p>&#8220;E essa evolu\u00e7\u00e3o foi muito importante para mim. Chegar \u00e0 prova e obter 59 acertos em 80 quest\u00f5es foi muito significativo justamente por isso. Eu sabia que aquele resultado era fruto de um processo de evolu\u00e7\u00e3o&#8221;.<\/p>\n<\/blockquote>\n\n\n\n<p>Cada simulado com nota melhorando significava que a estrat\u00e9gia funcionava. Que, apesar de tudo, ela estava no caminho certo.<\/p>\n\n\n\n<figure class=\"wp-block-image size-large\"><a href=\"https:\/\/t.magistrarcursos.com.br\/enam-3em1\/?utm_source=blog\" target=\"_blank\" rel=\" noreferrer noopener\"><img decoding=\"async\" width=\"1024\" height=\"426\" src=\"https:\/\/magistrarcursos.com.br\/blog\/wp-content\/uploads\/2026\/07\/banner-3em1-blog-1024x426.webp\" alt=\"\" class=\"wp-image-43121\" srcset=\"https:\/\/magistrarcursos.com.br\/blog\/wp-content\/uploads\/2026\/07\/banner-3em1-blog-1024x426.webp 1024w, https:\/\/magistrarcursos.com.br\/blog\/wp-content\/uploads\/2026\/07\/banner-3em1-blog-300x125.webp 300w, https:\/\/magistrarcursos.com.br\/blog\/wp-content\/uploads\/2026\/07\/banner-3em1-blog-768x320.webp 768w, https:\/\/magistrarcursos.com.br\/blog\/wp-content\/uploads\/2026\/07\/banner-3em1-blog-1536x639.webp 1536w, https:\/\/magistrarcursos.com.br\/blog\/wp-content\/uploads\/2026\/07\/banner-3em1-blog-2048x852.webp 2048w\" sizes=\"(max-width: 1024px) 100vw, 1024px\" \/><\/a><\/figure>\n\n\n\n<h2 class=\"wp-block-heading\">O dia da prova<\/h2>\n\n\n\n<p>No s\u00e1bado anterior \u00e0 prova, Naide deixou a manh\u00e3 reservada para cuidar de seu filho. Depois do meio-dia, come\u00e7ou a assistir \u00e0 revis\u00e3o de v\u00e9spera do Magistrar e estudou at\u00e9 concluir as 12 horas (aceleradas), por volta das 23h30.<\/p>\n\n\n\n<p>No dia da prova, a rotina foi cuidadosa. <strong>&#8220;Tomei caf\u00e9 da manh\u00e3 com meu filho, tomei um banho demorado e fiz v\u00e1rias respira\u00e7\u00f5es profundas. Depois, orei e entreguei a Deus o resultado daquela prova e fui confiante&#8221;<\/strong>.<\/p>\n\n\n\n<p>Ela ouviu Johann Sebastian Bach at\u00e9 o momento de entrar na sala. <strong>&#8220;Foi uma maneira de me manter tranquila e concentrada&#8221;<\/strong>.<\/p>\n\n\n\n<p>Durante a prova, come\u00e7ou pelo final, porque Direito Penal \u00e9 uma mat\u00e9ria em que se sentia mais segura. Ao longo da prova, tamb\u00e9m fez algumas pausas para respirar profundamente e recuperar a concentra\u00e7\u00e3o.<\/p>\n\n\n\n<p>O resultado: <strong>59 acertos<\/strong>. Aprovada!<\/p>\n\n\n\n<p><strong>&#8220;N\u00e3o era apenas a alegria de passar em uma prova. Era a sensa\u00e7\u00e3o de que, apesar de todas as dificuldades e de uma rotina em que eu tinha pouqu\u00edssimas horas dispon\u00edveis, eu tinha conseguido&#8221;<\/strong>.<\/p>\n\n\n\n<h2 class=\"wp-block-heading\">Conselhos<\/h2>\n\n\n\n<p>Se pudesse voltar no tempo, Naide teria um recado importante: &#8220;<strong>N\u00e3o tente fazer tudo sozinha<\/strong>&#8220;.<\/p>\n\n\n\n<p>&#8220;Eu perdi muito tempo tentando encontrar, por conta pr\u00f3pria, uma forma de conciliar uma rotina extremamente exigente com a prepara\u00e7\u00e3o para uma carreira t\u00e3o dif\u00edcil&#8221;.<\/p>\n\n\n\n<p>H\u00e1 tamb\u00e9m um aviso sobre uma ilus\u00e3o comum: &#8220;<strong>N\u00e3o confunda quantidade de horas com qualidade de estudo<\/strong>. Eu tinha poucas horas dispon\u00edveis. O que fez diferen\u00e7a foi aprender a <strong>utilizar essas horas com planejamento<\/strong>, estrat\u00e9gia e const\u00e2ncia&#8221;. E um conselho talvez ainda mais importante: &#8220;N\u00e3o desista quando as coisas n\u00e3o sa\u00edrem como planejado. \u00c0s vezes precisamos mudar a estrat\u00e9gia, e n\u00e3o abandonar o objetivo&#8221;.<\/p>\n\n\n\n<p>Para quem est\u00e1 iniciando agora, Naide \u00e9 direta: &#8220;<strong>Tenha planejamento<\/strong>, <strong>seja constante<\/strong> e <strong>conhe\u00e7a os seus pontos fracos<\/strong>&#8220;. Para quem j\u00e1 tentou o ENAM e n\u00e3o conseguiu, ela rejeita a ideia de tempo perdido: &#8220;N\u00e3o veja a tentativa anterior como tempo perdido. Use aquele resultado para entender o que precisa ser corrigido&#8221;. <\/p>\n\n\n\n<p>E h\u00e1 ainda a verdade que aprendeu na pele: &#8220;N\u00e3o acredite que \u00e9 preciso ter uma rotina perfeita para conseguir. Eu trabalhava, cuidava do meu filho, precisava cuidar dos meus pais e, durante a prepara\u00e7\u00e3o, enfrentei a doen\u00e7a e a subsequente perda do meu pai. Mesmo assim, consegui continuar&#8221;.<\/p>\n\n\n\n<blockquote class=\"wp-block-quote is-layout-flow wp-block-quote-is-layout-flow\">\n<p>&#8220;\u00c0s vezes, voc\u00ea n\u00e3o precisa de mais horas. Precisa aproveitar melhor as horas que tem. E, principalmente, precisa continuar acreditando no seu objetivo mesmo quando a sua realidade n\u00e3o \u00e9 a ideal. A minha realidade tamb\u00e9m n\u00e3o era. Mas eu continuei e estou vencendo&#8221;.<\/p>\n<\/blockquote>\n\n\n\n<p><strong>Leia tamb\u00e9m: <a href=\"https:\/\/magistrarcursos.com.br\/blog\/alta-performance-nao-e-viver-no-limite-como-construir-uma-rotina-sustentavel-ate-a-aprovacao\/\" target=\"_blank\" rel=\"noreferrer noopener\">Alta performance n\u00e3o \u00e9 viver no limite: como construir uma rotina sustent\u00e1vel at\u00e9 a aprova\u00e7\u00e3o<\/a><\/strong><\/p>\n\n\n\n<h2 class=\"wp-block-heading\"><strong>Pr\u00f3xima etapa: a magistratura<\/strong><\/h2>\n\n\n\n<p>A aprova\u00e7\u00e3o no ENAM 2026.1 n\u00e3o \u00e9 o ponto final para Naide. \u00c9 mais uma etapa de uma trajet\u00f3ria que come\u00e7ou quando ingressou no Minist\u00e9rio P\u00fablico e que agora segue em dire\u00e7\u00e3o \u00e0s provas da Magistratura.<\/p>\n\n\n\n<p>Ela pretende continuar estudando at\u00e9 conquistar a aprova\u00e7\u00e3o definitiva na carreira. Assim, a jornada iniciada ap\u00f3s m\u00faltiplas tentativas \u2014 entre trope\u00e7os e a constante sensa\u00e7\u00e3o de que faltava algo, agora segue com uma b\u00fassola clara: direcionamento.<\/p>\n\n\n\n<blockquote class=\"wp-block-quote is-layout-flow wp-block-quote-is-layout-flow\">\n<p>&#8220;O Magistrar foi e continua sendo fundamental porque me deu justamente aquilo que eu n\u00e3o conseguia construir sozinha: planejamento e direcionamento. Eu aprendi que n\u00e3o basta estudar muitas horas. \u00c9 preciso estudar de forma estrat\u00e9gica e manter const\u00e2ncia&#8221;.<\/p>\n<\/blockquote>\n\n\n\n<figure class=\"wp-block-image size-full\"><a href=\"https:\/\/t.magistrarcursos.com.br\/cerebro-juridico\/?utm_source=blog\" target=\"_blank\" rel=\" noreferrer noopener\"><img loading=\"lazy\" decoding=\"async\" width=\"800\" height=\"237\" src=\"https:\/\/magistrarcursos.com.br\/blog\/wp-content\/uploads\/2026\/04\/banner-vitalicia-cerebro.webp\" alt=\"\" class=\"wp-image-34598\" srcset=\"https:\/\/magistrarcursos.com.br\/blog\/wp-content\/uploads\/2026\/04\/banner-vitalicia-cerebro.webp 800w, https:\/\/magistrarcursos.com.br\/blog\/wp-content\/uploads\/2026\/04\/banner-vitalicia-cerebro-300x89.webp 300w, https:\/\/magistrarcursos.com.br\/blog\/wp-content\/uploads\/2026\/04\/banner-vitalicia-cerebro-768x228.webp 768w\" sizes=\"(max-width: 800px) 100vw, 800px\" \/><\/a><\/figure>\n","protected":false},"excerpt":{"rendered":"<p>Analista do MP-SP passa no exame ap\u00f3s reconhecer que facilidade de aprendizado n\u00e3o \u00e9 suficiente sem planejamento e direcionamento<\/p>\n","protected":false},"author":17,"featured_media":45049,"comment_status":"closed","ping_status":"closed","sticky":false,"template":"","format":"standard","meta":{"footnotes":""},"categories":[48,103],"tags":[],"class_list":["post-45001","post","type-post","status-publish","format-standard","has-post-thumbnail","hentry","category-noticias","category-enam"],"_links":{"self":[{"href":"https:\/\/magistrarcursos.com.br\/blog\/wp-json\/wp\/v2\/posts\/45001","targetHints":{"allow":["GET"]}}],"collection":[{"href":"https:\/\/magistrarcursos.com.br\/blog\/wp-json\/wp\/v2\/posts"}],"about":[{"href":"https:\/\/magistrarcursos.com.br\/blog\/wp-json\/wp\/v2\/types\/post"}],"author":[{"embeddable":true,"href":"https:\/\/magistrarcursos.com.br\/blog\/wp-json\/wp\/v2\/users\/17"}],"replies":[{"embeddable":true,"href":"https:\/\/magistrarcursos.com.br\/blog\/wp-json\/wp\/v2\/comments?post=45001"}],"version-history":[{"count":2,"href":"https:\/\/magistrarcursos.com.br\/blog\/wp-json\/wp\/v2\/posts\/45001\/revisions"}],"predecessor-version":[{"id":45017,"href":"https:\/\/magistrarcursos.com.br\/blog\/wp-json\/wp\/v2\/posts\/45001\/revisions\/45017"}],"wp:featuredmedia":[{"embeddable":true,"href":"https:\/\/magistrarcursos.com.br\/blog\/wp-json\/wp\/v2\/media\/45049"}],"wp:attachment":[{"href":"https:\/\/magistrarcursos.com.br\/blog\/wp-json\/wp\/v2\/media?parent=45001"}],"wp:term":[{"taxonomy":"category","embeddable":true,"href":"https:\/\/magistrarcursos.com.br\/blog\/wp-json\/wp\/v2\/categories?post=45001"},{"taxonomy":"post_tag","embeddable":true,"href":"https:\/\/magistrarcursos.com.br\/blog\/wp-json\/wp\/v2\/tags?post=45001"}],"curies":[{"name":"wp","href":"https:\/\/api.w.org\/{rel}","templated":true}]}}