{"id":45098,"date":"2026-08-28T08:00:00","date_gmt":"2026-08-28T11:00:00","guid":{"rendered":"https:\/\/magistrarcursos.com.br\/blog\/?p=45098"},"modified":"2026-08-26T15:05:09","modified_gmt":"2026-08-26T18:05:09","slug":"concurso-dpe-rj-defensor-prova-objetiva-neste-domingo-30-veja-horario-o-que-levar-e-regras","status":"publish","type":"post","link":"https:\/\/magistrarcursos.com.br\/blog\/concurso-dpe-rj-defensor-prova-objetiva-neste-domingo-30-veja-horario-o-que-levar-e-regras\/","title":{"rendered":"Concurso DPE RJ Defensor: prova objetiva neste domingo (30); veja hor\u00e1rio, o que levar e regras"},"content":{"rendered":"\n<p>A prova objetiva do concurso para <a href=\"https:\/\/magistrarcursos.com.br\/blog\/defensor-publico\/\" target=\"_blank\" rel=\"noreferrer noopener\">Defensor P\u00fablico<\/a> da Defensoria P\u00fablica do Estado do Rio de Janeiro (DPE RJ) ser\u00e1 aplicada neste domingo, <strong>30 de agosto de 2026<\/strong>, na cidade do Rio de Janeiro.<\/p>\n\n\n\n<p>A avalia\u00e7\u00e3o ocorrer\u00e1 das <strong>13h \u00e0s 18h<\/strong>, conforme o hor\u00e1rio oficial de Bras\u00edlia. Os <strong>port\u00f5es ser\u00e3o fechados \u00e0s 12h30<\/strong>, e o edital orienta que os candidatos compare\u00e7am ao local de prova com <strong>anteced\u00eancia m\u00ednima de uma<\/strong> hora em rela\u00e7\u00e3o ao fechamento, ou seja, at\u00e9 as 11h30.<\/p>\n\n\n\n<p>N\u00e3o ser\u00e1 permitida a entrada ap\u00f3s o fechamento dos port\u00f5es. Tamb\u00e9m n\u00e3o haver\u00e1 segunda chamada, e a aus\u00eancia implicar\u00e1 a elimina\u00e7\u00e3o autom\u00e1tica do candidato. A <a href=\"https:\/\/cci.conhecimento.fgv.br\/4faee274-d9a0-4d3a-8083-3d9e92b5f723\" target=\"_blank\" rel=\"noreferrer noopener\"><strong>consulta individual ao local de prova<\/strong><\/a> j\u00e1 est\u00e1 dispon\u00edvel no site da FGV.<\/p>\n\n\n\n<p>A avalia\u00e7\u00e3o ter\u00e1 cinco horas de dura\u00e7\u00e3o e ser\u00e1 composta por 90 quest\u00f5es de m\u00faltipla escolha, distribu\u00eddas em tr\u00eas blocos de disciplinas.<\/p>\n\n\n\n<div style=\"text-align:center;padding:20px;font-family:'Segoe UI',Tahoma,Geneva,Verdana,sans-serif\">\n\n  <a href=\"https:\/\/www.instagram.com\/magistrarcursos\/\" target=\"_blank\" rel=\"noopener noreferrer\" aria-label=\"Siga Magistrar Cursos no Instagram\" style=\"align-items:center;justify-content:center;gap:12px;background:linear-gradient(135deg,#feda77,#f58529,#dd2a7b,#8134af,#515bd4);color:#ffffff;font-size:1.2rem;font-weight:600;text-decoration:none;padding:14px 28px;border-radius:50px;border:none;letter-spacing:0.5px\">\n\n    <span style=\"font-size:1.5rem;line-height:1\">\ud83d\udcf8<\/span>\n\n    <span>\n      <strong>@<\/strong>magistrarcursos\n    <\/span>\n  <\/a>\n\n  <div style=\"font-size:0.85rem;color:#2c3e50;margin-top:16px;line-height:1.4;opacity:0.85\">\n    Acompanhe conte\u00fados exclusivos, notifica\u00e7\u00f5es de editais e dicas para sua aprova\u00e7\u00e3o!\n  <\/div>\n\n<\/div>\n\n\n\n<h2 class=\"wp-block-heading\">Participe da Revis\u00e3o de V\u00e9spera DPE RJ<\/h2>\n\n\n\n<p>A reta final do <a href=\"https:\/\/magistrarcursos.com.br\/blog\/concurso-dpe-rj-defensor\/\" target=\"_blank\" rel=\"noreferrer noopener\">concurso DPE RJ Defensor<\/a> contar\u00e1 com uma programa\u00e7\u00e3o especial para os candidatos que desejam refor\u00e7ar os estudos antes da prova!<\/p>\n\n\n\n<p>Neste s\u00e1bado, <strong>29 de agosto<\/strong>, o Magistrar realiza a <a href=\"https:\/\/magistrarcursos.com.br\/blog\/revisao-de-vespera-dpe-rj-mais-de-10h-de-aula-ao-vivo-neste-sabado-29\/\" target=\"_blank\" rel=\"noreferrer noopener\"><strong>Revis\u00e3o de V\u00e9spera DPE RJ<\/strong><\/a>, com 10 horas de aulas ao vivo e GRATUITA, <strong>das 8h \u00e0s 18h10<\/strong>. Com o tema<strong><em> \u201cO ajuste que faltava para a sua aprova\u00e7\u00e3o\u201d<\/em><\/strong>, a revis\u00e3o reunir\u00e1 professores e especialistas em diferentes \u00e1reas do Direito para uma prepara\u00e7\u00e3o intensiva, disciplina por disciplina.<\/p>\n\n\n\n<p>A transmiss\u00e3o ser\u00e1 realizada ao vivo e sem interrup\u00e7\u00f5es pelo <a href=\"https:\/\/www.youtube.com\/@magistrar\" target=\"_blank\" rel=\"noreferrer noopener\">canal do Magistrar no YouTube<\/a>.<\/p>\n\n\n\n<figure class=\"wp-block-embed is-type-video is-provider-youtube wp-block-embed-youtube wp-embed-aspect-16-9 wp-has-aspect-ratio\"><div class=\"wp-block-embed__wrapper\">\n<iframe title=\"Revis\u00e3o de V\u00e9spera DPE-RJ | Concurso 2026 para Defensor P\u00fablico\" width=\"800\" height=\"450\" src=\"https:\/\/www.youtube.com\/embed\/yI7WyT2Y918?feature=oembed\" frameborder=\"0\" allow=\"accelerometer; autoplay; clipboard-write; encrypted-media; gyroscope; picture-in-picture; web-share\" referrerpolicy=\"strict-origin-when-cross-origin\" allowfullscreen><\/iframe>\n<\/div><\/figure>\n\n\n\n<p>Para receber informa\u00e7\u00f5es e acessar a p\u00e1gina de cadastro da Revis\u00e3o de V\u00e9spera DPE RJ, os interessados podem se inscrever por meio do bot\u00e3o abaixo:<\/p>\n\n\n\n<p class=\"has-text-align-center has-white-color has-text-color has-background has-link-color wp-elements-3b4f944c4ec3a879c810cdaf4bba87f8\" style=\"border-style:none;border-width:0px;border-radius:34px;background-color:#366654\"><a href=\"https:\/\/t.magistrarcursos.com.br\/revisao-de-vespera-dpe\/\" target=\"_blank\" rel=\"noreferrer noopener\"><strong>QUERO PARTICIPAR DA REVIS\u00c3O DE V\u00c9SPERA DPE-RJ<\/strong><\/a><\/p>\n\n\n\n<h2 class=\"wp-block-heading\">O que levar para a prova do concurso DPE RJ Defensor?<\/h2>\n\n\n\n<p>Para realizar a prova objetiva, o candidato dever\u00e1 levar:<\/p>\n\n\n\n<ul class=\"wp-block-list\">\n<li>Documento de identidade original<\/li>\n\n\n\n<li>Caneta esferogr\u00e1fica de tinta azul, fabricada em material transparente<\/li>\n\n\n\n<li>Comprovante de inscri\u00e7\u00e3o<\/li>\n<\/ul>\n\n\n\n<p><strong><em>Aten\u00e7\u00e3o: <\/em><\/strong><em>o edital exige especificamente caneta de tinta azul. Portanto, n\u00e3o \u00e9 recomend\u00e1vel levar apenas caneta preta.<\/em><\/p>\n\n\n\n<p>Entre os documentos de identifica\u00e7\u00e3o aceitos est\u00e3o:<\/p>\n\n\n\n<ul class=\"wp-block-list\">\n<li>Carteira de identidade<\/li>\n\n\n\n<li>Carteiras expedidas pelos Comandos Militares, Secretarias de Seguran\u00e7a P\u00fablica, Institutos de Identifica\u00e7\u00e3o e Corpos de Bombeiros Militares<\/li>\n\n\n\n<li>Carteiras expedidas por \u00f3rg\u00e3os fiscalizadores do exerc\u00edcio profissional, como a OAB<\/li>\n\n\n\n<li>Passaporte brasileiro<\/li>\n\n\n\n<li>Certificado de reservista<\/li>\n\n\n\n<li>Carteiras funcionais que tenham valor legal de identidade<\/li>\n\n\n\n<li>Carteira de Trabalho<\/li>\n\n\n\n<li>Carteira Nacional de Habilita\u00e7\u00e3o com foto<\/li>\n<\/ul>\n\n\n\n<p>N\u00e3o ser\u00e3o aceitas c\u00f3pias do documento, ainda que autenticadas, nem protocolos. Tamb\u00e9m n\u00e3o ser\u00e3o admitidos certid\u00e3o de nascimento, CPF, t\u00edtulo eleitoral, carteira de estudante, documentos ileg\u00edveis, danificados ou que n\u00e3o permitam a identifica\u00e7\u00e3o do candidato.<\/p>\n\n\n\n<p>Em caso de perda, roubo ou furto, ser\u00e1 necess\u00e1rio apresentar o registro da ocorr\u00eancia policial expedido h\u00e1, no m\u00e1ximo, 90 dias. Nessa situa\u00e7\u00e3o, o candidato ser\u00e1 submetido a um procedimento de identifica\u00e7\u00e3o especial.<\/p>\n\n\n\n<p><strong>Veja mais: <\/strong><a href=\"https:\/\/magistrarcursos.com.br\/blog\/concursos-defensoria\/\" target=\"_blank\" rel=\"noreferrer noopener\"><strong>Concursos para Defensor 2026: editais previstos e situa\u00e7\u00e3o dos principais concursos<\/strong><\/a><\/p>\n\n\n\n<h2 class=\"wp-block-heading\">O que \u00e9 proibido durante a prova?<\/h2>\n\n\n\n<p>A prova preliminar objetiva ser\u00e1 realizada sem consulta. N\u00e3o ser\u00e1 permitida a utiliza\u00e7\u00e3o de livros, c\u00f3digos, legisla\u00e7\u00e3o, anota\u00e7\u00f5es, impressos, r\u00e9guas de c\u00e1lculo ou qualquer outro material de apoio.<\/p>\n\n\n\n<p>Tamb\u00e9m est\u00e3o proibidos, entre outros itens:<\/p>\n\n\n\n<ul class=\"wp-block-list\">\n<li>Celulares e smartphones<\/li>\n\n\n\n<li>Rel\u00f3gios de qualquer esp\u00e9cie<\/li>\n\n\n\n<li>Tablets, notebooks, palmtops e pendrives<\/li>\n\n\n\n<li>Calculadoras<\/li>\n\n\n\n<li>M\u00e1quinas fotogr\u00e1ficas, gravadores e receptores<\/li>\n\n\n\n<li>Fones de ouvido<\/li>\n\n\n\n<li>\u00d3culos escuros<\/li>\n\n\n\n<li>Chap\u00e9us, bon\u00e9s e gorros<\/li>\n\n\n\n<li>L\u00e1pis e lapiseira<\/li>\n\n\n\n<li>Borracha<\/li>\n\n\n\n<li>Corretivo l\u00edquido<\/li>\n\n\n\n<li>Controles de alarme de ve\u00edculos<\/li>\n<\/ul>\n\n\n\n<p>Os equipamentos eletr\u00f4nicos e materiais n\u00e3o permitidos dever\u00e3o ser informados ao fiscal e guardados na embalagem de seguran\u00e7a fornecida pela organiza\u00e7\u00e3o. O recipiente dever\u00e1 permanecer lacrado durante toda a aplica\u00e7\u00e3o e somente poder\u00e1 ser aberto depois que o candidato deixar o local de prova.<\/p>\n\n\n\n<p>A FGV e a DPE RJ n\u00e3o se responsabilizar\u00e3o por perdas, extravios ou danos aos objetos levados pelos participantes.<\/p>\n\n\n\n<h2 class=\"wp-block-heading\">Regras importantes durante a aplica\u00e7\u00e3o da prova<\/h2>\n\n\n\n<p>Al\u00e9m das restri\u00e7\u00f5es relacionadas aos materiais e equipamentos, os candidatos devem observar as seguintes regras:<\/p>\n\n\n\n<ul class=\"wp-block-list\">\n<li>O candidato dever\u00e1 permanecer no local por, no m\u00ednimo, tr\u00eas horas ap\u00f3s o in\u00edcio da prova<\/li>\n\n\n\n<li>Depois de iniciada a avalia\u00e7\u00e3o, n\u00e3o ser\u00e1 permitido sair da sala sem autoriza\u00e7\u00e3o e acompanhamento da fiscaliza\u00e7\u00e3o<\/li>\n\n\n\n<li>Caso o candidato deixe a sala sem autoriza\u00e7\u00e3o, n\u00e3o poder\u00e1 retornar, mesmo que a sa\u00edda ocorra por quest\u00f5es de sa\u00fade<\/li>\n\n\n\n<li>O caderno de quest\u00f5es somente poder\u00e1 ser levado se a sa\u00edda ocorrer nos \u00faltimos 30 minutos da prova<\/li>\n\n\n\n<li>Ao terminar, o candidato dever\u00e1 entregar obrigatoriamente o cart\u00e3o de respostas e, quando n\u00e3o estiver no per\u00edodo permitido, o caderno de quest\u00f5es<\/li>\n\n\n\n<li>Os tr\u00eas \u00faltimos candidatos dever\u00e3o permanecer juntos na sala at\u00e9 a entrega de todo o material e a realiza\u00e7\u00e3o dos procedimentos finais<\/li>\n\n\n\n<li>N\u00e3o ser\u00e1 permitida a comunica\u00e7\u00e3o entre candidatos<\/li>\n\n\n\n<li>N\u00e3o ser\u00e1 permitido fazer anota\u00e7\u00f5es das respostas no comprovante de inscri\u00e7\u00e3o ou em outro meio n\u00e3o autorizado<\/li>\n\n\n\n<li>O candidato poder\u00e1 ser submetido \u00e0 coleta de impress\u00e3o digital e \u00e0 detec\u00e7\u00e3o de metais<\/li>\n\n\n\n<li>N\u00e3o ser\u00e1 permitido fumar na sala nem nas depend\u00eancias do local de prova<\/li>\n<\/ul>\n\n\n\n<p>A recusa em permitir a coleta da assinatura ou da impress\u00e3o digital, assim como a negativa em passar pelo detector de metais, poder\u00e1 resultar na elimina\u00e7\u00e3o do concurso.<\/p>\n\n\n\n<p>Candidatos que utilizam marca-passo, aparelho auditivo, medidor de glicemia, pinos cir\u00fargicos ou outros equipamentos por raz\u00f5es de sa\u00fade dever\u00e3o comparecer com os exames e laudos que comprovem a necessidade de uso.<\/p>\n\n\n\n<p><strong>Veja mais: <\/strong><a href=\"https:\/\/magistrarcursos.com.br\/blog\/cafe-energeticos-e-suplementos-eles-realmente-ajudam-a-estudar-melhor-para-concursos\/\" target=\"_blank\" rel=\"noreferrer noopener\"><strong>Caf\u00e9, energ\u00e9ticos e suplementos: eles realmente ajudam a estudar melhor para concursos?<\/strong><\/a><\/p>\n\n\n\n<h2 class=\"wp-block-heading\">Como ser\u00e1 a prova objetiva do concurso DPE RJ Defensor?<\/h2>\n\n\n\n<p>A prova preliminar objetiva ter\u00e1 car\u00e1ter eliminat\u00f3rio e classificat\u00f3rio, com dura\u00e7\u00e3o de <strong>cinco horas<\/strong>. A avalia\u00e7\u00e3o ser\u00e1 composta por <strong>90 quest\u00f5es de m\u00faltipla escolha<\/strong>, cada uma com cinco alternativas e apenas uma resposta correta. Ser\u00e3o 30 quest\u00f5es referentes a cada uma das tr\u00eas Bancas Examinadoras.<\/p>\n\n\n\n<p>As quest\u00f5es poder\u00e3o abordar as seguintes disciplinas:<\/p>\n\n\n\n<p><strong>Bloco I<\/strong><\/p>\n\n\n\n<ul class=\"wp-block-list\">\n<li>Direito Civil<\/li>\n\n\n\n<li>Direito Processual Civil<\/li>\n\n\n\n<li>Direito do Consumidor<\/li>\n\n\n\n<li>Tutela Coletiva<\/li>\n\n\n\n<li>Direito Empresarial<\/li>\n<\/ul>\n\n\n\n<p><strong>Bloco II<\/strong><\/p>\n\n\n\n<ul class=\"wp-block-list\">\n<li>Direito Penal<\/li>\n\n\n\n<li>Direito Processual Penal<\/li>\n\n\n\n<li>Direito de Execu\u00e7\u00e3o Penal<\/li>\n\n\n\n<li>Criminologia<\/li>\n<\/ul>\n\n\n\n<p><strong>Bloco III<\/strong><\/p>\n\n\n\n<ul class=\"wp-block-list\">\n<li>Direito Constitucional<\/li>\n\n\n\n<li>Direito Administrativo<\/li>\n\n\n\n<li>Direitos Humanos<\/li>\n\n\n\n<li>Direito da Crian\u00e7a, do Adolescente e do Idoso<\/li>\n\n\n\n<li>Princ\u00edpios Institucionais da Defensoria P\u00fablica<\/li>\n<\/ul>\n\n\n\n<p>As respostas ser\u00e3o corrigidas por meio de processamento eletr\u00f4nico do cart\u00e3o de respostas.<\/p>\n\n\n\n<h3 class=\"wp-block-heading\">Qual a nota m\u00ednima para ser aprovado na prova objetiva?<\/h3>\n\n\n\n<p>Para ser habilitado na primeira etapa, o candidato dever\u00e1 alcan\u00e7ar:<\/p>\n\n\n\n<ul class=\"wp-block-list\">\n<li><strong>Ampla concorr\u00eancia:<\/strong> no m\u00ednimo 59 acertos<\/li>\n\n\n\n<li><strong>Vagas reservadas:<\/strong> no m\u00ednimo 45 acertos<\/li>\n<\/ul>\n\n\n\n<p>O gabarito preliminar ser\u00e1 publicado no Di\u00e1rio Oficial Eletr\u00f4nico da DPE RJ e na p\u00e1gina do concurso no site da FGV.<\/p>\n\n\n\n<p>Ap\u00f3s a divulga\u00e7\u00e3o, os candidatos ter\u00e3o <strong>dois dias \u00fateis<\/strong> para apresentar recursos, contados a partir do dia seguinte \u00e0 publica\u00e7\u00e3o.<\/p>\n\n\n\n<p>Para receber informa\u00e7\u00f5es e acessar a p\u00e1gina de cadastro da Revis\u00e3o de V\u00e9spera DPE RJ, os interessados podem se inscrever por meio do bot\u00e3o abaixo.<\/p>\n\n\n\n<h2 class=\"wp-block-heading\">Sobre o concurso DPE RJ Defensor<\/h2>\n\n\n\n<ul class=\"wp-block-list\">\n<li><strong>Cargo:<\/strong> Defensor P\u00fablico de Classe Inicial<\/li>\n\n\n\n<li><strong>Vagas:<\/strong> 35 vagas imediatas + cadastro de reserva<\/li>\n\n\n\n<li><strong>Banca:<\/strong> Funda\u00e7\u00e3o Getulio Vargas (FGV)<\/li>\n\n\n\n<li><strong>Remunera\u00e7\u00e3o inicial:<\/strong> R$ 34.279,28<\/li>\n\n\n\n<li><strong>Requisitos:<\/strong> bacharelado em Direito e tr\u00eas anos de atividade jur\u00eddica<\/li>\n<\/ul>\n\n\n\n<div style=\"text-align: center;margin: 30px 0\">\r\n  <a href=\"https:\/\/www.youtube.com\/@magistrar\" target=\"_blank\" rel=\"noopener noreferrer\" style=\"background: #FF0000;color: #FFFFFF;padding: 15px 30px;border-radius: 6px;text-decoration: none;font-size: 17px;font-weight: 700\">\r\n     Se inscreva no canal do Magistrar no YouTube\r\n  <\/a>\r\n<\/div>\n","protected":false},"excerpt":{"rendered":"<p>Avalia\u00e7\u00e3o ser\u00e1 aplicada no Rio de Janeiro, das 13h \u00e0s 18h; port\u00f5es fecham \u00e0s 12h30<\/p>\n","protected":false},"author":13,"featured_media":29437,"comment_status":"closed","ping_status":"closed","sticky":false,"template":"","format":"standard","meta":{"footnotes":""},"categories":[48,106],"tags":[],"class_list":["post-45098","post","type-post","status-publish","format-standard","has-post-thumbnail","hentry","category-noticias","category-defensoria-publica"],"_links":{"self":[{"href":"https:\/\/magistrarcursos.com.br\/blog\/wp-json\/wp\/v2\/posts\/45098","targetHints":{"allow":["GET"]}}],"collection":[{"href":"https:\/\/magistrarcursos.com.br\/blog\/wp-json\/wp\/v2\/posts"}],"about":[{"href":"https:\/\/magistrarcursos.com.br\/blog\/wp-json\/wp\/v2\/types\/post"}],"author":[{"embeddable":true,"href":"https:\/\/magistrarcursos.com.br\/blog\/wp-json\/wp\/v2\/users\/13"}],"replies":[{"embeddable":true,"href":"https:\/\/magistrarcursos.com.br\/blog\/wp-json\/wp\/v2\/comments?post=45098"}],"version-history":[{"count":1,"href":"https:\/\/magistrarcursos.com.br\/blog\/wp-json\/wp\/v2\/posts\/45098\/revisions"}],"predecessor-version":[{"id":45099,"href":"https:\/\/magistrarcursos.com.br\/blog\/wp-json\/wp\/v2\/posts\/45098\/revisions\/45099"}],"wp:featuredmedia":[{"embeddable":true,"href":"https:\/\/magistrarcursos.com.br\/blog\/wp-json\/wp\/v2\/media\/29437"}],"wp:attachment":[{"href":"https:\/\/magistrarcursos.com.br\/blog\/wp-json\/wp\/v2\/media?parent=45098"}],"wp:term":[{"taxonomy":"category","embeddable":true,"href":"https:\/\/magistrarcursos.com.br\/blog\/wp-json\/wp\/v2\/categories?post=45098"},{"taxonomy":"post_tag","embeddable":true,"href":"https:\/\/magistrarcursos.com.br\/blog\/wp-json\/wp\/v2\/tags?post=45098"}],"curies":[{"name":"wp","href":"https:\/\/api.w.org\/{rel}","templated":true}]}}