{"id":45134,"date":"2026-08-27T11:58:44","date_gmt":"2026-08-27T14:58:44","guid":{"rendered":"https:\/\/magistrarcursos.com.br\/blog\/?p=45134"},"modified":"2026-08-27T12:31:47","modified_gmt":"2026-08-27T15:31:47","slug":"de-ultima-hora-a-aprovacao-aprovado-no-enam-revela-trajetoria-ate-a-magistratura","status":"publish","type":"post","link":"https:\/\/magistrarcursos.com.br\/blog\/de-ultima-hora-a-aprovacao-aprovado-no-enam-revela-trajetoria-ate-a-magistratura\/","title":{"rendered":"Aprovado no ENAM de primeira ap\u00f3s come\u00e7ar os estudos de \u00faltima hora"},"content":{"rendered":"\n<p>A aprova\u00e7\u00e3o no <strong><a href=\"https:\/\/magistrarcursos.com.br\/blog\/enam-exame-nacional-magistratura\/\" target=\"_blank\" rel=\"noreferrer noopener\">Exame Nacional da Magistratura (ENAM)<\/a><\/strong> marcou o in\u00edcio de uma nova etapa na trajet\u00f3ria de Rafael Rodrigues de Araujo, de 41 anos. Natural de Maring\u00e1, no Paran\u00e1, e criado em Rond\u00f4nia, o servidor p\u00fablico j\u00e1 acumulava experi\u00eancias em diferentes \u00e1reas antes de decidir retomar os estudos para concursos jur\u00eddicos.<\/p>\n\n\n\n<p>Formado em Direito, Hist\u00f3ria e Economia, Rafael passou por uma longa trajet\u00f3ria de prepara\u00e7\u00e3o para a carreira diplom\u00e1tica e, posteriormente, construiu carreira no Minist\u00e9rio P\u00fablico. Em 2025, decidiu voltar aos concursos jur\u00eddicos e viu no ENAM uma oportunidade de retomar os estudos.<\/p>\n\n\n\n<p>Aprovado na primeira vez em que realizou o exame, no ENAM 2025.2, Rafael atualmente segue se preparando para concursos da Magistratura, com foco especial na <strong><a href=\"https:\/\/magistrarcursos.com.br\/blog\/concurso-juiz-trabalho\/\" target=\"_blank\" rel=\"noreferrer noopener\">carreira trabalhista<\/a><\/strong>.<\/p>\n\n\n\n<p><strong><a href=\"https:\/\/magistrarcursos.com.br\/blog\/enam-aprovacao-em-90-dias-magistrar-promove-live-sobre-preparacao-para-o-exame\/\" target=\"_blank\" rel=\"noreferrer noopener\">ENAM: aprova\u00e7\u00e3o em 90 dias; Magistrar promove live sobre prepara\u00e7\u00e3o para o Exame<\/a><\/strong><\/p>\n\n\n\n<h2 class=\"wp-block-heading\">Do Direito \u00e0 diplomacia: uma trajet\u00f3ria com diferentes caminhos<\/h2>\n\n\n\n<p>Rafael conta que chegou ao Direito quase \u201cde paraquedas\u201d. Influenciado pela fam\u00edlia paterna, que possui diversas pessoas ligadas \u00e0 \u00e1rea jur\u00eddica, decidiu cursar Direito. Ao mesmo tempo, manteve interesse por outras \u00e1reas e tamb\u00e9m se graduou em Hist\u00f3ria e Economia.<\/p>\n\n\n\n<p>Depois da gradua\u00e7\u00e3o, por\u00e9m, seus planos profissionais seguiram por outro caminho. Durante alguns anos, dedicou-se aos estudos para a carreira diplom\u00e1tica, per\u00edodo marcado por avan\u00e7os e interrup\u00e7\u00f5es na prepara\u00e7\u00e3o.<\/p>\n\n\n\n<p>Entre 2009 e 2011 e novamente entre 2018 e 2020, conseguiu manter um ritmo mais intenso de estudos. Chegou, inclusive, \u00e0 \u00faltima fase do concurso para a carreira diplom\u00e1tica, mas acabou n\u00e3o sendo aprovado.<\/p>\n\n\n\n<p>A experi\u00eancia, no entanto, fez parte de uma trajet\u00f3ria que posteriormente o levaria de volta ao Direito.<\/p>\n\n\n\n<p><strong><a href=\"https:\/\/magistrarcursos.com.br\/blog\/concursos-juridicos-editais-abertos-e-previstos-em-agosto\/\" target=\"_blank\" rel=\"noreferrer noopener\">Concursos jur\u00eddicos: editais abertos e previstos em agosto; iniciais de at\u00e9 R$ 41,8 mil!<\/a><\/strong><\/p>\n\n\n\n<h2 class=\"wp-block-heading\">A carreira no Minist\u00e9rio P\u00fablico<\/h2>\n\n\n\n<p>Em 2012, Rafael foi aprovado para o cargo de Analista\/Direito do <strong><a href=\"https:\/\/magistrarcursos.com.br\/blog\/concurso-mp-ro\/\" target=\"_blank\" rel=\"noreferrer noopener\">Minist\u00e9rio P\u00fablico de Rond\u00f4nia (MPRO)<\/a><\/strong>, onde permaneceu at\u00e9 2024.<\/p>\n\n\n\n<p>Durante esse per\u00edodo, tamb\u00e9m chegou a se afastar temporariamente das atividades profissionais para retomar os estudos para a diplomacia. Entre 2017 e 2021, ficou em licen\u00e7a n\u00e3o remunerada, mas posteriormente retornou ao MPRO.<\/p>\n\n\n\n<p>Em 2024, assumiu o cargo de Analista\/Direito do Minist\u00e9rio P\u00fablico da Uni\u00e3o (MPU), passando a atuar no Minist\u00e9rio P\u00fablico do Trabalho (MPT) em Uruguaiana, no Rio Grande do Sul.<\/p>\n\n\n\n<p>No ano seguinte, por meio de concurso de remo\u00e7\u00e3o, mudou-se para Guarapuava, no Paran\u00e1, onde passou a trabalhar no MPT e ficou mais pr\u00f3ximo da fam\u00edlia.<\/p>\n\n\n\n<p><strong>Leia tamb\u00e9m:&nbsp;<a href=\"https:\/\/magistrarcursos.com.br\/blog\/enam-2026-2-edital-publicado-provas-em-novembro\/\" target=\"_blank\" rel=\"noreferrer noopener\">ENAM 2026.2: edital publicado; provas em novembro!<\/a><\/strong><\/p>\n\n\n\n<figure class=\"wp-block-image size-large\"><a href=\"https:\/\/t.magistrarcursos.com.br\/enam-3em1\/?utm_source=blog\" target=\"_blank\" rel=\" noreferrer noopener\"><img fetchpriority=\"high\" decoding=\"async\" width=\"1024\" height=\"426\" src=\"https:\/\/magistrarcursos.com.br\/blog\/wp-content\/uploads\/2026\/07\/banner-3em1-blog-1024x426.webp\" alt=\"\" class=\"wp-image-43121\" srcset=\"https:\/\/magistrarcursos.com.br\/blog\/wp-content\/uploads\/2026\/07\/banner-3em1-blog-1024x426.webp 1024w, https:\/\/magistrarcursos.com.br\/blog\/wp-content\/uploads\/2026\/07\/banner-3em1-blog-300x125.webp 300w, https:\/\/magistrarcursos.com.br\/blog\/wp-content\/uploads\/2026\/07\/banner-3em1-blog-768x320.webp 768w, https:\/\/magistrarcursos.com.br\/blog\/wp-content\/uploads\/2026\/07\/banner-3em1-blog-1536x639.webp 1536w, https:\/\/magistrarcursos.com.br\/blog\/wp-content\/uploads\/2026\/07\/banner-3em1-blog-2048x852.webp 2048w\" sizes=\"(max-width: 1024px) 100vw, 1024px\" \/><\/a><\/figure>\n\n\n\n<h2 class=\"wp-block-heading\">O ENAM surgiu como uma oportunidade de \u00faltima hora<\/h2>\n\n\n\n<p>Em 2025, Rafael come\u00e7ou a considerar novamente os concursos jur\u00eddicos. Foi ent\u00e3o que encontrou no ENAM uma oportunidade para retomar a prepara\u00e7\u00e3o.<\/p>\n\n\n\n<p>A decis\u00e3o, por\u00e9m, aconteceu praticamente \u00e0s v\u00e9speras da prova. Ele s\u00f3 tomou conhecimento do exame quando viu o edital publicado, em julho de 2025.<\/p>\n\n\n\n<div class=\"wp-block-media-text is-stacked-on-mobile\" style=\"grid-template-columns:39% auto\"><figure class=\"wp-block-media-text__media\"><img decoding=\"async\" width=\"768\" height=\"1024\" src=\"https:\/\/magistrarcursos.com.br\/blog\/wp-content\/uploads\/2026\/08\/WhatsApp-Image-2026-08-26-at-18.24.05-768x1024.jpeg\" alt=\"\" class=\"wp-image-45184 size-full\" srcset=\"https:\/\/magistrarcursos.com.br\/blog\/wp-content\/uploads\/2026\/08\/WhatsApp-Image-2026-08-26-at-18.24.05-768x1024.jpeg 768w, https:\/\/magistrarcursos.com.br\/blog\/wp-content\/uploads\/2026\/08\/WhatsApp-Image-2026-08-26-at-18.24.05-225x300.jpeg 225w, https:\/\/magistrarcursos.com.br\/blog\/wp-content\/uploads\/2026\/08\/WhatsApp-Image-2026-08-26-at-18.24.05-1152x1536.jpeg 1152w, https:\/\/magistrarcursos.com.br\/blog\/wp-content\/uploads\/2026\/08\/WhatsApp-Image-2026-08-26-at-18.24.05.jpeg 1200w\" sizes=\"(max-width: 768px) 100vw, 768px\" \/><\/figure><div class=\"wp-block-media-text__content\">\n<blockquote class=\"wp-block-quote is-layout-flow wp-block-quote-is-layout-flow\">\n<p>\u201cEu resolvi fazer o ENAM de \u00faltima hora, quando vi o edital publicado em julho de 2025. Estava querendo voltar a estudar para concursos e achei que seria uma boa oportunidade\u201d, contou.<\/p>\n<\/blockquote>\n<\/div><\/div>\n\n\n\n<p>A partir da\u00ed, come\u00e7ou a pesquisar materiais espec\u00edficos para a prova e conheceu o <strong>Magistrar<\/strong> <strong>pelo YouTube<\/strong>.<\/p>\n\n\n\n<div style=\"text-align: center;margin: 30px 0\">\n  <a href=\"https:\/\/www.youtube.com\/@magistrar\" target=\"_blank\" rel=\"noopener noreferrer\" style=\"background: #FF0000;color: #FFFFFF;padding: 15px 30px;border-radius: 6px;text-decoration: none;font-size: 17px;font-weight: 700\">\n     Se inscreva no canal do Magistrar no YouTube\n  <\/a>\n<\/div>\n\n\n\n<h2 class=\"wp-block-heading\">Do YouTube \u00e0 aprova\u00e7\u00e3o na primeira tentativa<\/h2>\n\n\n\n<p>Ao procurar conte\u00fados para estudar para o ENAM, Rafael encontrou o <strong>Magistrar<\/strong> e decidiu utilizar a plataforma durante a prepara\u00e7\u00e3o.<\/p>\n\n\n\n<p>Segundo ele, a experi\u00eancia foi positiva desde o in\u00edcio, principalmente pelo direcionamento oferecido pelos professores, materiais e ferramentas dispon\u00edveis.<\/p>\n\n\n\n<p>O resultado veio j\u00e1 na primeira participa\u00e7\u00e3o: Rafael foi aprovado no ENAM 2025.2 pelas cotas para pessoas com defici\u00eancia (PCD).<\/p>\n\n\n\n<p>O <strong><a href=\"https:\/\/magistrarcursos.com.br\/blog\/certificado-enam\/\" target=\"_blank\" rel=\"noreferrer noopener\">certificado de habilita\u00e7\u00e3o<\/a><\/strong> foi emitido em 22 de dezembro de 2025.<\/p>\n\n\n\n<p>Para ele, a plataforma teve papel importante n\u00e3o apenas pelo conte\u00fado, mas tamb\u00e9m por ajud\u00e1-lo a desenvolver uma rotina de estudos mais consistente.<\/p>\n\n\n\n<p><strong>Saiba tamb\u00e9m:&nbsp;<a href=\"https:\/\/magistrarcursos.com.br\/blog\/melhor-curso-enam\/\" target=\"_blank\" rel=\"noreferrer noopener\">Melhor Curso para o ENAM: como escolher a prepara\u00e7\u00e3o ideal para Magistratura<\/a><\/strong><\/p>\n\n\n\n<h2 class=\"wp-block-heading\">Const\u00e2ncia como novo desafio<\/h2>\n\n\n\n<p>Depois da aprova\u00e7\u00e3o, Rafael contratou a <em><strong>Vital\u00edcia do Magistrar<\/strong><\/em> e continuou utilizando a plataforma na prepara\u00e7\u00e3o para os pr\u00f3ximos concursos.<\/p>\n\n\n\n<p>A experi\u00eancia tamb\u00e9m mudou a maneira como encara os estudos. Ap\u00f3s anos alternando per\u00edodos de maior e menor dedica\u00e7\u00e3o, passou a dar mais import\u00e2ncia \u00e0 const\u00e2ncia e \u00e0 constru\u00e7\u00e3o de uma rotina.<\/p>\n\n\n\n<blockquote class=\"wp-block-quote is-layout-flow wp-block-quote-is-layout-flow\">\n<p>\u201cA plataforma fez e faz total diferen\u00e7a nos estudos, pois, al\u00e9m da excel\u00eancia dos professores, dos materiais e das aulas, as ferramentas do C\u00e9rebro, por exemplo, s\u00e3o excepcionais. D\u00e3o direcionamento, com profundidade e conte\u00fados atualizados\u201d, destacou.<\/p>\n<\/blockquote>\n\n\n\n<p>Conciliar a prepara\u00e7\u00e3o com o trabalho e a atividade f\u00edsica, por\u00e9m, continua sendo um desafio. Ainda assim, Rafael afirma que passou a encarar os estudos com mais persist\u00eancia.<\/p>\n\n\n\n<figure class=\"wp-block-image size-full\"><a href=\"https:\/\/t.magistrarcursos.com.br\/cerebro-juridico\/?utm_source=blog\" target=\"_blank\" rel=\" noreferrer noopener\"><img decoding=\"async\" width=\"800\" height=\"237\" src=\"https:\/\/magistrarcursos.com.br\/blog\/wp-content\/uploads\/2026\/04\/banner-vitalicia-cerebro.webp\" alt=\"\" class=\"wp-image-34598\" srcset=\"https:\/\/magistrarcursos.com.br\/blog\/wp-content\/uploads\/2026\/04\/banner-vitalicia-cerebro.webp 800w, https:\/\/magistrarcursos.com.br\/blog\/wp-content\/uploads\/2026\/04\/banner-vitalicia-cerebro-300x89.webp 300w, https:\/\/magistrarcursos.com.br\/blog\/wp-content\/uploads\/2026\/04\/banner-vitalicia-cerebro-768x228.webp 768w\" sizes=\"(max-width: 800px) 100vw, 800px\" \/><\/a><\/figure>\n\n\n\n<h2 class=\"wp-block-heading\">Pr\u00f3ximo objetivo: avan\u00e7ar rumo \u00e0 toga<\/h2>\n\n\n\n<p>A aprova\u00e7\u00e3o no ENAM, que inicialmente surgiu como uma oportunidade encontrada de \u00faltima hora, acabou abrindo uma nova frente na trajet\u00f3ria profissional de Rafael.<\/p>\n\n\n\n<p>Depois de experi\u00eancias no Minist\u00e9rio P\u00fablico, anos dedicados aos estudos para a carreira diplom\u00e1tica e uma retomada dos concursos jur\u00eddicos, ele agora concentra os esfor\u00e7os na prepara\u00e7\u00e3o para a Magistratura.<\/p>\n\n\n\n<p>A meta \u00e9 aprofundar os estudos, manter uma rotina consistente e construir um ciclo de prepara\u00e7\u00e3o dedicado at\u00e9 alcan\u00e7ar a aprova\u00e7\u00e3o.<\/p>\n\n\n\n<blockquote class=\"wp-block-quote is-layout-flow wp-block-quote-is-layout-flow\">\n<p>\u201cApesar de estar, a princ\u00edpio, focado na \u00e1rea trabalhista, este ano fiz a primeira fase da Magistratura do TJMG. A meta agora \u00e9 aprofundar os estudos e fazer um ciclo dedicado at\u00e9 a aprova\u00e7\u00e3o\u201d, afirmou.<\/p>\n<\/blockquote>\n\n\n\n<p><strong>Confira tamb\u00e9m:&nbsp;<a href=\"https:\/\/magistrarcursos.com.br\/blog\/concursos-juiz\/\" target=\"_blank\" rel=\"noreferrer noopener\">Concursos para Juiz 2026: Tribunais de Justi\u00e7a, TRF e TRT<\/a><\/strong><\/p>\n\n\n\n<figure class=\"wp-block-image aligncenter size-full\"><a href=\"https:\/\/mentoria.magistrarcursos.com.br\/?utm_source=blog\" target=\"_blank\" rel=\" noreferrer noopener\"><img loading=\"lazy\" decoding=\"async\" width=\"650\" height=\"280\" src=\"https:\/\/magistrarcursos.com.br\/blog\/wp-content\/uploads\/2026\/07\/banner-mentoria-2027.webp\" alt=\"\" class=\"wp-image-42199\" srcset=\"https:\/\/magistrarcursos.com.br\/blog\/wp-content\/uploads\/2026\/07\/banner-mentoria-2027.webp 650w, https:\/\/magistrarcursos.com.br\/blog\/wp-content\/uploads\/2026\/07\/banner-mentoria-2027-300x129.webp 300w\" sizes=\"(max-width: 650px) 100vw, 650px\" \/><\/a><\/figure>\n","protected":false},"excerpt":{"rendered":"<p>Ap\u00f3s conhecer o exame pelo YouTube e iniciar a prepara\u00e7\u00e3o \u00e0s v\u00e9speras da prova, Rafael Rodrigues de Araujo conquistou a habilita\u00e7\u00e3o na primeira tentativa<\/p>\n","protected":false},"author":16,"featured_media":45189,"comment_status":"closed","ping_status":"closed","sticky":false,"template":"","format":"standard","meta":{"footnotes":""},"categories":[48,103],"tags":[],"class_list":["post-45134","post","type-post","status-publish","format-standard","has-post-thumbnail","hentry","category-noticias","category-enam"],"_links":{"self":[{"href":"https:\/\/magistrarcursos.com.br\/blog\/wp-json\/wp\/v2\/posts\/45134","targetHints":{"allow":["GET"]}}],"collection":[{"href":"https:\/\/magistrarcursos.com.br\/blog\/wp-json\/wp\/v2\/posts"}],"about":[{"href":"https:\/\/magistrarcursos.com.br\/blog\/wp-json\/wp\/v2\/types\/post"}],"author":[{"embeddable":true,"href":"https:\/\/magistrarcursos.com.br\/blog\/wp-json\/wp\/v2\/users\/16"}],"replies":[{"embeddable":true,"href":"https:\/\/magistrarcursos.com.br\/blog\/wp-json\/wp\/v2\/comments?post=45134"}],"version-history":[{"count":19,"href":"https:\/\/magistrarcursos.com.br\/blog\/wp-json\/wp\/v2\/posts\/45134\/revisions"}],"predecessor-version":[{"id":45205,"href":"https:\/\/magistrarcursos.com.br\/blog\/wp-json\/wp\/v2\/posts\/45134\/revisions\/45205"}],"wp:featuredmedia":[{"embeddable":true,"href":"https:\/\/magistrarcursos.com.br\/blog\/wp-json\/wp\/v2\/media\/45189"}],"wp:attachment":[{"href":"https:\/\/magistrarcursos.com.br\/blog\/wp-json\/wp\/v2\/media?parent=45134"}],"wp:term":[{"taxonomy":"category","embeddable":true,"href":"https:\/\/magistrarcursos.com.br\/blog\/wp-json\/wp\/v2\/categories?post=45134"},{"taxonomy":"post_tag","embeddable":true,"href":"https:\/\/magistrarcursos.com.br\/blog\/wp-json\/wp\/v2\/tags?post=45134"}],"curies":[{"name":"wp","href":"https:\/\/api.w.org\/{rel}","templated":true}]}}