{"id":45138,"date":"2026-08-27T08:39:07","date_gmt":"2026-08-27T11:39:07","guid":{"rendered":"https:\/\/magistrarcursos.com.br\/blog\/?p=45138"},"modified":"2026-08-27T08:39:07","modified_gmt":"2026-08-27T11:39:07","slug":"concurso-policia-penal-pe-comissao-e-formada-para-selecao-com-700-vagas","status":"publish","type":"post","link":"https:\/\/magistrarcursos.com.br\/blog\/concurso-policia-penal-pe-comissao-e-formada-para-selecao-com-700-vagas\/","title":{"rendered":"Concurso Pol\u00edcia Penal PE: comiss\u00e3o \u00e9 formada para sele\u00e7\u00e3o com 700 vagas"},"content":{"rendered":"\n<p>O<strong><a href=\"https:\/\/magistrarcursos.com.br\/blog\/concurso-policia-penal-pe\/\" target=\"_blank\" rel=\"noreferrer noopener\"> concurso Pol\u00edcia Penal PE<\/a><\/strong> avan\u00e7ou nesta quinta-feira, 27 de agosto de 2026, com a forma\u00e7\u00e3o da Comiss\u00e3o Coordenadora respons\u00e1vel pela prepara\u00e7\u00e3o e execu\u00e7\u00e3o do novo certame. <\/p>\n\n\n\n<p>A medida foi oficializada por meio da Portaria Conjunta SAD\/SEAP n\u00ba 290, publicada no Di\u00e1rio Oficial do Estado de Pernambuco.<\/p>\n\n\n\n<p>A sele\u00e7\u00e3o foi autorizada para ofertar 700 vagas para o cargo de Policial Penal, com remunera\u00e7\u00e3o inicial de R$ 5.667,92.<\/p>\n\n\n\n<h2 class=\"wp-block-heading\">Concurso Pol\u00edcia Penal PE: comiss\u00e3o formada<\/h2>\n\n\n\n<p>A Comiss\u00e3o Coordenadora ter\u00e1 como atribui\u00e7\u00f5es a normatiza\u00e7\u00e3o e o acompanhamento da execu\u00e7\u00e3o do concurso p\u00fablico. A cria\u00e7\u00e3o do grupo representa mais uma etapa no processo de organiza\u00e7\u00e3o da sele\u00e7\u00e3o, que ainda dever\u00e1 avan\u00e7ar at\u00e9 a defini\u00e7\u00e3o da banca organizadora e a publica\u00e7\u00e3o do edital.<\/p>\n\n\n\n<p>A realiza\u00e7\u00e3o do concurso foi autorizada pela C\u00e2mara de Pol\u00edtica de Pessoal de Pernambuco por meio da Resolu\u00e7\u00e3o n\u00ba 005, de 4 de junho de 2026. Posteriormente, a autoriza\u00e7\u00e3o foi homologada por Ato Governamental.<\/p>\n\n\n\n<p><strong>Veja tamb\u00e9m:<\/strong>&nbsp;<strong><a href=\"https:\/\/magistrarcursos.com.br\/blog\/concursos-policiais-previstos-para-julho-de-2026-veja-editais-confirmados-e-selecoes-em-preparacao\/\" target=\"_blank\" rel=\"noreferrer noopener\">Concursos policiais previstos para agosto de 2026: veja editais confirmados e sele\u00e7\u00f5es em prepara\u00e7\u00e3o<\/a><\/strong><\/p>\n\n\n\n<figure class=\"wp-block-image size-full\"><a href=\"https:\/\/www.instagram.com\/magistrar.policial\/\" target=\"_blank\" rel=\" noreferrer noopener\"><img fetchpriority=\"high\" decoding=\"async\" width=\"719\" height=\"192\" src=\"https:\/\/magistrarcursos.com.br\/blog\/wp-content\/uploads\/2026\/05\/Screenshot-3-1.png\" alt=\"\" class=\"wp-image-37533\" srcset=\"https:\/\/magistrarcursos.com.br\/blog\/wp-content\/uploads\/2026\/05\/Screenshot-3-1.png 719w, https:\/\/magistrarcursos.com.br\/blog\/wp-content\/uploads\/2026\/05\/Screenshot-3-1-300x80.png 300w\" sizes=\"(max-width: 719px) 100vw, 719px\" \/><\/a><\/figure>\n\n\n\n<h2 class=\"wp-block-heading\">Quem integra a comiss\u00e3o?<\/h2>\n\n\n\n<p>A comiss\u00e3o do concurso Pol\u00edcia Penal PE ser\u00e1 presidida por Luciana Oliveira Pires, Gestora Governamental e Secret\u00e1ria Executiva de Gest\u00e3o de Pessoas da Secretaria de Administra\u00e7\u00e3o (SAD).<\/p>\n\n\n\n<p>Tamb\u00e9m fazem parte do grupo:<\/p>\n\n\n\n<ul class=\"wp-block-list\">\n<li>Heliane Lucia de Lima, Gestora Governamental e Gerente Geral de Planejamento e Desenvolvimento de Cargos e Carreiras da SAD;<\/li>\n\n\n\n<li>Leonardo Henrique Fernandes Bezerra, Gestor Governamental e Gerente de Concursos P\u00fablicos da SAD;<\/li>\n\n\n\n<li>Daniel Pereira da Silva, Policial Penal e Gerente de Gest\u00e3o de Pessoas da Secretaria Executiva de Administra\u00e7\u00e3o Penitenci\u00e1ria (SEAP);<\/li>\n\n\n\n<li>Andr\u00e9 Valen\u00e7a Paix\u00e3o, Policial Penal e Apoio T\u00e9cnico Jur\u00eddico da SEAP.<\/li>\n<\/ul>\n\n\n\n<p>A comiss\u00e3o dever\u00e1 acompanhar as pr\u00f3ximas etapas de prepara\u00e7\u00e3o do concurso, incluindo os procedimentos necess\u00e1rios para a realiza\u00e7\u00e3o da sele\u00e7\u00e3o.<\/p>\n\n\n\n<p>Veja a publica\u00e7\u00e3o oficial abaixo:<\/p>\n\n\n\n<figure class=\"wp-block-image size-full\"><img decoding=\"async\" width=\"637\" height=\"597\" src=\"https:\/\/magistrarcursos.com.br\/blog\/wp-content\/uploads\/2026\/08\/image-5.png\" alt=\"\" class=\"wp-image-45139\" srcset=\"https:\/\/magistrarcursos.com.br\/blog\/wp-content\/uploads\/2026\/08\/image-5.png 637w, https:\/\/magistrarcursos.com.br\/blog\/wp-content\/uploads\/2026\/08\/image-5-300x281.png 300w\" sizes=\"(max-width: 637px) 100vw, 637px\" \/><\/figure>\n\n\n\n<h2 class=\"wp-block-heading\">Concurso Pol\u00edcia Penal PE ter\u00e1 700 vagas<\/h2>\n\n\n\n<p>De acordo com a autoriza\u00e7\u00e3o, o novo concurso da Pol\u00edcia Penal de Pernambuco contar\u00e1 com <strong>700 vagas para o cargo de Policial Penal<\/strong>.<\/p>\n\n\n\n<p>A carreira exige <strong>n\u00edvel superior<\/strong>, conforme as informa\u00e7\u00f5es atualmente dispon\u00edveis, e integra a \u00e1rea de Seguran\u00e7a P\u00fablica do estado.<\/p>\n\n\n\n<p>A remunera\u00e7\u00e3o inicial informada para o cargo \u00e9 de <strong>R$ 5.667,92<\/strong>.<\/p>\n\n\n\n<p>At\u00e9 o momento, n\u00e3o foram divulgadas informa\u00e7\u00f5es sobre a distribui\u00e7\u00e3o das vagas por ampla concorr\u00eancia e modalidades de reserva, nem sobre requisitos detalhados, conte\u00fado program\u00e1tico ou demais condi\u00e7\u00f5es para ingresso. Essas informa\u00e7\u00f5es dever\u00e3o ser confirmadas no edital.<\/p>\n\n\n\n<p><strong>Confira tamb\u00e9m:&nbsp;<a href=\"https:\/\/magistrarcursos.com.br\/blog\/concursos-para-delegado-em-julho-de-2026-veja-editais-com-mais-chances-de-publicacao\/\" target=\"_blank\" rel=\"noreferrer noopener\">Concursos para Delegado em agosto de 2026: veja editais com mais chances de publica\u00e7\u00e3o<\/a><\/strong><\/p>\n\n\n\n<h2 class=\"wp-block-heading\">Quando sai o edital da Pol\u00edcia Penal PE?<\/h2>\n\n\n\n<p>Ainda n\u00e3o h\u00e1 data oficial definida para a publica\u00e7\u00e3o do edital do concurso Pol\u00edcia Penal PE.<\/p>\n\n\n\n<p>O pr\u00f3ximo passo relevante ser\u00e1 o avan\u00e7o dos trabalhos da comiss\u00e3o, que ficar\u00e1 respons\u00e1vel pelo acompanhamento da prepara\u00e7\u00e3o e execu\u00e7\u00e3o do certame. A <strong>banca organizadora ainda n\u00e3o foi definida<\/strong>.<\/p>\n\n\n\n<p>Com o concurso autorizado e a comiss\u00e3o formalizada, os candidatos interessados na carreira j\u00e1 podem iniciar a prepara\u00e7\u00e3o, especialmente considerando a previs\u00e3o de 700 vagas.<\/p>\n\n\n\n<p><strong>Veja tamb\u00e9m:<\/strong>&nbsp;<strong><a href=\"https:\/\/magistrarcursos.com.br\/blog\/concursos-guarda-municipal-gcm\/\" target=\"_blank\" rel=\"noreferrer noopener\">Concursos para Guarda Civil Municipal (GCM) com inscri\u00e7\u00f5es abertas ou previstos para 2026<\/a><\/strong><\/p>\n\n\n\n<figure class=\"wp-block-image aligncenter size-full\"><a href=\"https:\/\/sndflw.com\/i\/TMIUacnZjzvY0r6LJHDi\" target=\"_blank\" rel=\"noopener\"><img decoding=\"async\" width=\"485\" height=\"201\" src=\"https:\/\/magistrarcursos.com.br\/blog\/wp-content\/uploads\/2026\/06\/comunidade-policiais.png\" alt=\"\" class=\"wp-image-38750\" srcset=\"https:\/\/magistrarcursos.com.br\/blog\/wp-content\/uploads\/2026\/06\/comunidade-policiais.png 485w, https:\/\/magistrarcursos.com.br\/blog\/wp-content\/uploads\/2026\/06\/comunidade-policiais-300x124.png 300w\" sizes=\"(max-width: 485px) 100vw, 485px\" \/><\/a><\/figure>\n\n\n\n<h2 class=\"wp-block-heading\"><\/h2>\n\n\n\n<p><\/p>\n","protected":false},"excerpt":{"rendered":"<p>Grupo ser\u00e1 respons\u00e1vel pela normatiza\u00e7\u00e3o e pelo acompanhamento da execu\u00e7\u00e3o do novo concurso da Pol\u00edcia Penal de Pernambuco<\/p>\n","protected":false},"author":16,"featured_media":41506,"comment_status":"closed","ping_status":"closed","sticky":false,"template":"","format":"standard","meta":{"footnotes":""},"categories":[48,107],"tags":[],"class_list":["post-45138","post","type-post","status-publish","format-standard","has-post-thumbnail","hentry","category-noticias","category-policias"],"_links":{"self":[{"href":"https:\/\/magistrarcursos.com.br\/blog\/wp-json\/wp\/v2\/posts\/45138","targetHints":{"allow":["GET"]}}],"collection":[{"href":"https:\/\/magistrarcursos.com.br\/blog\/wp-json\/wp\/v2\/posts"}],"about":[{"href":"https:\/\/magistrarcursos.com.br\/blog\/wp-json\/wp\/v2\/types\/post"}],"author":[{"embeddable":true,"href":"https:\/\/magistrarcursos.com.br\/blog\/wp-json\/wp\/v2\/users\/16"}],"replies":[{"embeddable":true,"href":"https:\/\/magistrarcursos.com.br\/blog\/wp-json\/wp\/v2\/comments?post=45138"}],"version-history":[{"count":4,"href":"https:\/\/magistrarcursos.com.br\/blog\/wp-json\/wp\/v2\/posts\/45138\/revisions"}],"predecessor-version":[{"id":45143,"href":"https:\/\/magistrarcursos.com.br\/blog\/wp-json\/wp\/v2\/posts\/45138\/revisions\/45143"}],"wp:featuredmedia":[{"embeddable":true,"href":"https:\/\/magistrarcursos.com.br\/blog\/wp-json\/wp\/v2\/media\/41506"}],"wp:attachment":[{"href":"https:\/\/magistrarcursos.com.br\/blog\/wp-json\/wp\/v2\/media?parent=45138"}],"wp:term":[{"taxonomy":"category","embeddable":true,"href":"https:\/\/magistrarcursos.com.br\/blog\/wp-json\/wp\/v2\/categories?post=45138"},{"taxonomy":"post_tag","embeddable":true,"href":"https:\/\/magistrarcursos.com.br\/blog\/wp-json\/wp\/v2\/tags?post=45138"}],"curies":[{"name":"wp","href":"https:\/\/api.w.org\/{rel}","templated":true}]}}