{"id":45176,"date":"2026-08-27T10:55:29","date_gmt":"2026-08-27T13:55:29","guid":{"rendered":"https:\/\/magistrarcursos.com.br\/blog\/?p=45176"},"modified":"2026-08-27T10:55:29","modified_gmt":"2026-08-27T13:55:29","slug":"concurso-agu-edital-sai-ainda-em-2026-sao-170-vagas-autorizadas","status":"publish","type":"post","link":"https:\/\/magistrarcursos.com.br\/blog\/concurso-agu-edital-sai-ainda-em-2026-sao-170-vagas-autorizadas\/","title":{"rendered":"Concurso AGU: edital sai ainda em 2026? S\u00e3o 170 vagas autorizadas"},"content":{"rendered":"\n<p>O novo <a href=\"https:\/\/magistrarcursos.com.br\/blog\/concurso-agu-unificado-2026-guia-completo-serao-170-vagas\/\" target=\"_blank\" rel=\"noreferrer noopener\"><strong>concurso da Advocacia-Geral da Uni\u00e3o (AGU)<\/strong><\/a> j\u00e1 est\u00e1 autorizado e poder\u00e1 ter edital publicado at\u00e9 o final de 2026. Ao todo, est\u00e3o previstas <strong>170 vagas <\/strong>para carreiras jur\u00eddicas da AGU e do Banco Central:<\/p>\n\n\n\n<ul class=\"wp-block-list\">\n<li><strong>50 vagas<\/strong> para Advogado da Uni\u00e3o<\/li>\n\n\n\n<li><strong>50 vagas <\/strong>para <a href=\"https:\/\/magistrarcursos.com.br\/blog\/procurador\/\">Procurador<\/a> Federal<\/li>\n\n\n\n<li><strong>50 vagas <\/strong>para Procurador da Fazenda Nacional<\/li>\n\n\n\n<li><strong>20 vagas <\/strong>para Procurador do Banco Central<\/li>\n<\/ul>\n\n\n\n<div style=\"text-align:center;padding:20px;font-family:'Segoe UI',Tahoma,Geneva,Verdana,sans-serif\">\n\n  <a href=\"https:\/\/www.instagram.com\/magistrarcursos\/\" target=\"_blank\" rel=\"noopener noreferrer\" aria-label=\"Siga Magistrar Cursos no Instagram\" style=\"align-items:center;justify-content:center;gap:12px;background:linear-gradient(135deg,#feda77,#f58529,#dd2a7b,#8134af,#515bd4);color:#ffffff;font-size:1.2rem;font-weight:600;text-decoration:none;padding:14px 28px;border-radius:50px;border:none;letter-spacing:0.5px\">\n\n    <span style=\"font-size:1.5rem;line-height:1\">\ud83d\udcf8<\/span>\n\n    <span>\n      <strong>@<\/strong>magistrarcursos\n    <\/span>\n  <\/a>\n\n  <div style=\"font-size:0.85rem;color:#2c3e50;margin-top:16px;line-height:1.4;opacity:0.85\">\n    Acompanhe conte\u00fados exclusivos, notifica\u00e7\u00f5es de editais e dicas para sua aprova\u00e7\u00e3o!\n  <\/div>\n\n<\/div>\n\n\n\n<h2 class=\"wp-block-heading\">Requisitos<\/h2>\n\n\n\n<p>Os principais requisitos para ingresso, conforme os \u00faltimos concursos, s\u00e3o <strong>bacharelado em Direito<\/strong>, <strong>inscri\u00e7\u00e3o na <a href=\"https:\/\/magistrarcursos.com.br\/blog\/oab\/\" target=\"_blank\" rel=\"noreferrer noopener\">Ordem dos Advogados do Brasil (OAB)<\/a><\/strong> e comprova\u00e7\u00e3o de, no m\u00ednimo, <strong>dois anos de pr\u00e1tica forense<\/strong>.<\/p>\n\n\n\n<p>Os requisitos definitivos e o momento em que dever\u00e3o ser comprovados ser\u00e3o estabelecidos no edital do Concurso AGU Unificado.<\/p>\n\n\n\n<h2 class=\"wp-block-heading\">Sal\u00e1rios<\/h2>\n\n\n\n<p>Conforme dados atualizados de abril de 2026, o sal\u00e1rio inicial para as quatro carreiras jur\u00eddicas da AGU \u00e9 de <strong>R$ 27.264,30<\/strong>, podendo chegar at\u00e9 <strong>R$ 35.423,96<\/strong> na classe especial.<\/p>\n\n\n\n<figure class=\"wp-block-image size-full\"><a href=\"https:\/\/sndflw.com\/i\/Q4amUmNUvxYfvP0J58JP\" target=\"_blank\" rel=\" noreferrer noopener\"><img fetchpriority=\"high\" decoding=\"async\" width=\"600\" height=\"200\" src=\"https:\/\/magistrarcursos.com.br\/blog\/wp-content\/uploads\/2025\/07\/comunidade-procuradorias.webp\" alt=\"\" class=\"wp-image-29413\" srcset=\"https:\/\/magistrarcursos.com.br\/blog\/wp-content\/uploads\/2025\/07\/comunidade-procuradorias.webp 600w, https:\/\/magistrarcursos.com.br\/blog\/wp-content\/uploads\/2025\/07\/comunidade-procuradorias-300x100.webp 300w\" sizes=\"(max-width: 600px) 100vw, 600px\" \/><\/a><\/figure>\n\n\n\n<h2 class=\"wp-block-heading\">Concurso AGU: edital sai ainda em 2026?<\/h2>\n\n\n\n<p>Segundo o Procurador Federal e professor do Magistrar, Leonardo Lagos, existe uma grande <strong>possibilidade de o edital ser publicado ainda em 2026<\/strong>, embora os preparativos estejam avan\u00e7ando mais lentamente do que o esperado. Para as provas, a perspectiva apontada pelo professor \u00e9 de aplica\u00e7\u00e3o somente em 2027, possivelmente no primeiro semestre.<\/p>\n\n\n\n<p>Antes da publica\u00e7\u00e3o do edital, a AGU ainda precisa<strong> concluir a defini\u00e7\u00e3o do formato da sele\u00e7\u00e3o<\/strong> e avan\u00e7ar na<strong> escolha da banca organizadora<\/strong>.<\/p>\n\n\n\n<p>Em julho, a <a href=\"https:\/\/magistrarcursos.com.br\/blog\/wp-content\/uploads\/2026\/08\/agu-grupo-trabalho.png\" target=\"_blank\" rel=\"noreferrer noopener\">Portaria Normativa AGU n\u00ba 228<\/a> instituiu um <strong>Grupo de Trabalho <\/strong>respons\u00e1vel por formular propostas para a modelagem do pr\u00f3ximo concurso.<\/p>\n\n\n\n<figure class=\"wp-block-embed is-type-video is-provider-youtube wp-block-embed-youtube wp-embed-aspect-16-9 wp-has-aspect-ratio\"><div class=\"wp-block-embed__wrapper\">\n<iframe title=\"Concurso da AGU: quando sai o novo edital?\" width=\"800\" height=\"450\" src=\"https:\/\/www.youtube.com\/embed\/TDrkdWBsbEk?feature=oembed\" frameborder=\"0\" allow=\"accelerometer; autoplay; clipboard-write; encrypted-media; gyroscope; picture-in-picture; web-share\" referrerpolicy=\"strict-origin-when-cross-origin\" allowfullscreen><\/iframe>\n<\/div><\/figure>\n\n\n\n<p><strong>Veja mais: <\/strong><a href=\"https:\/\/magistrarcursos.com.br\/blog\/concurso-procurador-federal-agu-o-que-estudar-para-a-carreira\/\" target=\"_blank\" rel=\"noreferrer noopener\"><strong>Concurso Procurador Federal AGU: o que estudar para a carreira?<\/strong><\/a><\/p>\n\n\n\n<h2 class=\"wp-block-heading\">Concurso AGU ser\u00e1 unificado?<\/h2>\n\n\n\n<p>Essa \u00e9 uma das principais defini\u00e7\u00f5es pendentes. Nos concursos anteriores, cada carreira contou com provas pr\u00f3prias. Para a pr\u00f3xima sele\u00e7\u00e3o, a AGU estuda unificar pelo menos uma das etapas.<\/p>\n\n\n\n<p>Segundo Lagos, a prova objetiva poderia ser comum ou semelhante para os quatro cargos, enquanto as fases escritas, pr\u00e1ticas e orais permaneceriam espec\u00edficas para cada carreira.<\/p>\n\n\n\n<p>O formato definitivo, no entanto, ainda n\u00e3o est\u00e1 confirmado e depende da conclus\u00e3o dos trabalhos de modelagem.<\/p>\n\n\n\n<p><strong>Veja mais: <\/strong><a href=\"https:\/\/magistrarcursos.com.br\/blog\/concurso-agu-sera-unificado-entenda-o-formato-em-discussao-para-o-novo-edital\/\" target=\"_blank\" rel=\"noreferrer noopener\"><strong>Concurso AGU ser\u00e1 unificado? Entenda o formato em discuss\u00e3o para o novo edital<\/strong><\/a><\/p>\n\n\n\n<h2 class=\"wp-block-heading\">AGU tem mais de 1,3 mil cargos vagos<\/h2>\n\n\n\n<p>A necessidade de novos membros \u00e9 outro fator que refor\u00e7a a expectativa pelo concurso.<\/p>\n\n\n\n<p>De acordo com Lagos, somadas as carreiras de Advogado da Uni\u00e3o, Procurador Federal, Procurador da Fazenda Nacional e Procurador do Banco Central, existem atualmente <strong>mais de 1.300 cargos vagos<\/strong>.<\/p>\n\n\n\n<p>O n\u00famero \u00e9 significativamente superior \u00e0s 170 vagas autorizadas inicialmente.<\/p>\n\n\n\n<p>Lagos tamb\u00e9m destaca o hist\u00f3rico de aproveitamento de aprovados nos concursos da Advocacia P\u00fablica Federal e afirma que o quantitativo inicial n\u00e3o deve desestimular quem pretende participar da sele\u00e7\u00e3o.<\/p>\n\n\n\n<figure class=\"wp-block-image size-full\"><a href=\"https:\/\/t.magistrarcursos.com.br\/cerebro-juridico\/?utm_source=blog\" target=\"_blank\" rel=\" noreferrer noopener\"><img decoding=\"async\" width=\"800\" height=\"237\" src=\"https:\/\/magistrarcursos.com.br\/blog\/wp-content\/uploads\/2026\/04\/banner-vitalicia-cerebro.webp\" alt=\"\" class=\"wp-image-34598\" srcset=\"https:\/\/magistrarcursos.com.br\/blog\/wp-content\/uploads\/2026\/04\/banner-vitalicia-cerebro.webp 800w, https:\/\/magistrarcursos.com.br\/blog\/wp-content\/uploads\/2026\/04\/banner-vitalicia-cerebro-300x89.webp 300w, https:\/\/magistrarcursos.com.br\/blog\/wp-content\/uploads\/2026\/04\/banner-vitalicia-cerebro-768x228.webp 768w\" sizes=\"(max-width: 800px) 100vw, 800px\" \/><\/a><\/figure>\n","protected":false},"excerpt":{"rendered":"<p>O Procurador Federal e professor do Magistrar, Leonardo Lagos, aponta possibilidade de edital ainda neste ano e as provas somente em 2027<\/p>\n","protected":false},"author":13,"featured_media":45178,"comment_status":"closed","ping_status":"closed","sticky":false,"template":"","format":"standard","meta":{"footnotes":""},"categories":[48,108],"tags":[],"class_list":["post-45176","post","type-post","status-publish","format-standard","has-post-thumbnail","hentry","category-noticias","category-procuradorias"],"_links":{"self":[{"href":"https:\/\/magistrarcursos.com.br\/blog\/wp-json\/wp\/v2\/posts\/45176","targetHints":{"allow":["GET"]}}],"collection":[{"href":"https:\/\/magistrarcursos.com.br\/blog\/wp-json\/wp\/v2\/posts"}],"about":[{"href":"https:\/\/magistrarcursos.com.br\/blog\/wp-json\/wp\/v2\/types\/post"}],"author":[{"embeddable":true,"href":"https:\/\/magistrarcursos.com.br\/blog\/wp-json\/wp\/v2\/users\/13"}],"replies":[{"embeddable":true,"href":"https:\/\/magistrarcursos.com.br\/blog\/wp-json\/wp\/v2\/comments?post=45176"}],"version-history":[{"count":1,"href":"https:\/\/magistrarcursos.com.br\/blog\/wp-json\/wp\/v2\/posts\/45176\/revisions"}],"predecessor-version":[{"id":45179,"href":"https:\/\/magistrarcursos.com.br\/blog\/wp-json\/wp\/v2\/posts\/45176\/revisions\/45179"}],"wp:featuredmedia":[{"embeddable":true,"href":"https:\/\/magistrarcursos.com.br\/blog\/wp-json\/wp\/v2\/media\/45178"}],"wp:attachment":[{"href":"https:\/\/magistrarcursos.com.br\/blog\/wp-json\/wp\/v2\/media?parent=45176"}],"wp:term":[{"taxonomy":"category","embeddable":true,"href":"https:\/\/magistrarcursos.com.br\/blog\/wp-json\/wp\/v2\/categories?post=45176"},{"taxonomy":"post_tag","embeddable":true,"href":"https:\/\/magistrarcursos.com.br\/blog\/wp-json\/wp\/v2\/tags?post=45176"}],"curies":[{"name":"wp","href":"https:\/\/api.w.org\/{rel}","templated":true}]}}