{"id":45183,"date":"2026-08-27T11:32:17","date_gmt":"2026-08-27T14:32:17","guid":{"rendered":"https:\/\/magistrarcursos.com.br\/blog\/?p=45183"},"modified":"2026-08-27T11:32:17","modified_gmt":"2026-08-27T14:32:17","slug":"cronograma-enam-2026-2-guia-completo-com-datas-e-prazos","status":"publish","type":"post","link":"https:\/\/magistrarcursos.com.br\/blog\/cronograma-enam-2026-2-guia-completo-com-datas-e-prazos\/","title":{"rendered":"Cronograma ENAM 2026.2: guia completo com datas e prazos"},"content":{"rendered":"\n<p>O <strong><a href=\"https:\/\/magistrarcursos.com.br\/blog\/enam-exame-nacional-magistratura\/\" data-type=\"link\" data-id=\"https:\/\/magistrarcursos.com.br\/blog\/enam-exame-nacional-magistratura\/\" target=\"_blank\" rel=\"noreferrer noopener\">6\u00ba Exame Nacional da Magistratura (ENAM 2026.2)<\/a><\/strong> j\u00e1 tem seu cronograma oficial definido. O edital, publicado em 24 de agosto, estabelece as principais datas para o exame, que \u00e9 uma etapa <strong>obrigat\u00f3ria e eliminat\u00f3ria<\/strong> para bachar\u00e9is em Direito que desejam ingressar na carreira da <strong><a href=\"https:\/\/magistrarcursos.com.br\/blog\/como-estudar-concurso-magistratura\/\" target=\"_blank\" data-type=\"link\" data-id=\"https:\/\/magistrarcursos.com.br\/blog\/como-estudar-concurso-magistratura\/\" rel=\"noreferrer noopener\">magistratura<\/a><\/strong>.<\/p>\n\n\n\n<p>Organizado pela Escola Nacional de Forma\u00e7\u00e3o e Aperfei\u00e7oamento de Magistrados (ENFAM) em parceria com a Funda\u00e7\u00e3o Get\u00falio Vargas (FGV), o ENAM \u00e9 um exame de <strong>car\u00e1ter nacional<\/strong> que habilita os aprovados a participarem de concursos para juiz em todos os tribunais do pa\u00eds.<\/p>\n\n\n\n<div style=\"text-align: center;margin: 30px 0;font-family: 'Segoe UI', Roboto, 'Helvetica Neue', sans-serif\">\n  <a href=\"https:\/\/instagram.com\/magistrarcursos\" target=\"_blank\" rel=\"noopener noreferrer\" style=\"align-items: center;gap: 12px;background-color: #000000;color: #D4AF37;padding: 14px 28px;border-radius: 50px;text-decoration: none;font-weight: bold;font-size: 1.2rem;letter-spacing: 1px;border: 1px solid #D4AF37\">\n    \n      \n      \n      \n    \n    <span>Siga @magistrarcursos<\/span>\n  <\/a>\n  <div style=\"margin-top: 12px;font-size: 0.85rem;color: #444;font-weight: 500\">\n    \ud83d\udcda Conte\u00fados di\u00e1rios, dicas de estudos e novidades sobre concursos jur\u00eddicos\n  <\/div>\n<\/div>\n\n\n\n<h2 class=\"wp-block-heading\">Cronograma Completo do ENAM 2026.2<\/h2>\n\n\n\n<p>Confira abaixo todas as datas previstas para o ENAM 2026.2, de acordo com a FGV:<\/p>\n\n\n\n<figure class=\"wp-block-table\"><table class=\"has-fixed-layout\"><thead><tr><th>Etapa<\/th><th>Data<\/th><\/tr><\/thead><tbody><tr><td><strong>Publica\u00e7\u00e3o do edital<\/strong><\/td><td>24 de agosto de 2026<\/td><\/tr><tr><td><strong>Per\u00edodo de inscri\u00e7\u00f5es<\/strong><\/td><td>25\/08 a 24\/09\/2026, das 16h do primeiro dia \u00e0s 16h do \u00faltimo dia (hor\u00e1rio de Bras\u00edlia)<\/td><\/tr><tr><td><strong>Solicita\u00e7\u00e3o de isen\u00e7\u00e3o da taxa<\/strong><\/td><td>25\/08 a 08\/09\/2026 (das 16h do primeiro dia \u00e0s 16h do \u00faltimo dia)<\/td><\/tr><tr><td><strong>Resultado preliminar da isen\u00e7\u00e3o<\/strong><\/td><td>15\/09\/2026<\/td><\/tr><tr><td><strong>Recursos contra isen\u00e7\u00e3o<\/strong><\/td><td>16\/09 a 17\/09\/2026<\/td><\/tr><tr><td><strong>Resultado definitivo da isen\u00e7\u00e3o<\/strong><\/td><td>24\/09\/2026<\/td><\/tr><tr><td><strong>Prazo final para pagamento da taxa<\/strong><\/td><td>At\u00e9 25\/09\/2026<\/td><\/tr><tr><td><strong>Prazo para envio de documentos (gradua\u00e7\u00e3o, PCD, ind\u00edgena)<\/strong><\/td><td>At\u00e9 24\/09\/2026<\/td><\/tr><tr><td><strong>Divulga\u00e7\u00e3o da rela\u00e7\u00e3o preliminar de inscri\u00e7\u00f5es<\/strong><\/td><td>16\/10\/2026<\/td><\/tr><tr><td><strong>Recursos contra a rela\u00e7\u00e3o preliminar<\/strong><\/td><td>19\/10 a 20\/10\/2026<\/td><\/tr><tr><td><strong>Divulga\u00e7\u00e3o da rela\u00e7\u00e3o definitiva de inscri\u00e7\u00f5es<\/strong><\/td><td>05\/11\/2026<\/td><\/tr><tr><td><strong>Aplica\u00e7\u00e3o da prova objetiva<\/strong><\/td><td><strong>29\/11\/2026<\/strong><\/td><\/tr><tr><td><strong>Divulga\u00e7\u00e3o do gabarito preliminar<\/strong><\/td><td>01\/12\/2026<\/td><\/tr><tr><td><strong>Recursos contra o gabarito<\/strong><\/td><td>02\/12 a 03\/12\/2026<\/td><\/tr><tr><td><strong>Resultado preliminar (negros ap\u00f3s an\u00e1lise) e gabarito definitivo<\/strong><\/td><td>11\/01\/2027<\/td><\/tr><tr><td><strong>Recursos contra o resultado preliminar<\/strong><\/td><td>12\/01 a 13\/01\/2027<\/td><\/tr><tr><td><strong>Resultado definitivo (negros) e resultado final da prova<\/strong><\/td><td>29\/01\/2027<\/td><\/tr><tr><td><strong>Homologa\u00e7\u00e3o do resultado final<\/strong><\/td><td>05\/02\/2027<\/td><\/tr><\/tbody><\/table><\/figure>\n\n\n\n<blockquote class=\"wp-block-quote is-layout-flow wp-block-quote-is-layout-flow\">\n<p><strong>Aten\u00e7\u00e3o:<\/strong> O <strong><a href=\"https:\/\/conhecimento.fgv.br\/sites\/default\/files\/concursos\/cronograma_enam-2026.2.pdf\" target=\"_blank\" data-type=\"link\" data-id=\"https:\/\/conhecimento.fgv.br\/sites\/default\/files\/concursos\/cronograma_enam-2026.2.pdf\" rel=\"noreferrer noopener\">cronograma<\/a><\/strong> est\u00e1 sujeito a altera\u00e7\u00f5es, que ser\u00e3o comunicadas previamente pela ENFAM e pela FGV.<\/p>\n<\/blockquote>\n\n\n\n<figure class=\"wp-block-image size-large\"><a href=\"https:\/\/t.magistrarcursos.com.br\/enam-3em1\/?utm_source=blog\" target=\"_blank\" rel=\" noreferrer noopener\"><img fetchpriority=\"high\" decoding=\"async\" width=\"1024\" height=\"426\" src=\"https:\/\/magistrarcursos.com.br\/blog\/wp-content\/uploads\/2026\/07\/banner-3em1-blog-1024x426.webp\" alt=\"\" class=\"wp-image-43121\" srcset=\"https:\/\/magistrarcursos.com.br\/blog\/wp-content\/uploads\/2026\/07\/banner-3em1-blog-1024x426.webp 1024w, https:\/\/magistrarcursos.com.br\/blog\/wp-content\/uploads\/2026\/07\/banner-3em1-blog-300x125.webp 300w, https:\/\/magistrarcursos.com.br\/blog\/wp-content\/uploads\/2026\/07\/banner-3em1-blog-768x320.webp 768w, https:\/\/magistrarcursos.com.br\/blog\/wp-content\/uploads\/2026\/07\/banner-3em1-blog-1536x639.webp 1536w, https:\/\/magistrarcursos.com.br\/blog\/wp-content\/uploads\/2026\/07\/banner-3em1-blog-2048x852.webp 2048w\" sizes=\"(max-width: 1024px) 100vw, 1024px\" \/><\/a><\/figure>\n\n\n\n<h2 class=\"wp-block-heading\">Inscri\u00e7\u00f5es e Taxa<\/h2>\n\n\n\n<p>As<strong><a href=\"https:\/\/magistrarcursos.com.br\/blog\/enam-2026-2-inscricoes-abertas-veja-prazo-taxa-e-como-se-inscrever\/\" target=\"_blank\" data-type=\"link\" data-id=\"https:\/\/magistrarcursos.com.br\/blog\/enam-2026-2-inscricoes-abertas-veja-prazo-taxa-e-como-se-inscrever\/\" rel=\"noreferrer noopener\"> inscri\u00e7\u00f5es para o ENAM 2026.2 j\u00e1 est\u00e3o abertas<\/a><\/strong> e devem ser feitas exclusivamente pela internet, no <strong><a href=\"https:\/\/conhecimento.fgv.br\/exames\/enam\/6exame\" target=\"_blank\" data-type=\"link\" data-id=\"https:\/\/conhecimento.fgv.br\/exames\/enam\/6exame\" rel=\"noreferrer noopener\">site da FGV<\/a><\/strong>. O per\u00edodo vai at\u00e9 as <strong>16h do dia 24 de setembro de 2026<\/strong>.<\/p>\n\n\n\n<ul class=\"wp-block-list\">\n<li><strong>Taxa de inscri\u00e7\u00e3o:<\/strong> R$ 120,00.<\/li>\n\n\n\n<li><strong>Pagamento:<\/strong> Deve ser feito por meio de Guia de Recolhimento da Uni\u00e3o (GRU) at\u00e9 o dia <strong>25 de setembro de 2026<\/strong>.<\/li>\n\n\n\n<li><strong>Documenta\u00e7\u00e3o:<\/strong> Durante a inscri\u00e7\u00e3o, \u00e9 necess\u00e1rio enviar o comprovante de conclus\u00e3o da gradua\u00e7\u00e3o em Direito (diploma, certificado, hist\u00f3rico ou declara\u00e7\u00e3o).<\/li>\n<\/ul>\n\n\n\n<h3 class=\"wp-block-heading\">Isen\u00e7\u00e3o da Taxa de Inscri\u00e7\u00e3o<\/h3>\n\n\n\n<p>Quem tem direito \u00e0 isen\u00e7\u00e3o da taxa de inscri\u00e7\u00e3o deve solicit\u00e1-la <strong>exclusivamente no per\u00edodo de 25 de agosto a 8 de setembro de 2026<\/strong>. O resultado da an\u00e1lise ser\u00e1 divulgado em etapas, com prazos para recursos.<\/p>\n\n\n\n<h2 class=\"wp-block-heading\">A prova do ENAM 2026.2<\/h2>\n\n\n\n<p>O ENAM \u00e9 composto por uma <strong>\u00fanica etapa<\/strong>: uma prova objetiva de m\u00faltipla escolha.<\/p>\n\n\n\n<ul class=\"wp-block-list\">\n<li><strong>Data:<\/strong> 29 de novembro de 2026.<\/li>\n\n\n\n<li><strong>Hor\u00e1rio:<\/strong> Das 13h \u00e0s 18h (com fechamento dos port\u00f5es \u00e0s 12h30).<\/li>\n\n\n\n<li><strong>N\u00famero de quest\u00f5es:<\/strong> 80 quest\u00f5es.<\/li>\n\n\n\n<li><strong>Disciplinas cobradas:<\/strong> As quest\u00f5es s\u00e3o distribu\u00eddas entre oito \u00e1reas do Direito:\n<ul class=\"wp-block-list\">\n<li>Direito Constitucional (16 quest\u00f5es)<\/li>\n\n\n\n<li>Direito Administrativo (10 quest\u00f5es)<\/li>\n\n\n\n<li>Direito Processual Civil (12 quest\u00f5es)<\/li>\n\n\n\n<li>Direito Civil<\/li>\n\n\n\n<li>Direito Penal<\/li>\n\n\n\n<li>Direito Empresarial<\/li>\n\n\n\n<li>Direitos Humanos<\/li>\n\n\n\n<li>No\u00e7\u00f5es Gerais de Direito e Forma\u00e7\u00e3o Human\u00edstica (6 quest\u00f5es)<\/li>\n<\/ul>\n<\/li>\n\n\n\n<li><strong>Nota de corte:<\/strong> A aprova\u00e7\u00e3o exige <strong>70% de acertos<\/strong> para a ampla concorr\u00eancia, ou <strong>50%<\/strong> para candidatos negros, ind\u00edgenas, quilombolas ou com defici\u00eancia (PCD).<\/li>\n<\/ul>\n\n\n\n<p><strong>Leia tamb\u00e9m: <a href=\"https:\/\/magistrarcursos.com.br\/blog\/materias-enam\/\" data-type=\"link\" data-id=\"https:\/\/magistrarcursos.com.br\/blog\/materias-enam\/\" target=\"_blank\" rel=\"noreferrer noopener\">Mat\u00e9rias ENAM 2026.2: o que cai na prova e como estudar para 80 quest\u00f5es<\/a><\/strong><\/p>\n\n\n\n<h3 class=\"wp-block-heading\">Locais de prova<\/h3>\n\n\n\n<p>A prova ser\u00e1 aplicada em <strong>todas as capitais brasileiras<\/strong>.<\/p>\n\n\n\n<h3 class=\"wp-block-heading\">Cotas e a\u00e7\u00f5es afirmativas<\/h3>\n\n\n\n<p>O ENAM 2026.2 reserva vagas para candidatos <strong>negros, ind\u00edgenas, quilombolas e pessoas com defici\u00eancia (PCD)<\/strong>. \u00c9 fundamental ficar atento aos prazos espec\u00edficos para o envio da documenta\u00e7\u00e3o que comprova a condi\u00e7\u00e3o autodeclarada, que v\u00e3o at\u00e9 <strong>24 de setembro de 2026<\/strong>. Para candidatos negros, h\u00e1 um prazo adicional at\u00e9 <strong>6 de novembro de 2026<\/strong> para envio do comprovante de deferimento da aferi\u00e7\u00e3o da autodeclara\u00e7\u00e3o, emitido pelo Tribunal de Justi\u00e7a.<\/p>\n\n\n\n<h2 class=\"wp-block-heading\">Prepare-se para o ENAM 2026.2<\/h2>\n\n\n\n<p>O ENAM 2026.2 \u00e9 uma etapa crucial para quem almeja a carreira na magistratura. Com o cronograma j\u00e1 definido, \u00e9 hora de organizar seus estudos, ficar de olho nos prazos e se preparar para a prova do dia 29 de novembro. <\/p>\n\n\n\n<figure class=\"wp-block-image size-full\"><a href=\"https:\/\/magistrarcursos.com.br\/cursos\/enam\/?utm_source=blog&amp;utm_medium=banner&amp;utm_campaign=enam2026&amp;utm_id=enam\" target=\"_blank\" rel=\" noreferrer noopener\"><img decoding=\"async\" width=\"700\" height=\"300\" src=\"https:\/\/magistrarcursos.com.br\/blog\/wp-content\/uploads\/2025\/10\/Enam-2026.jpg\" alt=\"\" class=\"wp-image-30604\" srcset=\"https:\/\/magistrarcursos.com.br\/blog\/wp-content\/uploads\/2025\/10\/Enam-2026.jpg 700w, https:\/\/magistrarcursos.com.br\/blog\/wp-content\/uploads\/2025\/10\/Enam-2026-300x129.jpg 300w\" sizes=\"(max-width: 700px) 100vw, 700px\" \/><\/a><\/figure>\n\n\n\n<p><\/p>\n","protected":false},"excerpt":{"rendered":"<p>Inscri\u00e7\u00f5es para o ENAM 2026.2 j\u00e1 est\u00e3o abertas pelo site da FGV; confira as principais datas do cronograma e prepare-se para o Exame<\/p>\n","protected":false},"author":18,"featured_media":45190,"comment_status":"closed","ping_status":"closed","sticky":false,"template":"","format":"standard","meta":{"footnotes":""},"categories":[48,103],"tags":[],"class_list":["post-45183","post","type-post","status-publish","format-standard","has-post-thumbnail","hentry","category-noticias","category-enam"],"_links":{"self":[{"href":"https:\/\/magistrarcursos.com.br\/blog\/wp-json\/wp\/v2\/posts\/45183","targetHints":{"allow":["GET"]}}],"collection":[{"href":"https:\/\/magistrarcursos.com.br\/blog\/wp-json\/wp\/v2\/posts"}],"about":[{"href":"https:\/\/magistrarcursos.com.br\/blog\/wp-json\/wp\/v2\/types\/post"}],"author":[{"embeddable":true,"href":"https:\/\/magistrarcursos.com.br\/blog\/wp-json\/wp\/v2\/users\/18"}],"replies":[{"embeddable":true,"href":"https:\/\/magistrarcursos.com.br\/blog\/wp-json\/wp\/v2\/comments?post=45183"}],"version-history":[{"count":1,"href":"https:\/\/magistrarcursos.com.br\/blog\/wp-json\/wp\/v2\/posts\/45183\/revisions"}],"predecessor-version":[{"id":45192,"href":"https:\/\/magistrarcursos.com.br\/blog\/wp-json\/wp\/v2\/posts\/45183\/revisions\/45192"}],"wp:featuredmedia":[{"embeddable":true,"href":"https:\/\/magistrarcursos.com.br\/blog\/wp-json\/wp\/v2\/media\/45190"}],"wp:attachment":[{"href":"https:\/\/magistrarcursos.com.br\/blog\/wp-json\/wp\/v2\/media?parent=45183"}],"wp:term":[{"taxonomy":"category","embeddable":true,"href":"https:\/\/magistrarcursos.com.br\/blog\/wp-json\/wp\/v2\/categories?post=45183"},{"taxonomy":"post_tag","embeddable":true,"href":"https:\/\/magistrarcursos.com.br\/blog\/wp-json\/wp\/v2\/tags?post=45183"}],"curies":[{"name":"wp","href":"https:\/\/api.w.org\/{rel}","templated":true}]}}