{"id":45245,"date":"2026-08-27T17:00:17","date_gmt":"2026-08-27T20:00:17","guid":{"rendered":"https:\/\/magistrarcursos.com.br\/blog\/?p=45245"},"modified":"2026-08-27T17:07:30","modified_gmt":"2026-08-27T20:07:30","slug":"concurso-tj-rs-juiz-2026-edital-publicado-com-30-vagas-iniciais-de-r-305-mil","status":"publish","type":"post","link":"https:\/\/magistrarcursos.com.br\/blog\/concurso-tj-rs-juiz-2026-edital-publicado-com-30-vagas-iniciais-de-r-305-mil\/","title":{"rendered":"Concurso TJ RS Juiz 2026: edital publicado com 30 vagas; iniciais de R$ 30,5 mil"},"content":{"rendered":"\n<p>Foi publicado o edital do concurso do Tribunal de Justi\u00e7a do Rio Grande do Sul (TJ RS)<strong> <\/strong>para o cargo de Juiz de Direito Substituto, oferecendo <strong>30 vagas<\/strong> e sal\u00e1rio inicial de <strong>R$ 30.505,36<\/strong>. O concurso ser\u00e1 organizado pela Funda\u00e7\u00e3o Getulio Vargas (FGV) e as inscri\u00e7\u00f5es estar\u00e3o abertas a partir do dia <strong>15 de setembro de 2026<\/strong>. A prova objetiva est\u00e1 marcada para <strong>13 de dezembro de 2026<\/strong>.<\/p>\n\n\n\n<div style=\"text-align:center;padding:20px;font-family:'Segoe UI',Tahoma,Geneva,Verdana,sans-serif\">\n\n  <a href=\"https:\/\/www.instagram.com\/magistrarcursos\/\" target=\"_blank\" rel=\"noopener noreferrer\" aria-label=\"Siga Magistrar Cursos no Instagram\" style=\"align-items:center;justify-content:center;gap:12px;background:linear-gradient(135deg,#feda77,#f58529,#dd2a7b,#8134af,#515bd4);color:#ffffff;font-size:1.2rem;font-weight:600;text-decoration:none;padding:14px 28px;border-radius:50px;border:none;letter-spacing:0.5px\">\n\n    <span style=\"font-size:1.5rem;line-height:1\">\ud83d\udcf8<\/span>\n\n    <span>\n      <strong>@<\/strong>magistrarcursos\n    <\/span>\n  <\/a>\n\n  <div style=\"font-size:0.85rem;color:#2c3e50;margin-top:16px;line-height:1.4;opacity:0.85\">\n    Acompanhe conte\u00fados exclusivos, notifica\u00e7\u00f5es de editais e dicas para sua aprova\u00e7\u00e3o!\n  <\/div>\n\n<\/div>\n\n\n\n<h2 class=\"wp-block-heading\">Cronograma do concurso TJ RS Juiz<\/h2>\n\n\n\n<ul class=\"wp-block-list\">\n<li><strong>Edital:<\/strong> 27 de agosto de 2026 (acesse o<strong> <\/strong><a href=\"https:\/\/magistrarcursos.com.br\/blog\/wp-content\/uploads\/2026\/08\/edital-TJRS.pdf\" target=\"_blank\" rel=\"noreferrer noopener\"><strong>edital TJRS Juiz 2026<\/strong><\/a>)<\/li>\n\n\n\n<li><strong>Inscri\u00e7\u00f5es:<\/strong> 15 de setembro a 14 de outubro de 2026<\/li>\n\n\n\n<li><strong>Solicita\u00e7\u00e3o de isen\u00e7\u00e3o da taxa:<\/strong> 15 a 21 de setembro de 2026<\/li>\n\n\n\n<li><strong>Pagamento da taxa de inscri\u00e7\u00e3o:<\/strong> at\u00e9 15 de outubro de 2026<\/li>\n\n\n\n<li><strong>Prova objetiva:<\/strong> 13 de dezembro de 2026<\/li>\n\n\n\n<li><strong>Prova discursiva e senten\u00e7a c\u00edvel:<\/strong> 14 de mar\u00e7o de 2027<\/li>\n\n\n\n<li><strong>Prova de senten\u00e7a criminal:<\/strong> 15 de mar\u00e7o de 2027<\/li>\n<\/ul>\n\n\n\n<figure class=\"wp-block-image size-full\"><a href=\"https:\/\/t.magistrarcursos.com.br\/cerebro-juridico\/?utm_source=blog\" target=\"_blank\" rel=\" noreferrer noopener\"><img fetchpriority=\"high\" decoding=\"async\" width=\"800\" height=\"237\" src=\"https:\/\/magistrarcursos.com.br\/blog\/wp-content\/uploads\/2026\/04\/banner-vitalicia-cerebro.webp\" alt=\"\" class=\"wp-image-34598\" srcset=\"https:\/\/magistrarcursos.com.br\/blog\/wp-content\/uploads\/2026\/04\/banner-vitalicia-cerebro.webp 800w, https:\/\/magistrarcursos.com.br\/blog\/wp-content\/uploads\/2026\/04\/banner-vitalicia-cerebro-300x89.webp 300w, https:\/\/magistrarcursos.com.br\/blog\/wp-content\/uploads\/2026\/04\/banner-vitalicia-cerebro-768x228.webp 768w\" sizes=\"(max-width: 800px) 100vw, 800px\" \/><\/a><\/figure>\n\n\n\n<h2 class=\"wp-block-heading\">Inscri\u00e7\u00f5es do concurso TJ RS Juiz<\/h2>\n\n\n\n<p>As inscri\u00e7\u00f5es do <a href=\"https:\/\/magistrarcursos.com.br\/blog\/concurso-tjrs-juiz\/\" target=\"_blank\" rel=\"noreferrer noopener\"><strong>concurso TJ RS Juiz<\/strong><\/a> dever\u00e3o ser realizadas entre <strong>16h de 15 de setembro e 16h de 14 de outubro de 2026<\/strong>, no site da banca <strong>FGV<\/strong>. A taxa de participa\u00e7\u00e3o ser\u00e1 de <strong>R$ 305<\/strong>, com pagamento permitido at\u00e9 <strong>15 de outubro de 2026<\/strong>.<\/p>\n\n\n\n<p>Durante a inscri\u00e7\u00e3o preliminar, o candidato dever\u00e1 enviar os documentos exigidos pelo edital, incluindo documento oficial de identifica\u00e7\u00e3o, fotografia 3&#215;4 e <a href=\"https:\/\/magistrarcursos.com.br\/blog\/certificado-enam\/\" target=\"_blank\" rel=\"noreferrer noopener\"><strong>certificado v\u00e1lido de habilita\u00e7\u00e3o no Exame Nacional da Magistratura (ENAM)<\/strong><\/a>, emitido pela Escola Nacional de Forma\u00e7\u00e3o e Aperfei\u00e7oamento de Magistrados (Enfam). O certificado do ENAM dever\u00e1 permanecer v\u00e1lido at\u00e9 o \u00faltimo dia do per\u00edodo de inscri\u00e7\u00f5es.<\/p>\n\n\n\n<h3 class=\"wp-block-heading\">Isen\u00e7\u00e3o de taxa<\/h3>\n\n\n\n<p>Os pedidos de isen\u00e7\u00e3o poder\u00e3o ser apresentados entre <strong>16h de 15 de setembro e 16h de 21 de setembro de 2026<\/strong>.<\/p>\n\n\n\n<p>Poder\u00e3o solicitar o benef\u00edcio os candidatos que se enquadrarem em uma das seguintes condi\u00e7\u00f5es:<\/p>\n\n\n\n<ul class=\"wp-block-list\">\n<li>Inscritos no Cadastro \u00danico para Programas Sociais do Governo Federal (Cad\u00danico), pertencentes a fam\u00edlia com renda mensal por pessoa de at\u00e9 meio sal\u00e1rio m\u00ednimo<\/li>\n\n\n\n<li>Doadores de medula \u00f3ssea<\/li>\n\n\n\n<li>Candidatos com renda igual ou inferior ao limite de isen\u00e7\u00e3o do Imposto de Renda da Pessoa F\u00edsica<\/li>\n\n\n\n<li>Pessoas com defici\u00eancia cuja renda familiar mensal por pessoa seja de at\u00e9 um sal\u00e1rio m\u00ednimo e meio<\/li>\n<\/ul>\n\n\n\n<p>A concess\u00e3o da isen\u00e7\u00e3o depender\u00e1 do envio da documenta\u00e7\u00e3o comprobat\u00f3ria e da an\u00e1lise da FGV. O resultado preliminar est\u00e1 previsto para <strong>29 de setembro<\/strong>, enquanto o resultado definitivo dever\u00e1 ser divulgado at\u00e9 <strong>14 de outubro de 2026<\/strong>.<\/p>\n\n\n\n<h2 class=\"wp-block-heading\">Requisitos<\/h2>\n\n\n\n<p>Para ingressar na carreira, o candidato dever\u00e1 atender aos seguintes requisitos:<\/p>\n\n\n\n<ul class=\"wp-block-list\">\n<li>Ser brasileiro nato ou naturalizado ou possuir nacionalidade portuguesa nas condi\u00e7\u00f5es estabelecidas pelo edital<\/li>\n\n\n\n<li>Ter menos de 65 anos na data da posse<\/li>\n\n\n\n<li>Possuir bacharelado em Direito por institui\u00e7\u00e3o reconhecida pelo Minist\u00e9rio da Educa\u00e7\u00e3o (MEC)<\/li>\n\n\n\n<li>Comprovar pelo menos tr\u00eas anos de atividade jur\u00eddica ap\u00f3s a conclus\u00e3o do curso de Direito<\/li>\n\n\n\n<li>Estar quite com as obriga\u00e7\u00f5es eleitorais e, quando aplic\u00e1vel, militares<\/li>\n\n\n\n<li>Estar no gozo dos direitos civis e pol\u00edticos<\/li>\n\n\n\n<li>N\u00e3o possuir antecedentes criminais<\/li>\n\n\n\n<li>Apresentar condi\u00e7\u00f5es f\u00edsicas, mentais e psicoemocionais compat\u00edveis com o exerc\u00edcio do cargo<\/li>\n\n\n\n<li>N\u00e3o apresentar m\u00e1 conduta moral ou social constatada durante a investiga\u00e7\u00e3o realizada pelo Tribunal<\/li>\n\n\n\n<li>Ser aprovado em todas as etapas do concurso<\/li>\n\n\n\n<li>Apresentar os documentos exigidos para a inscri\u00e7\u00e3o definitiva<\/li>\n<\/ul>\n\n\n\n<p>Al\u00e9m desses requisitos, \u00e9 obrigat\u00f3ria a apresenta\u00e7\u00e3o de <strong>certificado v\u00e1lido de habilita\u00e7\u00e3o no ENAM<\/strong> para a realiza\u00e7\u00e3o da inscri\u00e7\u00e3o preliminar.<\/p>\n\n\n\n<h2 class=\"wp-block-heading\">Etapas do concurso TJ RS Juiz<\/h2>\n\n\n\n<p>O concurso ser\u00e1 composto por cinco etapas:<\/p>\n\n\n\n<ul class=\"wp-block-list\">\n<li><strong>Primeira etapa \u2014 prova objetiva seletiva:<\/strong> de car\u00e1ter eliminat\u00f3rio e classificat\u00f3rio, com 100 quest\u00f5es de m\u00faltipla escolha. A aplica\u00e7\u00e3o est\u00e1 prevista para 13 de dezembro de 2026, em Porto Alegre<\/li>\n\n\n\n<li><strong>Segunda etapa \u2014 provas escritas:<\/strong> de car\u00e1ter eliminat\u00f3rio e classificat\u00f3rio, compreendendo prova discursiva, senten\u00e7a c\u00edvel e senten\u00e7a criminal<\/li>\n\n\n\n<li><strong>Terceira etapa \u2014 inscri\u00e7\u00e3o definitiva e avalia\u00e7\u00f5es:<\/strong> de car\u00e1ter eliminat\u00f3rio, incluindo exames de sanidade f\u00edsica e mental, exame psicot\u00e9cnico, sindic\u00e2ncia da vida pregressa e investiga\u00e7\u00e3o social<\/li>\n\n\n\n<li><strong>Quarta etapa \u2014 prova oral:<\/strong> de car\u00e1ter eliminat\u00f3rio e classificat\u00f3rio<\/li>\n\n\n\n<li><strong>Quinta etapa \u2014 avalia\u00e7\u00e3o de t\u00edtulos:<\/strong> de car\u00e1ter exclusivamente classificat\u00f3rio<\/li>\n<\/ul>\n\n\n\n<h2 class=\"wp-block-heading\">Prepare-se para o concurso TJ RS Juiz com o Magistrar!<\/h2>\n\n\n\n<p>Se voc\u00ea sonha em conquistar uma vaga como Juiz Substituto, o Magistrar possui um <strong><a href=\"https:\/\/magistrarcursos.com.br\/cursos\/magistratura-estadual\/reta-final-tjrs\/\">curso para a magistratura do TJRS<\/a>,<\/strong> o <strong>Reta Final TJRS<\/strong>. Com foco total na banca FGV, o curso adota uma metodologia de horizontaliza\u00e7\u00e3o dos estudos, permitindo a revis\u00e3o \u00e1gil e estrat\u00e9gica dos conte\u00fados mais cobrados!<\/p>\n\n\n\n<figure class=\"wp-block-image size-full\"><img decoding=\"async\" width=\"640\" height=\"200\" src=\"https:\/\/magistrarcursos.com.br\/blog\/wp-content\/uploads\/2025\/11\/reta-final-tjrs.webp\" alt=\"\" class=\"wp-image-29374\" srcset=\"https:\/\/magistrarcursos.com.br\/blog\/wp-content\/uploads\/2025\/11\/reta-final-tjrs.webp 640w, https:\/\/magistrarcursos.com.br\/blog\/wp-content\/uploads\/2025\/11\/reta-final-tjrs-300x94.webp 300w\" sizes=\"(max-width: 640px) 100vw, 640px\" \/><\/figure>\n","protected":false},"excerpt":{"rendered":"<p>As inscri\u00e7\u00f5es iniciam em setembro de 2026 e as provas ser\u00e3o aplicadas em Porto Alegre<\/p>\n","protected":false},"author":13,"featured_media":40785,"comment_status":"closed","ping_status":"closed","sticky":false,"template":"","format":"standard","meta":{"footnotes":""},"categories":[48,104],"tags":[],"class_list":["post-45245","post","type-post","status-publish","format-standard","has-post-thumbnail","hentry","category-noticias","category-magistraturas"],"_links":{"self":[{"href":"https:\/\/magistrarcursos.com.br\/blog\/wp-json\/wp\/v2\/posts\/45245","targetHints":{"allow":["GET"]}}],"collection":[{"href":"https:\/\/magistrarcursos.com.br\/blog\/wp-json\/wp\/v2\/posts"}],"about":[{"href":"https:\/\/magistrarcursos.com.br\/blog\/wp-json\/wp\/v2\/types\/post"}],"author":[{"embeddable":true,"href":"https:\/\/magistrarcursos.com.br\/blog\/wp-json\/wp\/v2\/users\/13"}],"replies":[{"embeddable":true,"href":"https:\/\/magistrarcursos.com.br\/blog\/wp-json\/wp\/v2\/comments?post=45245"}],"version-history":[{"count":3,"href":"https:\/\/magistrarcursos.com.br\/blog\/wp-json\/wp\/v2\/posts\/45245\/revisions"}],"predecessor-version":[{"id":45249,"href":"https:\/\/magistrarcursos.com.br\/blog\/wp-json\/wp\/v2\/posts\/45245\/revisions\/45249"}],"wp:featuredmedia":[{"embeddable":true,"href":"https:\/\/magistrarcursos.com.br\/blog\/wp-json\/wp\/v2\/media\/40785"}],"wp:attachment":[{"href":"https:\/\/magistrarcursos.com.br\/blog\/wp-json\/wp\/v2\/media?parent=45245"}],"wp:term":[{"taxonomy":"category","embeddable":true,"href":"https:\/\/magistrarcursos.com.br\/blog\/wp-json\/wp\/v2\/categories?post=45245"},{"taxonomy":"post_tag","embeddable":true,"href":"https:\/\/magistrarcursos.com.br\/blog\/wp-json\/wp\/v2\/tags?post=45245"}],"curies":[{"name":"wp","href":"https:\/\/api.w.org\/{rel}","templated":true}]}}