{"id":45328,"date":"2026-08-28T11:36:37","date_gmt":"2026-08-28T14:36:37","guid":{"rendered":"https:\/\/magistrarcursos.com.br\/blog\/?p=45328"},"modified":"2026-08-28T11:36:37","modified_gmt":"2026-08-28T14:36:37","slug":"concurso-setec-campinas-procurador-edital-oferece-salario-de-r-114-mil-e-beneficio-de-r-21-mil","status":"publish","type":"post","link":"https:\/\/magistrarcursos.com.br\/blog\/concurso-setec-campinas-procurador-edital-oferece-salario-de-r-114-mil-e-beneficio-de-r-21-mil\/","title":{"rendered":"Concurso SETEC Campinas Procurador: edital oferece sal\u00e1rio de R$ 11,4 mil e benef\u00edcio de R$ 2,1 mil"},"content":{"rendered":"\n<p>Foi publicado o edital do concurso SETEC Campinas (Servi\u00e7os T\u00e9cnicos Gerais) para <a href=\"https:\/\/magistrarcursos.com.br\/blog\/procurador\/\" target=\"_blank\" rel=\"noreferrer noopener\">Procurador<\/a>, oferecendo<strong> 1 vaga imediata<\/strong>, al\u00e9m de cadastro de reserva, e sal\u00e1rio inicial de R$ 11,4 mil.\u00a0<\/p>\n\n\n\n<p>O concurso ser\u00e1 organizado pela banca INDEPAC \u2013 Instituto de Cultura e Desenvolvimento Educacional, Promo\u00e7\u00e3o Humana e A\u00e7\u00e3o Comunit\u00e1ria. As inscri\u00e7\u00f5es estar\u00e3o abertas a partir do dia <strong>8 de setembro de 2026<\/strong> e as provas objetiva e pr\u00e1tico-profissional est\u00e3o marcadas para <strong>17 de janeiro de 2027<\/strong>.<\/p>\n\n\n\n<div style=\"text-align:center;padding:20px;font-family:'Segoe UI',Tahoma,Geneva,Verdana,sans-serif\">\n\n  <a href=\"https:\/\/www.instagram.com\/magistrarcursos\/\" target=\"_blank\" rel=\"noopener noreferrer\" aria-label=\"Siga Magistrar Cursos no Instagram\" style=\"align-items:center;justify-content:center;gap:12px;background:linear-gradient(135deg,#feda77,#f58529,#dd2a7b,#8134af,#515bd4);color:#ffffff;font-size:1.2rem;font-weight:600;text-decoration:none;padding:14px 28px;border-radius:50px;border:none;letter-spacing:0.5px\">\n\n    <span style=\"font-size:1.5rem;line-height:1\">\ud83d\udcf8<\/span>\n\n    <span>\n      <strong>@<\/strong>magistrarcursos\n    <\/span>\n  <\/a>\n\n  <div style=\"font-size:0.85rem;color:#2c3e50;margin-top:16px;line-height:1.4;opacity:0.85\">\n    Acompanhe conte\u00fados exclusivos, notifica\u00e7\u00f5es de editais e dicas para sua aprova\u00e7\u00e3o!\n  <\/div>\n\n<\/div>\n\n\n\n<h2 class=\"wp-block-heading\">Cronograma<\/h2>\n\n\n\n<ul class=\"wp-block-list\">\n<li><strong>Edital:<\/strong> 28 de agosto de 2026 (acesse o <a href=\"https:\/\/magistrarcursos.com.br\/blog\/wp-content\/uploads\/2026\/08\/edital-pgm-setec-campinas.pdf\" target=\"_blank\" rel=\"noreferrer noopener\"><strong>edital SETEC Campinas Procurador 2026<\/strong><\/a>)<\/li>\n\n\n\n<li><strong>Inscri\u00e7\u00f5es:<\/strong> 8 de setembro de 2026 a 4 de dezembro de 2026<\/li>\n\n\n\n<li><strong>Solicita\u00e7\u00e3o de isen\u00e7\u00e3o da taxa:<\/strong> 8 a 18 de setembro de 2026<\/li>\n\n\n\n<li><strong>Pagamento da taxa de inscri\u00e7\u00e3o:<\/strong> at\u00e9 7 de dezembro de 2026<\/li>\n\n\n\n<li><strong>Prova objetiva e pr\u00e1tico-profissional:<\/strong> 17 de janeiro de 2027<\/li>\n<\/ul>\n\n\n\n<figure class=\"wp-block-image size-full\"><a href=\"https:\/\/sndflw.com\/i\/Q4amUmNUvxYfvP0J58JP\" target=\"_blank\" rel=\" noreferrer noopener\"><img fetchpriority=\"high\" decoding=\"async\" width=\"600\" height=\"200\" src=\"https:\/\/magistrarcursos.com.br\/blog\/wp-content\/uploads\/2025\/07\/comunidade-procuradorias.webp\" alt=\"\" class=\"wp-image-29413\" srcset=\"https:\/\/magistrarcursos.com.br\/blog\/wp-content\/uploads\/2025\/07\/comunidade-procuradorias.webp 600w, https:\/\/magistrarcursos.com.br\/blog\/wp-content\/uploads\/2025\/07\/comunidade-procuradorias-300x100.webp 300w\" sizes=\"(max-width: 600px) 100vw, 600px\" \/><\/a><\/figure>\n\n\n\n<h2 class=\"wp-block-heading\">Situa\u00e7\u00e3o atual do concurso SETEC Campinas<\/h2>\n\n\n\n<p>As inscri\u00e7\u00f5es dever\u00e3o ser realizadas entre <strong>8 de setembro e 4 de dezembro de 2026<\/strong>, no site da banca <strong>INDEPAC<\/strong>, pelo <a href=\"https:\/\/indepac.selecao.net.br\/\" target=\"_blank\" rel=\"noreferrer noopener\">site da INDEPAC<\/a>. A taxa de participa\u00e7\u00e3o ser\u00e1 de <strong>R$ 78,00<\/strong>, com pagamento permitido at\u00e9 <strong>7 de dezembro de 2026<\/strong>.<\/p>\n\n\n\n<p>O candidato poder\u00e1 realizar somente uma inscri\u00e7\u00e3o no concurso. A confirma\u00e7\u00e3o do pagamento e da inscri\u00e7\u00e3o poder\u00e1 ser consultada no site da organizadora a partir de 11 de dezembro.<\/p>\n\n\n\n<h3 class=\"wp-block-heading\">Isen\u00e7\u00e3o de taxa<\/h3>\n\n\n\n<p>O edital prev\u00ea isen\u00e7\u00e3o da taxa para tr\u00eas grupos de candidatos: doadores de sangue, doadores de medula \u00f3ssea e pessoas de baixa renda inscritas no Cadastro \u00danico para Programas Sociais do Governo Federal (Cad\u00danico).<\/p>\n\n\n\n<p>Os pedidos dever\u00e3o ser realizados <strong>entre 8 e 18 de setembro de 2026<\/strong> no site do INDEPAC. O resultado dos pedidos est\u00e1 previsto para <strong>2 de outubro<\/strong>, enquanto o resultado dos recursos contra eventual indeferimento dever\u00e1 ser divulgado em <strong>16 de outubro de 2026<\/strong>.<\/p>\n\n\n\n<p><strong>Veja mais: <\/strong><a href=\"https:\/\/magistrarcursos.com.br\/blog\/concurso-procurador\/\" target=\"_blank\" rel=\"noreferrer noopener\"><strong>Concurso para Procurador 2026: MPF, PGE e Assembleia Legislativa<\/strong><\/a><\/p>\n\n\n\n<h2 class=\"wp-block-heading\">Vagas do concurso SETEC Campinas<\/h2>\n\n\n\n<p>O concurso SETEC Campinas oferece <strong>1 vaga imediata para Procurador, al\u00e9m de cadastro de reserva<\/strong>.<\/p>\n\n\n\n<p>As regras de reserva de vagas previstas no edital s\u00e3o:<\/p>\n\n\n\n<ul class=\"wp-block-list\">\n<li><strong>Pessoas com defici\u00eancia:<\/strong> 5% das vagas, aplicada quando houver pelo menos 10 vagas por cargo;<\/li>\n\n\n\n<li><strong>Pretos ou pardos:<\/strong> 25% das vagas, aplicada a partir de 2 vagas por cargo;<\/li>\n\n\n\n<li><strong>Ind\u00edgenas:<\/strong> 3% das vagas, aplicada a partir de 17 vagas por cargo;<\/li>\n\n\n\n<li><strong>Quilombolas:<\/strong> 2% das vagas, aplicada a partir de 25 vagas por cargo.<\/li>\n<\/ul>\n\n\n\n<p>Como a oferta inicial \u00e9 de apenas <strong>1 vaga<\/strong>, n\u00e3o h\u00e1 reserva imediata para esses grupos. As cotas poder\u00e3o ser aplicadas caso novas vagas surjam durante a validade do concurso.<\/p>\n\n\n\n<h3 class=\"wp-block-heading\">Requisitos<\/h3>\n\n\n\n<p>Para disputar o cargo de Procurador da SETEC, \u00e9 necess\u00e1rio possuir <strong>ensino superior em Direito e registro ativo na <\/strong><a href=\"https:\/\/magistrarcursos.com.br\/blog\/oab\/\" target=\"_blank\" rel=\"noreferrer noopener\"><strong>Ordem dos Advogados do Brasil (OAB)<\/strong><\/a>. N\u00e3o h\u00e1, entre os requisitos m\u00ednimos apresentados para o cargo, exig\u00eancia de tempo de atividade jur\u00eddica.<\/p>\n\n\n\n<p>O edital tamb\u00e9m estabelece requisitos gerais que dever\u00e3o ser comprovados na \u00e9poca da posse. Entre eles est\u00e3o:<\/p>\n\n\n\n<ul class=\"wp-block-list\">\n<li>ter nacionalidade brasileira e, no caso previsto no edital para nacionalidade brasileira portuguesa, ter reconhecido o gozo dos direitos pol\u00edticos<\/li>\n\n\n\n<li>possuir pelo menos 18 anos completos na data da posse<\/li>\n\n\n\n<li>estar em dia com o Servi\u00e7o Militar, quando aplic\u00e1vel<\/li>\n\n\n\n<li>ser eleitor e estar quite com a Justi\u00e7a Eleitoral<\/li>\n\n\n\n<li>comprovar os requisitos exigidos para o cargo<\/li>\n\n\n\n<li>possuir aptid\u00e3o f\u00edsica e mental<\/li>\n\n\n\n<li>n\u00e3o possuir defici\u00eancia f\u00edsica incompat\u00edvel com o exerc\u00edcio do cargo<\/li>\n\n\n\n<li>n\u00e3o estar incompatibilizado para nova nomea\u00e7\u00e3o em cargo p\u00fablico<\/li>\n\n\n\n<li>n\u00e3o possuir antecedentes criminais<\/li>\n\n\n\n<li>n\u00e3o estar na idade de aposentadoria compuls\u00f3ria<\/li>\n\n\n\n<li>atender \u00e0s demais condi\u00e7\u00f5es para investidura estabelecidas pelo edital<\/li>\n<\/ul>\n\n\n\n<p><strong>Veja mais: <\/strong><a href=\"https:\/\/magistrarcursos.com.br\/blog\/alta-performance-nao-e-viver-no-limite-como-construir-uma-rotina-sustentavel-ate-a-aprovacao\/\" target=\"_blank\" rel=\"noreferrer noopener\"><strong>Alta performance n\u00e3o \u00e9 viver no limite: como construir uma rotina sustent\u00e1vel at\u00e9 a aprova\u00e7\u00e3o<\/strong><\/a><\/p>\n\n\n\n<h2 class=\"wp-block-heading\">Sal\u00e1rio do Procurador da SETEC Campinas<\/h2>\n\n\n\n<p>O Procurador da SETEC ter\u00e1 sal\u00e1rio inicial de<strong> R$ 11.427,98<\/strong>, para jornada de 36 horas semanais ou at\u00e9 180 horas mensais.<\/p>\n\n\n\n<p>Al\u00e9m do vencimento, o edital prev\u00ea <strong>vale-alimenta\u00e7\u00e3o\/refei\u00e7\u00e3o de R$ 2.150,12<\/strong>. Considerados o sal\u00e1rio inicial e o valor do benef\u00edcio informado no documento, o montante chega a <strong>R$ 13.578,10 mensais<\/strong>.<\/p>\n\n\n\n<h2 class=\"wp-block-heading\">Etapas do concurso SETEC Campinas<\/h2>\n\n\n\n<p>A sele\u00e7\u00e3o dos candidatos ao cargo de Procurador ser\u00e1 realizada por meio de tr\u00eas avalia\u00e7\u00f5es: prova objetiva, prova pr\u00e1tico-profissional e prova de t\u00edtulos.<\/p>\n\n\n\n<p>As duas provas escritas ser\u00e3o realizadas na mesma data, com aplica\u00e7\u00e3o prevista para <strong>17 de janeiro de 2027<\/strong>, em Campinas (SP). O edital estabelece dura\u00e7\u00e3o total de <strong>quatro horas<\/strong> para as provas.<\/p>\n\n\n\n<h3 class=\"wp-block-heading\">Prova objetiva<\/h3>\n\n\n\n<p>A prova objetiva ter\u00e1 car\u00e1ter eliminat\u00f3rio e classificat\u00f3rio e ser\u00e1 composta por <strong>50 quest\u00f5es de m\u00faltipla escolha<\/strong>, cada uma com quatro alternativas e apenas uma resposta correta.<\/p>\n\n\n\n<p>As quest\u00f5es ser\u00e3o distribu\u00eddas da seguinte forma:<\/p>\n\n\n\n<ul class=\"wp-block-list\">\n<li>L\u00edngua Portuguesa: 10 quest\u00f5es<\/li>\n\n\n\n<li>Conhecimentos Espec\u00edficos: 40 quest\u00f5es<\/li>\n<\/ul>\n\n\n\n<p>A avalia\u00e7\u00e3o valer\u00e1 de <strong>0 a 100 pontos<\/strong>. Ser\u00e1 considerado habilitado o candidato que alcan\u00e7ar pontua\u00e7\u00e3o igual ou superior a <strong>50 pontos<\/strong>. Quem n\u00e3o atingir essa nota ser\u00e1 eliminado.<\/p>\n\n\n\n<p>Em L\u00edngua Portuguesa, o programa inclui interpreta\u00e7\u00e3o de texto, significa\u00e7\u00e3o das palavras, ortografia, pontua\u00e7\u00e3o, acentua\u00e7\u00e3o, classes de palavras, concord\u00e2ncia, reg\u00eancia, crase e coloca\u00e7\u00e3o pronominal.<\/p>\n\n\n\n<p>J\u00e1 os Conhecimentos Espec\u00edficos abrangem diferentes ramos jur\u00eddicos. Entre os assuntos previstos est\u00e3o:<\/p>\n\n\n\n<ul class=\"wp-block-list\">\n<li>Direito Administrativo<\/li>\n\n\n\n<li>Direito Constitucional<\/li>\n\n\n\n<li>Direito Civil<\/li>\n\n\n\n<li>Direito Processual Civil<\/li>\n\n\n\n<li>Direito Tribut\u00e1rio<\/li>\n\n\n\n<li>Direito Penal<\/li>\n\n\n\n<li>Direito do Trabalho<\/li>\n\n\n\n<li>Direito Financeiro<\/li>\n\n\n\n<li>Direito Ambiental<\/li>\n\n\n\n<li>Direito Urban\u00edstico<\/li>\n\n\n\n<li>Legisla\u00e7\u00e3o Municipal<\/li>\n\n\n\n<li>Al\u00e9m de legisla\u00e7\u00e3o complementar indicada no programa<\/li>\n<\/ul>\n\n\n\n<h3 class=\"wp-block-heading\">Prova pr\u00e1tico-profissional<\/h3>\n\n\n\n<p>A prova pr\u00e1tico-profissional tamb\u00e9m ter\u00e1 car\u00e1ter eliminat\u00f3rio e classificat\u00f3rio e ser\u00e1 aplicada no mesmo dia, hor\u00e1rio e local da objetiva.<\/p>\n\n\n\n<p>A avalia\u00e7\u00e3o consistir\u00e1 na elabora\u00e7\u00e3o de <strong>uma pe\u00e7a profissional<\/strong>, baseada no conte\u00fado program\u00e1tico previsto para Procurador.<\/p>\n\n\n\n<p>Um ponto importante \u00e9 que a aprova\u00e7\u00e3o na objetiva, por si s\u00f3, n\u00e3o garante a corre\u00e7\u00e3o da pe\u00e7a. Ser\u00e3o corrigidas somente as provas pr\u00e1tico-profissionais dos candidatos habilitados e mais bem classificados na objetiva, observados os seguintes limites:<\/p>\n\n\n\n<figure class=\"wp-block-table\"><table class=\"has-fixed-layout\"><tbody><tr><td><strong>Modalidade<\/strong><\/td><td><strong>Provas corrigidas<\/strong><\/td><\/tr><tr><td>Ampla concorr\u00eancia<\/td><td>20<\/td><\/tr><tr><td>Pessoas com defici\u00eancia<\/td><td>1<\/td><\/tr><tr><td>Pretos ou pardos<\/td><td>5<\/td><\/tr><tr><td>Ind\u00edgenas<\/td><td>1<\/td><\/tr><tr><td>Quilombolas<\/td><td>\u2014<\/td><\/tr><\/tbody><\/table><\/figure>\n\n\n\n<p>Os demais candidatos aprovados na objetiva que ficarem fora do limite de corre\u00e7\u00e3o ser\u00e3o exclu\u00eddos do concurso.<\/p>\n\n\n\n<p>A pe\u00e7a ser\u00e1 avaliada em uma escala de <strong>0 a 20 pontos<\/strong>, sendo necess\u00e1rio obter pelo menos <strong>10 pontos<\/strong> para ser considerado habilitado.<\/p>\n\n\n\n<p>Na corre\u00e7\u00e3o, ser\u00e3o analisados a adequa\u00e7\u00e3o da solu\u00e7\u00e3o ao problema apresentado, o dom\u00ednio do racioc\u00ednio jur\u00eddico, a fundamenta\u00e7\u00e3o e sua consist\u00eancia, a capacidade de interpreta\u00e7\u00e3o e exposi\u00e7\u00e3o, a t\u00e9cnica profissional e o uso correto da L\u00edngua Portuguesa.<\/p>\n\n\n\n<h3 class=\"wp-block-heading\">Prova de t\u00edtulos<\/h3>\n\n\n\n<p>A prova de t\u00edtulos ter\u00e1 car\u00e1ter exclusivamente classificat\u00f3rio e ser\u00e1 destinada somente aos candidatos habilitados nas provas objetiva e pr\u00e1tico-profissional. A aus\u00eancia de t\u00edtulos, portanto, n\u00e3o provocar\u00e1 a elimina\u00e7\u00e3o do candidato.<\/p>\n\n\n\n<p>Os documentos dever\u00e3o ser enviados pelo site do INDEPAC, por meio de upload, <strong>entre 8 de setembro e 7 de dezembro de 2026<\/strong>.<\/p>\n\n\n\n<p>A pontua\u00e7\u00e3o m\u00e1xima dessa etapa ser\u00e1 de <strong>7 pontos<\/strong>, distribu\u00eddos da seguinte maneira:<\/p>\n\n\n\n<ul class=\"wp-block-list\">\n<li><strong>Doutorado na \u00e1rea Jur\u00eddica:<\/strong> 3 pontos, limitado a 3 pontos;<\/li>\n\n\n\n<li><strong>Mestrado na \u00e1rea Jur\u00eddica:<\/strong> 2 pontos, limitado a 2 pontos;<\/li>\n\n\n\n<li><strong>Especializa\u00e7\u00e3o na \u00e1rea Jur\u00eddica, com pelo menos 360 horas, incluindo MBA:<\/strong> 1 ponto por t\u00edtulo, limitado a 2 pontos.<\/li>\n<\/ul>\n\n\n\n<p>Para mestrado e doutorado, somente ser\u00e3o considerados cursos reconhecidos pela <strong>CAPES\/MEC<\/strong>. J\u00e1 a especializa\u00e7\u00e3o dever\u00e1 atender \u00e0 carga hor\u00e1ria m\u00ednima e \u00e0s demais condi\u00e7\u00f5es previstas no edital.<\/p>\n\n\n\n<p>A classifica\u00e7\u00e3o final ser\u00e1 determinada pela <strong>soma dos pontos obtidos na prova objetiva, na prova pr\u00e1tico-profissional e na avalia\u00e7\u00e3o de t\u00edtulos<\/strong>. Os candidatos ser\u00e3o classificados em ordem decrescente da nota final.<\/p>\n\n\n\n<h2 class=\"wp-block-heading\">Prepare-se para o concurso SETEC Campinas com o Magistrar!<\/h2>\n\n\n\n<p>Para quem pretende disputar o cargo de <strong>Procurador da SETEC Campinas<\/strong>, o Magistrar oferece um <a href=\"https:\/\/magistrarcursos.com.br\/cursos\/procuradorias\/marco-180-procuradorias\/\" target=\"_blank\" rel=\"noreferrer noopener\"><strong>curso para procuradorias<\/strong><\/a> voltado \u00e0 prepara\u00e7\u00e3o para carreiras jur\u00eddicas, com organiza\u00e7\u00e3o de estudos, revis\u00e3o dos temas mais recorrentes e materiais espec\u00edficos para esse tipo de concurso.<\/p>\n\n\n\n<p>O <strong>Marco 180 \u2013 Procuradorias<\/strong> pode ajudar na prepara\u00e7\u00e3o para as provas objetiva e pr\u00e1tico-profissional com recursos como:<\/p>\n\n\n\n<ul class=\"wp-block-list\">\n<li>180 Resumos \u00c1guia com assuntos frequentes em concursos de Procuradorias<\/li>\n\n\n\n<li>Mapas de Lei Seca com destaque para dispositivos mais cobrados<\/li>\n\n\n\n<li>12 simulados completos, cada um com 100 quest\u00f5es comentadas<\/li>\n\n\n\n<li>10 simulados de informativos em formato de quest\u00f5es<\/li>\n\n\n\n<li>50 teses relevantes para o treinamento de provas discursivas e pe\u00e7as<\/li>\n\n\n\n<li>Roteiro mensal de estudos para organizar a prepara\u00e7\u00e3o ao longo de 180 dias<\/li>\n\n\n\n<li>Planejamento voltado \u00e0 evolu\u00e7\u00e3o gradual e constante<\/li>\n\n\n\n<li>Conte\u00fado direcionado aos principais julgados, normas e temas atuais cobrados na carreira<\/li>\n<\/ul>\n\n\n\n<figure class=\"wp-block-image size-full\"><a href=\"https:\/\/t.magistrarcursos.com.br\/cerebro-juridico\/?utm_source=blog\" target=\"_blank\" rel=\" noreferrer noopener\"><img decoding=\"async\" width=\"800\" height=\"237\" src=\"https:\/\/magistrarcursos.com.br\/blog\/wp-content\/uploads\/2026\/04\/banner-vitalicia-cerebro.webp\" alt=\"\" class=\"wp-image-34598\" srcset=\"https:\/\/magistrarcursos.com.br\/blog\/wp-content\/uploads\/2026\/04\/banner-vitalicia-cerebro.webp 800w, https:\/\/magistrarcursos.com.br\/blog\/wp-content\/uploads\/2026\/04\/banner-vitalicia-cerebro-300x89.webp 300w, https:\/\/magistrarcursos.com.br\/blog\/wp-content\/uploads\/2026\/04\/banner-vitalicia-cerebro-768x228.webp 768w\" sizes=\"(max-width: 800px) 100vw, 800px\" \/><\/a><\/figure>\n","protected":false},"excerpt":{"rendered":"<p>Ser\u00e1 uma vaga imediata, al\u00e9m de cadastro de reserva; inscri\u00e7\u00f5es come\u00e7am em setembro e provas ser\u00e3o aplicadas em janeiro de 2027<\/p>\n","protected":false},"author":13,"featured_media":45329,"comment_status":"closed","ping_status":"closed","sticky":false,"template":"","format":"standard","meta":{"footnotes":""},"categories":[100,108],"tags":[],"class_list":["post-45328","post","type-post","status-publish","format-standard","has-post-thumbnail","hentry","category-concursos","category-procuradorias"],"_links":{"self":[{"href":"https:\/\/magistrarcursos.com.br\/blog\/wp-json\/wp\/v2\/posts\/45328","targetHints":{"allow":["GET"]}}],"collection":[{"href":"https:\/\/magistrarcursos.com.br\/blog\/wp-json\/wp\/v2\/posts"}],"about":[{"href":"https:\/\/magistrarcursos.com.br\/blog\/wp-json\/wp\/v2\/types\/post"}],"author":[{"embeddable":true,"href":"https:\/\/magistrarcursos.com.br\/blog\/wp-json\/wp\/v2\/users\/13"}],"replies":[{"embeddable":true,"href":"https:\/\/magistrarcursos.com.br\/blog\/wp-json\/wp\/v2\/comments?post=45328"}],"version-history":[{"count":1,"href":"https:\/\/magistrarcursos.com.br\/blog\/wp-json\/wp\/v2\/posts\/45328\/revisions"}],"predecessor-version":[{"id":45330,"href":"https:\/\/magistrarcursos.com.br\/blog\/wp-json\/wp\/v2\/posts\/45328\/revisions\/45330"}],"wp:featuredmedia":[{"embeddable":true,"href":"https:\/\/magistrarcursos.com.br\/blog\/wp-json\/wp\/v2\/media\/45329"}],"wp:attachment":[{"href":"https:\/\/magistrarcursos.com.br\/blog\/wp-json\/wp\/v2\/media?parent=45328"}],"wp:term":[{"taxonomy":"category","embeddable":true,"href":"https:\/\/magistrarcursos.com.br\/blog\/wp-json\/wp\/v2\/categories?post=45328"},{"taxonomy":"post_tag","embeddable":true,"href":"https:\/\/magistrarcursos.com.br\/blog\/wp-json\/wp\/v2\/tags?post=45328"}],"curies":[{"name":"wp","href":"https:\/\/api.w.org\/{rel}","templated":true}]}}