{"id":45358,"date":"2026-08-28T13:54:34","date_gmt":"2026-08-28T16:54:34","guid":{"rendered":"https:\/\/magistrarcursos.com.br\/blog\/?p=45358"},"modified":"2026-09-01T08:27:39","modified_gmt":"2026-09-01T11:27:39","slug":"apos-mudar-de-carreira-servidora-do-trt-conquista-aprovacao-no-enam-com-57-acertos","status":"publish","type":"post","link":"https:\/\/magistrarcursos.com.br\/blog\/apos-mudar-de-carreira-servidora-do-trt-conquista-aprovacao-no-enam-com-57-acertos\/","title":{"rendered":"Ap\u00f3s mudar de carreira, servidora do TRT conquista aprova\u00e7\u00e3o no ENAM com 57 acertos"},"content":{"rendered":"\n<p>A aprova\u00e7\u00e3o no <a href=\"https:\/\/magistrarcursos.com.br\/blog\/enam-exame-nacional-magistratura\/\" target=\"_blank\" rel=\"noreferrer noopener\">Exame Nacional da Magistratura (ENAM)<\/a> marcou mais uma mudan\u00e7a importante na trajet\u00f3ria profissional de Ana Carolina Freire Lopes Agatti, de 36 anos. Formada inicialmente em Geografia, ela decidiu cursar Direito ap\u00f3s ingressar no Tribunal Regional do Trabalho da 10\u00aa Regi\u00e3o (TRT-10) como servidora e, hoje, busca realizar o objetivo de se tornar<a href=\"https:\/\/magistrarcursos.com.br\/blog\/concurso-juiz-trabalho\/\" target=\"_blank\" data-type=\"link\" data-id=\"https:\/\/magistrarcursos.com.br\/blog\/concurso-juiz-trabalho\/\" rel=\"noreferrer noopener\"> <strong>ju\u00edza do Trabalho<\/strong><\/a>.<\/p>\n\n\n\n<p>Para conquistar a habilita\u00e7\u00e3o, a candidata precisou conciliar os estudos com o trabalho e os cuidados com dois filhos pequenos. Na reta final, chegou a dedicar tr\u00eas semanas de f\u00e9rias exclusivamente \u00e0 prepara\u00e7\u00e3o para a prova.&nbsp;<\/p>\n\n\n\n<p>A seguir, conhe\u00e7a sua trajet\u00f3ria emocionante que levou \u00e0 aprova\u00e7\u00e3o do ENAM com <strong>57 acertos<\/strong>!<\/p>\n\n\n\n<div style=\"text-align:center;padding:20px;font-family:'Segoe UI',Tahoma,Geneva,Verdana,sans-serif\">\n\n  <a href=\"https:\/\/www.instagram.com\/magistrarcursos\/\" target=\"_blank\" rel=\"noopener noreferrer\" aria-label=\"Siga Magistrar Cursos no Instagram\" style=\"align-items:center;justify-content:center;gap:12px;background:linear-gradient(135deg,#feda77,#f58529,#dd2a7b,#8134af,#515bd4);color:#ffffff;font-size:1.2rem;font-weight:600;text-decoration:none;padding:14px 28px;border-radius:50px;border:none;letter-spacing:0.5px\">\n\n    <span style=\"font-size:1.5rem;line-height:1\">\ud83d\udcf8<\/span>\n\n    <span>\n      <strong>@<\/strong>magistrarcursos\n    <\/span>\n  <\/a>\n\n  <div style=\"font-size:0.85rem;color:#2c3e50;margin-top:16px;line-height:1.4;opacity:0.85\">\n    Acompanhe conte\u00fados exclusivos, notifica\u00e7\u00f5es de editais e dicas para sua aprova\u00e7\u00e3o!\n  <\/div>\n\n<\/div>\n\n\n\n<h2 class=\"wp-block-heading\">Uma trajet\u00f3ria marcada por prop\u00f3sito<\/h2>\n\n\n\n<p>Atualmente, Ana Carolina \u00e9 assistente de Juiz e mestre em Direito Internacional. No entanto, sua trajet\u00f3ria no Direito come\u00e7ou em um dos per\u00edodos mais dif\u00edceis de sua vida. Formada em Geografia em 2012, ela ingressou no TRT da 10\u00aa Regi\u00e3o em 2015, mesmo ano em que perdeu o pai.&nbsp;<\/p>\n\n\n\n<p>Grande incentivador de seus estudos para concursos e apaixonado pelo Direito, ele acompanhava de perto a trajet\u00f3ria da filha. Ap\u00f3s a perda, Ana Carolina encontrou nos estudos uma forma de retomar seus planos e decidiu cursar Direito, forma\u00e7\u00e3o que tamb\u00e9m contribuiu para seu crescimento profissional no Tribunal.<\/p>\n\n\n\n<div class=\"wp-block-media-text is-stacked-on-mobile\" style=\"grid-template-columns:32% auto\"><figure class=\"wp-block-media-text__media\"><img fetchpriority=\"high\" decoding=\"async\" width=\"652\" height=\"861\" src=\"https:\/\/magistrarcursos.com.br\/blog\/wp-content\/uploads\/2026\/08\/WhatsApp-Image-2026-08-27-at-11.37.51.jpeg\" alt=\"\" class=\"wp-image-45359 size-full\" srcset=\"https:\/\/magistrarcursos.com.br\/blog\/wp-content\/uploads\/2026\/08\/WhatsApp-Image-2026-08-27-at-11.37.51.jpeg 652w, https:\/\/magistrarcursos.com.br\/blog\/wp-content\/uploads\/2026\/08\/WhatsApp-Image-2026-08-27-at-11.37.51-227x300.jpeg 227w\" sizes=\"(max-width: 652px) 100vw, 652px\" \/><\/figure><div class=\"wp-block-media-text__content\">\n<p><em>\u201cCome\u00e7ar a estudar Direito acabou sendo muito importante para mim naquele momento. O estudo me deu um novo prop\u00f3sito, me ajudou a sair daquele lugar e tamb\u00e9m contribuiu muito para o meu crescimento profissional dentro do Tribunal.\u201d desabafa a candidata,<\/em><\/p>\n<\/div><\/div>\n\n\n\n<p>Hoje, a busca pela magistratura tamb\u00e9m carrega uma liga\u00e7\u00e3o especial com a mem\u00f3ria do pai.&nbsp;<\/p>\n\n\n\n<blockquote class=\"wp-block-quote is-layout-flow wp-block-quote-is-layout-flow\">\n<p><em>\u201cEstudar Direito e continuar buscando a magistratura tamb\u00e9m \u00e9 uma forma de honrar a mem\u00f3ria dele. Eu tenho um sonho muito especial de um dia ver uma senten\u00e7a assinada com o nosso sobrenome.\u201d<\/em><\/p>\n<\/blockquote>\n\n\n\n<p><strong>Leia tamb\u00e9m: <a href=\"https:\/\/magistrarcursos.com.br\/blog\/enam-2026-2-edital-publicado-provas-em-novembro\/\" data-type=\"link\" data-id=\"https:\/\/magistrarcursos.com.br\/blog\/enam-2026-2-edital-publicado-provas-em-novembro\/\" target=\"_blank\" rel=\"noreferrer noopener\">ENAM 2026.2: edital publicado; provas em novembro!<\/a><\/strong><\/p>\n\n\n\n<h2 class=\"wp-block-heading\">Da rotina no TRT \u00e0 prepara\u00e7\u00e3o do ENAM<\/h2>\n\n\n\n<p>O interesse de Ana Carolina pela magistratura surgiu a partir da atua\u00e7\u00e3o como assistente de juiz no TRT da 10\u00aa Regi\u00e3o. Ao acompanhar de perto a rotina de uma Vara do Trabalho, ela passou a perceber de forma concreta o impacto da atividade jurisdicional.<\/p>\n\n\n\n<p>Um processo envolvendo o direito de uma trabalhadora \u00e0 manuten\u00e7\u00e3o do plano de sa\u00fade foi decisivo nessa percep\u00e7\u00e3o.<\/p>\n\n\n\n<blockquote class=\"wp-block-quote is-layout-flow wp-block-quote-is-layout-flow\">\n<p><em>\u201cNaquele momento, eu percebi de uma forma muito concreta como a atua\u00e7\u00e3o de um juiz pode impactar positivamente a vida das pessoas.\u201d diz.<\/em><\/p>\n<\/blockquote>\n\n\n\n<p>A partir da\u00ed, a magistratura passou a fazer parte de seus planos. Ana Carolina fez a edi\u00e7\u00e3o anterior do ENAM como treino e, com o resultado, identificou que precisava refor\u00e7ar principalmente a <strong>Lei Seca, jurisprud\u00eancia e resolu\u00e7\u00e3o de quest\u00f5es<\/strong>.<\/p>\n\n\n\n<p>Para a prova seguinte, passou a acordar por volta das 5h e conseguia estudar, em m\u00e9dia, <strong>tr\u00eas horas por dia<\/strong>, conciliando a prepara\u00e7\u00e3o com o trabalho e os cuidados com dois filhos pequenos. Nas tr\u00eas semanas anteriores ao exame, tirou f\u00e9rias e intensificou os estudos, reservando as noites para ficar com as crian\u00e7as.<\/p>\n\n\n\n<p>Nesse per\u00edodo, o apoio do marido foi essencial para manter a rotina.<\/p>\n\n\n\n<blockquote class=\"wp-block-quote is-layout-flow wp-block-quote-is-layout-flow\">\n<p><em>\u201cEle foi fundamental durante toda essa prepara\u00e7\u00e3o. Me deu muita for\u00e7a, me incentivou nos momentos em que eu estava cansada e, principalmente, segurou as pontas com as crian\u00e7as para que eu pudesse estudar.\u201d conta Ana.<\/em><\/p>\n<\/blockquote>\n\n\n\n<p><strong>Veja mais: <\/strong><a href=\"https:\/\/magistrarcursos.com.br\/blog\/concurso-juiz-trabalho\/\" target=\"_blank\" rel=\"noreferrer noopener\"><strong>Magistratura do Trabalho: como se tornar Juiz do Trabalho em 2027, formato das provas e edital<\/strong><\/a><\/p>\n\n\n\n<h2 class=\"wp-block-heading\">Como o Magistrar ajudou na prepara\u00e7\u00e3o para o ENAM<\/h2>\n\n\n\n<p>Ana Carolina conheceu o Magistrar por meio das lives com aprovados no 2\u00ba Concurso Nacional Unificado da Magistratura do Trabalho, ap\u00f3s receber a indica\u00e7\u00e3o de uma amiga. A identifica\u00e7\u00e3o com as hist\u00f3rias compartilhadas mudou sua perspectiva sobre a prepara\u00e7\u00e3o, especialmente por conciliar trabalho, maternidade e estudos.<\/p>\n\n\n\n<p>Na prepara\u00e7\u00e3o para o ENAM, seu principal curso foi o <a href=\"https:\/\/magistrarcursos.com.br\/cursos\/enam\/reta-final-enam-v-2026\/\" target=\"_blank\" rel=\"noreferrer noopener\"><strong>Reta Final ENAM V<\/strong><\/a>, desenvolvido para concentrar os estudos nos conte\u00fados de maior incid\u00eancia na prova. A forma\u00e7\u00e3o re\u00fane:<\/p>\n\n\n\n<ul class=\"wp-block-list\">\n<li>Cronograma semanal<\/li>\n\n\n\n<li>Aulas das disciplinas do exame<\/li>\n\n\n\n<li>Simulados comentados<\/li>\n\n\n\n<li>Mapas da Lei Seca&nbsp;<\/li>\n\n\n\n<li>Materiais de atualiza\u00e7\u00e3o jurisprudencial<\/li>\n<\/ul>\n\n\n\n<p>Para Ana Carolina, a organiza\u00e7\u00e3o da <strong>Lei Seca<\/strong> foi um dos principais diferenciais. Antes, ela conta que fazia uma leitura espa\u00e7ada e tinha dificuldade para fixar o conte\u00fado. Com o material organizado por incid\u00eancia dos artigos, conseguiu estabelecer um cronograma e passou a reservar o in\u00edcio das manh\u00e3s para essa etapa da prepara\u00e7\u00e3o.<\/p>\n\n\n\n<p>O Magistrar criou a <a href=\"https:\/\/magistrarcursos.com.br\/blog\/magistrar-tem-grupo-para-estudo-diario-da-lei-seca-saiba-como-entrar\/\" target=\"_blank\" rel=\"noreferrer noopener\"><strong>Comunidade de Lei Seca no WhatsApp<\/strong><\/a>, um espa\u00e7o estruturado para transformar a leitura da legisla\u00e7\u00e3o em um h\u00e1bito di\u00e1rio de estudo com apenas uma hora por dia. Quer construir uma base s\u00f3lida, melhorar a memoriza\u00e7\u00e3o dos dispositivos legais e ganhar mais seguran\u00e7a para enfrentar as quest\u00f5es objetivas? Clique no bot\u00e3o abaixo!<\/p>\n\n\n\n<div style=\"text-align: center;margin: 40px auto;max-width: 600px\">\n  <a href=\"https:\/\/t.magistrarcursos.com.br\/lp\/comunidade-lei-seca-b?utm_source=blog\" target=\"_blank\" rel=\"noopener noreferrer\" style=\"background-color: #0B2B5E;color: #FFD966;font-family: &#039;Poppins&#039;, Arial, sans-serif;font-size: 18px;font-weight: bold;text-decoration: none;padding: 16px 32px;border-radius: 40px;border: 2px solid #FFD966\">\n     Entrar na Comunidade Lei Seca\n  <\/a>\n  <p style=\"font-size: 14px;color: #0B2B5E;margin-top: 12px;font-family: Arial, sans-serif;font-weight: 500\">\n   Gratuito \u2022 Acelere sua aprova\u00e7\u00e3o\n  <\/p>\n<\/div>\n\n\n\n<p>Al\u00e9m do curso, ela recorreu \u00e0s aulas da plataforma nas disciplinas em que tinha mais dificuldade, como <strong>Direito Empresarial<\/strong>, \u00e0 <strong>resolu\u00e7\u00e3o di\u00e1ria de quest\u00f5es<\/strong> e \u00e0s <strong>lives de prepara\u00e7\u00e3o<\/strong>. Estas \u00faltimas eram encaixadas at\u00e9 mesmo em momentos da rotina dom\u00e9stica ou quando estava cansada demais para um estudo mais ativo.<\/p>\n\n\n\n<blockquote class=\"wp-block-quote is-layout-flow wp-block-quote-is-layout-flow\">\n<p><em>\u201cPara mim, o grande diferencial foi conseguir adaptar os materiais e as ferramentas do Magistrar \u00e0 minha rotina. Como eu precisava conciliar trabalho, estudos e duas crian\u00e7as pequenas, essa organiza\u00e7\u00e3o e a variedade de formatos fizeram muita diferen\u00e7a.\u201d explica Ana.<\/em><\/p>\n<\/blockquote>\n\n\n\n<h2 class=\"wp-block-heading\">ENAM 3 EM 1<\/h2>\n\n\n\n<p>Conhe\u00e7a o<strong> ENAM 3 em 1<\/strong> e prepare-se para a pr\u00f3xima edi\u00e7\u00e3o do exame com uma revis\u00e3o objetiva, organizada e direcionada para os temas de maior incid\u00eancia na prova, com tudo o que voc\u00ea precisa em um s\u00f3 lugar!<\/p>\n\n\n\n<figure class=\"wp-block-image size-full\"><a href=\"https:\/\/magistrarcursos.com.br\/cursos\/enam\/?utm_source=blog&amp;utm_medium=banner&amp;utm_campaign=enam2026&amp;utm_id=enam\" target=\"_blank\" rel=\" noreferrer noopener\"><img decoding=\"async\" width=\"700\" height=\"300\" src=\"https:\/\/magistrarcursos.com.br\/blog\/wp-content\/uploads\/2025\/10\/Enam-2026.jpg\" alt=\"\" class=\"wp-image-30604\" srcset=\"https:\/\/magistrarcursos.com.br\/blog\/wp-content\/uploads\/2025\/10\/Enam-2026.jpg 700w, https:\/\/magistrarcursos.com.br\/blog\/wp-content\/uploads\/2025\/10\/Enam-2026-300x129.jpg 300w\" sizes=\"(max-width: 700px) 100vw, 700px\" \/><\/a><\/figure>\n\n\n\n<h2 class=\"wp-block-heading\">Uma \u201cgangorra de emo\u00e7\u00f5es\u201d at\u00e9 a aprova\u00e7\u00e3o<\/h2>\n\n\n\n<p>Ana Carolina viveu dias de incerteza at\u00e9 ter a aprova\u00e7\u00e3o confirmada. Depois de acreditar que havia passado pelos gabaritos extraoficiais, o resultado preliminar indicou o contr\u00e1rio, e ela j\u00e1 come\u00e7ava a pensar na pr\u00f3xima edi\u00e7\u00e3o do ENAM.<\/p>\n\n\n\n<p>A retifica\u00e7\u00e3o, por\u00e9m, confirmou os <strong>57 pontos<\/strong> e trouxe a sensa\u00e7\u00e3o de dever cumprido ap\u00f3s uma prepara\u00e7\u00e3o intensa.<\/p>\n\n\n\n<blockquote class=\"wp-block-quote is-layout-flow wp-block-quote-is-layout-flow\">\n<p><em>\u201cFoi uma sensa\u00e7\u00e3o de al\u00edvio muito grande, principalmente porque eu tinha realmente me dedicado muito \u00e0quela prepara\u00e7\u00e3o.\u201d conta.<\/em><\/p>\n<\/blockquote>\n\n\n\n<p>Para Ana Carolina, a aprova\u00e7\u00e3o representou a supera\u00e7\u00e3o de uma primeira etapa rumo \u00e0 <strong>magistratura do Trabalho<\/strong>. E por fim, a aprovada deixa um recado para aqueles que desejam iniciar os estudos rumo \u00e0 prepara\u00e7\u00e3o do ENAM:<\/p>\n\n\n\n<blockquote class=\"wp-block-quote is-layout-flow wp-block-quote-is-layout-flow\">\n<p><em>\u201cNem sempre vai existir o tempo perfeito, nem sempre a rotina vai estar organizada e nem sempre a gente vai estar com a mesma energia. Mas, com const\u00e2ncia, perseveran\u00e7a e o apoio das pessoas que est\u00e3o ao nosso redor, \u00e9 poss\u00edvel continuar.\u201d aconselha.<\/em><\/p>\n<\/blockquote>\n\n\n\n<figure class=\"wp-block-image size-full\"><a href=\"https:\/\/t.magistrarcursos.com.br\/cerebro-juridico\/?utm_source=blog\" target=\"_blank\" rel=\" noreferrer noopener\"><img decoding=\"async\" width=\"800\" height=\"237\" src=\"https:\/\/magistrarcursos.com.br\/blog\/wp-content\/uploads\/2026\/04\/banner-vitalicia-cerebro.webp\" alt=\"\" class=\"wp-image-34598\" srcset=\"https:\/\/magistrarcursos.com.br\/blog\/wp-content\/uploads\/2026\/04\/banner-vitalicia-cerebro.webp 800w, https:\/\/magistrarcursos.com.br\/blog\/wp-content\/uploads\/2026\/04\/banner-vitalicia-cerebro-300x89.webp 300w, https:\/\/magistrarcursos.com.br\/blog\/wp-content\/uploads\/2026\/04\/banner-vitalicia-cerebro-768x228.webp 768w\" sizes=\"(max-width: 800px) 100vw, 800px\" \/><\/a><\/figure>\n","protected":false},"excerpt":{"rendered":"<p>Formada em Geografia e m\u00e3e de duas crian\u00e7as, Ana Carolina encontrou no Direito um novo prop\u00f3sito e hoje avan\u00e7a rumo ao sonho da magistratura do Trabalho<\/p>\n","protected":false},"author":13,"featured_media":45374,"comment_status":"closed","ping_status":"closed","sticky":false,"template":"","format":"standard","meta":{"footnotes":""},"categories":[48,103],"tags":[],"class_list":["post-45358","post","type-post","status-publish","format-standard","has-post-thumbnail","hentry","category-noticias","category-enam"],"_links":{"self":[{"href":"https:\/\/magistrarcursos.com.br\/blog\/wp-json\/wp\/v2\/posts\/45358","targetHints":{"allow":["GET"]}}],"collection":[{"href":"https:\/\/magistrarcursos.com.br\/blog\/wp-json\/wp\/v2\/posts"}],"about":[{"href":"https:\/\/magistrarcursos.com.br\/blog\/wp-json\/wp\/v2\/types\/post"}],"author":[{"embeddable":true,"href":"https:\/\/magistrarcursos.com.br\/blog\/wp-json\/wp\/v2\/users\/13"}],"replies":[{"embeddable":true,"href":"https:\/\/magistrarcursos.com.br\/blog\/wp-json\/wp\/v2\/comments?post=45358"}],"version-history":[{"count":6,"href":"https:\/\/magistrarcursos.com.br\/blog\/wp-json\/wp\/v2\/posts\/45358\/revisions"}],"predecessor-version":[{"id":45491,"href":"https:\/\/magistrarcursos.com.br\/blog\/wp-json\/wp\/v2\/posts\/45358\/revisions\/45491"}],"wp:featuredmedia":[{"embeddable":true,"href":"https:\/\/magistrarcursos.com.br\/blog\/wp-json\/wp\/v2\/media\/45374"}],"wp:attachment":[{"href":"https:\/\/magistrarcursos.com.br\/blog\/wp-json\/wp\/v2\/media?parent=45358"}],"wp:term":[{"taxonomy":"category","embeddable":true,"href":"https:\/\/magistrarcursos.com.br\/blog\/wp-json\/wp\/v2\/categories?post=45358"},{"taxonomy":"post_tag","embeddable":true,"href":"https:\/\/magistrarcursos.com.br\/blog\/wp-json\/wp\/v2\/tags?post=45358"}],"curies":[{"name":"wp","href":"https:\/\/api.w.org\/{rel}","templated":true}]}}