{"id":45370,"date":"2026-08-30T14:00:00","date_gmt":"2026-08-30T17:00:00","guid":{"rendered":"https:\/\/magistrarcursos.com.br\/blog\/?p=45370"},"modified":"2026-08-28T13:46:15","modified_gmt":"2026-08-28T16:46:15","slug":"plantao-enam-2026-2-estamos-ao-vivo-com-a-aula-de-direito-empresarial","status":"publish","type":"post","link":"https:\/\/magistrarcursos.com.br\/blog\/plantao-enam-2026-2-estamos-ao-vivo-com-a-aula-de-direito-empresarial\/","title":{"rendered":"Plant\u00e3o ENAM 2026.2: estamos ao vivo com a aula de Direito Empresarial!"},"content":{"rendered":"\n<p>Os candidatos que est\u00e3o se preparando para o<a href=\"https:\/\/magistrarcursos.com.br\/blog\/enam-exame-nacional-magistratura\/\" target=\"_blank\" data-type=\"link\" data-id=\"https:\/\/magistrarcursos.com.br\/blog\/enam-exame-nacional-magistratura\/\" rel=\"noreferrer noopener\"> <strong>ENAM 2026.2<\/strong><\/a> ter\u00e3o mais uma oportunidade de refor\u00e7ar os estudos neste domingo (30). A partir das <strong>14h<\/strong>, o <strong>Plant\u00e3o ENAM 2026.2<\/strong> promove uma aula ao vivo de <strong>Direito Empresarial<\/strong>, com o professor <strong>Alessandro Sanchez<\/strong>.<\/p>\n\n\n\n<p>O tema escolhido para a primeira aula da disciplina ser\u00e1 <strong>Governan\u00e7a na Perspectiva do ESG<\/strong>, assunto que integra uma prepara\u00e7\u00e3o cada vez mais multidisciplinar para as carreiras jur\u00eddicas.<\/p>\n\n\n\n<figure class=\"wp-block-embed is-type-video is-provider-youtube wp-block-embed-youtube wp-embed-aspect-16-9 wp-has-aspect-ratio\"><div class=\"wp-block-embed__wrapper\">\n<iframe title=\"Plant\u00e3o ENAM 2026.2: Direito Empresarial, com Alessandro Sanchez\" width=\"800\" height=\"450\" src=\"https:\/\/www.youtube.com\/embed\/A-iCQCcRRUc?feature=oembed\" frameborder=\"0\" allow=\"accelerometer; autoplay; clipboard-write; encrypted-media; gyroscope; picture-in-picture; web-share\" referrerpolicy=\"strict-origin-when-cross-origin\" allowfullscreen><\/iframe>\n<\/div><\/figure>\n\n\n\n<h2 class=\"wp-block-heading\">Plant\u00e3o ENAM 2026.2 ter\u00e1 aulas todos os domingos<\/h2>\n\n\n\n<p>O <strong>Plant\u00e3o ENAM 2026.2<\/strong> conta com uma programa\u00e7\u00e3o de aulas ao vivo todos os domingos, em dois hor\u00e1rios: <strong>10h e 14h<\/strong>.<\/p>\n\n\n\n<p>Cada aula tem <strong>duas horas de dura\u00e7\u00e3o<\/strong>, permitindo que os candidatos mantenham uma rotina de estudos aos domingos e avancem na prepara\u00e7\u00e3o para o exame.<\/p>\n\n\n\n<p>Na programa\u00e7\u00e3o deste domingo, a aula das 10h foi dedicada \u00e0 primeira parte de <strong>Direito Penal \u2013 Parte Especial<\/strong>, com o professor Rilmo Braga. J\u00e1 \u00e0s <strong>14h<\/strong>, \u00e9 a vez de Direito Empresarial, com Alessandro Sanchez.<\/p>\n\n\n\n<h2 class=\"wp-block-heading\">Direito Empresarial no ENAM 2026.2<\/h2>\n\n\n\n<p>A aula deste domingo marca o in\u00edcio do bloco de <strong>Direito Empresarial<\/strong> dentro do Plant\u00e3o ENAM 2026.2.<\/p>\n\n\n\n<p>Para esta primeira aula, o tema ser\u00e1 <strong>Governan\u00e7a na Perspectiva do ESG<\/strong>.<\/p>\n\n\n\n<p>A abordagem permite ao candidato estudar a rela\u00e7\u00e3o entre governan\u00e7a corporativa e os aspectos ambientais, sociais e de governan\u00e7a que comp\u00f5em a agenda ESG, assunto que ganhou espa\u00e7o nas discuss\u00f5es jur\u00eddicas e empresariais.<\/p>\n\n\n\n<h2 class=\"wp-block-heading\">Assista \u00e0 aula de Direito Empresarial ao vivo<\/h2>\n\n\n\n<p>A aula do <strong>Plant\u00e3o ENAM 2026.2<\/strong> come\u00e7a \u00e0s <strong>14h deste domingo (30)<\/strong> e ter\u00e1 duas horas de dura\u00e7\u00e3o.<\/p>\n\n\n\n<p><strong>Data:<\/strong> domingo, 30 de agosto<br><strong>Hor\u00e1rio:<\/strong> 14h<br><strong>Disciplina:<\/strong> Direito Empresarial<br><strong>Tema:<\/strong> Governan\u00e7a na Perspectiva do ESG<br><strong>Professor:<\/strong> Alessandro Sanchez<br><\/p>\n\n\n\n<h2 class=\"wp-block-heading\">Prepare-se para o ENAM 2026.2 com o Plant\u00e3o ENAM<\/h2>\n\n\n\n<p>Com aulas ao vivo todos os domingos, \u00e0s <strong>10h e \u00e0s 14h<\/strong>, o Plant\u00e3o ENAM 2026.2 foi estruturado para auxiliar os candidatos na constru\u00e7\u00e3o de uma prepara\u00e7\u00e3o cont\u00ednua para o exame.<\/p>\n\n\n\n<p>Acompanhar a programa\u00e7\u00e3o tamb\u00e9m \u00e9 uma oportunidade para revisar conte\u00fados, aprofundar temas importantes e manter a regularidade dos estudos ao longo da prepara\u00e7\u00e3o.<\/p>\n\n\n\n<p><strong>N\u00e3o perca a aula de Direito Empresarial com Alessandro Sanchez neste domingo, \u00e0s 14h, e acompanhe a programa\u00e7\u00e3o do Plant\u00e3o ENAM 2026.2.<\/strong><\/p>\n\n\n\n<figure class=\"wp-block-image size-large\"><a href=\"https:\/\/t.magistrarcursos.com.br\/enam-3em1\/?utm_source=blog\" target=\"_blank\" rel=\" noreferrer noopener\"><img fetchpriority=\"high\" decoding=\"async\" width=\"1024\" height=\"426\" src=\"https:\/\/magistrarcursos.com.br\/blog\/wp-content\/uploads\/2026\/07\/banner-3em1-blog-1024x426.webp\" alt=\"\" class=\"wp-image-43121\" srcset=\"https:\/\/magistrarcursos.com.br\/blog\/wp-content\/uploads\/2026\/07\/banner-3em1-blog-1024x426.webp 1024w, https:\/\/magistrarcursos.com.br\/blog\/wp-content\/uploads\/2026\/07\/banner-3em1-blog-300x125.webp 300w, https:\/\/magistrarcursos.com.br\/blog\/wp-content\/uploads\/2026\/07\/banner-3em1-blog-768x320.webp 768w, https:\/\/magistrarcursos.com.br\/blog\/wp-content\/uploads\/2026\/07\/banner-3em1-blog-1536x639.webp 1536w, https:\/\/magistrarcursos.com.br\/blog\/wp-content\/uploads\/2026\/07\/banner-3em1-blog-2048x852.webp 2048w\" sizes=\"(max-width: 1024px) 100vw, 1024px\" \/><\/a><\/figure>\n","protected":false},"excerpt":{"rendered":"<p>Professor Alessandro Sanchez conduz a primeira aula de Direito Empresarial do Plant\u00e3o ENAM 2026.2, com foco em Governan\u00e7a na Perspectiva do ESG<\/p>\n","protected":false},"author":18,"featured_media":45371,"comment_status":"closed","ping_status":"closed","sticky":false,"template":"","format":"standard","meta":{"footnotes":""},"categories":[48,103],"tags":[],"class_list":["post-45370","post","type-post","status-publish","format-standard","has-post-thumbnail","hentry","category-noticias","category-enam"],"_links":{"self":[{"href":"https:\/\/magistrarcursos.com.br\/blog\/wp-json\/wp\/v2\/posts\/45370","targetHints":{"allow":["GET"]}}],"collection":[{"href":"https:\/\/magistrarcursos.com.br\/blog\/wp-json\/wp\/v2\/posts"}],"about":[{"href":"https:\/\/magistrarcursos.com.br\/blog\/wp-json\/wp\/v2\/types\/post"}],"author":[{"embeddable":true,"href":"https:\/\/magistrarcursos.com.br\/blog\/wp-json\/wp\/v2\/users\/18"}],"replies":[{"embeddable":true,"href":"https:\/\/magistrarcursos.com.br\/blog\/wp-json\/wp\/v2\/comments?post=45370"}],"version-history":[{"count":1,"href":"https:\/\/magistrarcursos.com.br\/blog\/wp-json\/wp\/v2\/posts\/45370\/revisions"}],"predecessor-version":[{"id":45372,"href":"https:\/\/magistrarcursos.com.br\/blog\/wp-json\/wp\/v2\/posts\/45370\/revisions\/45372"}],"wp:featuredmedia":[{"embeddable":true,"href":"https:\/\/magistrarcursos.com.br\/blog\/wp-json\/wp\/v2\/media\/45371"}],"wp:attachment":[{"href":"https:\/\/magistrarcursos.com.br\/blog\/wp-json\/wp\/v2\/media?parent=45370"}],"wp:term":[{"taxonomy":"category","embeddable":true,"href":"https:\/\/magistrarcursos.com.br\/blog\/wp-json\/wp\/v2\/categories?post=45370"},{"taxonomy":"post_tag","embeddable":true,"href":"https:\/\/magistrarcursos.com.br\/blog\/wp-json\/wp\/v2\/tags?post=45370"}],"curies":[{"name":"wp","href":"https:\/\/api.w.org\/{rel}","templated":true}]}}