{"id":45411,"date":"2026-08-31T08:19:10","date_gmt":"2026-08-31T11:19:10","guid":{"rendered":"https:\/\/magistrarcursos.com.br\/blog\/?p=45411"},"modified":"2026-08-31T08:19:10","modified_gmt":"2026-08-31T11:19:10","slug":"concurso-mp-pe-comissao-formada-para-novo-edital-de-servidores","status":"publish","type":"post","link":"https:\/\/magistrarcursos.com.br\/blog\/concurso-mp-pe-comissao-formada-para-novo-edital-de-servidores\/","title":{"rendered":"Concurso MP PE: comiss\u00e3o formada para novo edital de servidores"},"content":{"rendered":"\n<p>O <strong><a href=\"https:\/\/magistrarcursos.com.br\/blog\/concursos-mppe\/\" data-type=\"link\" data-id=\"https:\/\/magistrarcursos.com.br\/blog\/concursos-mppe\/\" target=\"_blank\" rel=\"noreferrer noopener\">Concurso MP PE<\/a><\/strong> para servidores avan\u00e7ou! O Minist\u00e9rio P\u00fablico de Pernambuco formou oficialmente a comiss\u00e3o respons\u00e1vel pelos preparativos do novo concurso para o Quadro de Apoio T\u00e9cnico-Administrativo da institui\u00e7\u00e3o.<\/p>\n\n\n\n<p>A defini\u00e7\u00e3o foi publicada por meio da Portaria PGJ n\u00ba 2.940\/2026, assinada pelo procurador-geral de Justi\u00e7a, Jos\u00e9 Paulo Cavalcanti Xavier Filho. O documento estabelece a comiss\u00e3o que ficar\u00e1 respons\u00e1vel pelo concurso para provimento dos cargos de <strong>Analista Ministerial e T\u00e9cnico Ministerial<\/strong>.<\/p>\n\n\n\n<p>Com a forma\u00e7\u00e3o da comiss\u00e3o, o pr\u00f3ximo concurso do MP PE entra em uma etapa mais concreta de prepara\u00e7\u00e3o, aumentando a expectativa pela defini\u00e7\u00e3o da oferta de vagas, especialidades, requisitos, remunera\u00e7\u00f5es e demais regras do edital.<\/p>\n\n\n\n<div style=\"text-align: center;margin: 30px 0;font-family: 'Segoe UI', Roboto, 'Helvetica Neue', sans-serif\">\n  <a href=\"https:\/\/instagram.com\/magistrarcursos\" target=\"_blank\" rel=\"noopener noreferrer\" style=\"align-items: center;gap: 12px;background-color: #000000;color: #D4AF37;padding: 14px 28px;border-radius: 50px;text-decoration: none;font-weight: bold;font-size: 1.2rem;letter-spacing: 1px;border: 1px solid #D4AF37\">\n    \n      \n      \n      \n    \n    <span>Siga @magistrarcursos<\/span>\n  <\/a>\n  <div style=\"margin-top: 12px;font-size: 0.85rem;color: #444;font-weight: 500\">\n    \ud83d\udcda Conte\u00fados di\u00e1rios, dicas de estudos e novidades sobre concursos jur\u00eddicos\n  <\/div>\n<\/div>\n\n\n\n<h2 class=\"wp-block-heading\">Concurso MP PE: comiss\u00e3o \u00e9 formada<\/h2>\n\n\n\n<p>De acordo com a portaria, a comiss\u00e3o foi constitu\u00edda para organizar os procedimentos relacionados ao concurso para os cargos de <strong>Analista Ministerial e T\u00e9cnico Ministerial<\/strong>, integrantes do Quadro de Apoio T\u00e9cnico-Administrativo do Minist\u00e9rio P\u00fablico de Pernambuco.<\/p>\n\n\n\n<p>A comiss\u00e3o ser\u00e1 presidida por Hil\u00e1rio Marinho Patriota J\u00fanior, promotor de Justi\u00e7a e assessor t\u00e9cnico da Procuradoria-Geral de Justi\u00e7a.<\/p>\n\n\n\n<figure class=\"wp-block-image aligncenter size-full is-resized\"><img fetchpriority=\"high\" decoding=\"async\" width=\"354\" height=\"704\" src=\"https:\/\/magistrarcursos.com.br\/blog\/wp-content\/uploads\/2026\/08\/mp-pe.jpg\" alt=\"\" class=\"wp-image-45415\" style=\"width:282px;height:auto\" srcset=\"https:\/\/magistrarcursos.com.br\/blog\/wp-content\/uploads\/2026\/08\/mp-pe.jpg 354w, https:\/\/magistrarcursos.com.br\/blog\/wp-content\/uploads\/2026\/08\/mp-pe-151x300.jpg 151w\" sizes=\"(max-width: 354px) 100vw, 354px\" \/><\/figure>\n\n\n\n<h2 class=\"wp-block-heading\">Quais cargos ser\u00e3o contemplados?<\/h2>\n\n\n\n<p>A portaria confirma que o novo <strong>Concurso MP PE<\/strong> ser\u00e1 destinado ao provimento de cargos de:<\/p>\n\n\n\n<ul class=\"wp-block-list\">\n<li><strong>Analista Ministerial<\/strong> \u2013 n\u00edvel superior;<\/li>\n\n\n\n<li><strong>T\u00e9cnico Ministerial<\/strong> \u2013 n\u00edvel m\u00e9dio.<\/li>\n<\/ul>\n\n\n\n<p>O documento, por\u00e9m, <strong>n\u00e3o informa neste momento o n\u00famero de vagas<\/strong> que ser\u00e1 ofertado no concurso.<\/p>\n\n\n\n<p>Tamb\u00e9m ainda n\u00e3o foram divulgadas as especialidades que poder\u00e3o ser contempladas para o cargo de Analista Ministerial.<\/p>\n\n\n\n<p>Essas informa\u00e7\u00f5es dever\u00e3o ser definidas ao longo dos pr\u00f3ximos atos preparat\u00f3rios e, posteriormente, no edital.<\/p>\n\n\n\n<h2 class=\"wp-block-heading\">Concurso MP PE: edital est\u00e1 confirmado?<\/h2>\n\n\n\n<p>Sim. A publica\u00e7\u00e3o da portaria confirma a realiza\u00e7\u00e3o dos preparativos para um <strong>novo concurso para servidores do MP PE<\/strong>.<\/p>\n\n\n\n<p>A forma\u00e7\u00e3o da comiss\u00e3o \u00e9 uma das etapas importantes que antecedem a publica\u00e7\u00e3o do edital. A partir de agora, o grupo dever\u00e1 conduzir os trabalhos necess\u00e1rios para estruturar a sele\u00e7\u00e3o.<\/p>\n\n\n\n<p>Entre os pr\u00f3ximos passos esperados est\u00e3o a defini\u00e7\u00e3o da oferta de vagas, levantamento das necessidades do \u00f3rg\u00e3o, elabora\u00e7\u00e3o das regras do concurso e escolha\/contrata\u00e7\u00e3o da banca organizadora.<\/p>\n\n\n\n<p><strong>Ainda n\u00e3o h\u00e1, contudo, uma data oficial para publica\u00e7\u00e3o do edital.<\/strong><\/p>\n\n\n\n<h2 class=\"wp-block-heading\">Por que o novo concurso MP PE \u00e9 importante?<\/h2>\n\n\n\n<p>A pr\u00f3pria portaria destaca a necessidade de <strong>recomposi\u00e7\u00e3o e fortalecimento do quadro funcional de apoio t\u00e9cnico-administrativo<\/strong> do Minist\u00e9rio P\u00fablico.<\/p>\n\n\n\n<p>Segundo o documento, a medida \u00e9 considerada indispens\u00e1vel para assegurar a presta\u00e7\u00e3o jurisdicional e a atua\u00e7\u00e3o institucional do MP, garantindo continuidade dos servi\u00e7os p\u00fablicos e efici\u00eancia administrativa.<\/p>\n\n\n\n<p>O texto tamb\u00e9m cita a necessidade de adequa\u00e7\u00e3o da estrutura administrativa \u00e0s altera\u00e7\u00f5es promovidas pela legisla\u00e7\u00e3o estadual.<\/p>\n\n\n\n<p>Dessa forma, a abertura de um novo concurso atende \u00e0 necessidade de recomposi\u00e7\u00e3o do quadro de servidores da institui\u00e7\u00e3o.<\/p>\n\n\n\n<h2 class=\"wp-block-heading\">O que falta para o edital do MP PE?<\/h2>\n\n\n\n<p>Com a comiss\u00e3o formalmente constitu\u00edda, os candidatos devem acompanhar as pr\u00f3ximas movimenta\u00e7\u00f5es do concurso.<\/p>\n\n\n\n<p>Entre as informa\u00e7\u00f5es que ainda precisam ser definidas est\u00e3o:<\/p>\n\n\n\n<ul class=\"wp-block-list\">\n<li>n\u00famero de vagas;<\/li>\n\n\n\n<li>cargos e especialidades;<\/li>\n\n\n\n<li>requisitos;<\/li>\n\n\n\n<li>remunera\u00e7\u00e3o atualizada;<\/li>\n\n\n\n<li>jornada de trabalho;<\/li>\n\n\n\n<li>etapas de sele\u00e7\u00e3o;<\/li>\n\n\n\n<li>conte\u00fado program\u00e1tico;<\/li>\n\n\n\n<li>valor das taxas de inscri\u00e7\u00e3o;<\/li>\n\n\n\n<li>banca organizadora;<\/li>\n\n\n\n<li>cronograma de inscri\u00e7\u00f5es e provas.<\/li>\n<\/ul>\n\n\n\n<h2 class=\"wp-block-heading\">Prepare-se para o Concurso MP PE Servidores com o Magistrar!<\/h2>\n\n\n\n<p>Voc\u00ea n\u00e3o precisa de mais um curso. Voc\u00ea precisa de um sistema! O&nbsp;<strong>C\u00c9REBRO Magistrar<\/strong>&nbsp;organiza, qualifica e simplifica a sua prepara\u00e7\u00e3o para o concurso de analista do MP PE.<\/p>\n\n\n\n<figure class=\"wp-block-image size-full\"><a href=\"https:\/\/t.magistrarcursos.com.br\/cerebro-analistas\/?utm_source=blog\" target=\"_blank\" rel=\" noreferrer noopener\"><img decoding=\"async\" width=\"640\" height=\"200\" src=\"https:\/\/magistrarcursos.com.br\/blog\/wp-content\/uploads\/2026\/03\/cerebro-analistas.webp\" alt=\"\" class=\"wp-image-35357\" srcset=\"https:\/\/magistrarcursos.com.br\/blog\/wp-content\/uploads\/2026\/03\/cerebro-analistas.webp 640w, https:\/\/magistrarcursos.com.br\/blog\/wp-content\/uploads\/2026\/03\/cerebro-analistas-300x94.webp 300w\" sizes=\"(max-width: 640px) 100vw, 640px\" \/><\/a><\/figure>\n","protected":false},"excerpt":{"rendered":"<p>Portaria  institui comiss\u00e3o respons\u00e1vel por conduzir os preparativos para a sele\u00e7\u00e3o de Analista Ministerial e T\u00e9cnico Ministerial<\/p>\n","protected":false},"author":18,"featured_media":25899,"comment_status":"closed","ping_status":"closed","sticky":false,"template":"","format":"standard","meta":{"footnotes":""},"categories":[48,119],"tags":[],"class_list":["post-45411","post","type-post","status-publish","format-standard","has-post-thumbnail","hentry","category-noticias","category-analistas"],"_links":{"self":[{"href":"https:\/\/magistrarcursos.com.br\/blog\/wp-json\/wp\/v2\/posts\/45411","targetHints":{"allow":["GET"]}}],"collection":[{"href":"https:\/\/magistrarcursos.com.br\/blog\/wp-json\/wp\/v2\/posts"}],"about":[{"href":"https:\/\/magistrarcursos.com.br\/blog\/wp-json\/wp\/v2\/types\/post"}],"author":[{"embeddable":true,"href":"https:\/\/magistrarcursos.com.br\/blog\/wp-json\/wp\/v2\/users\/18"}],"replies":[{"embeddable":true,"href":"https:\/\/magistrarcursos.com.br\/blog\/wp-json\/wp\/v2\/comments?post=45411"}],"version-history":[{"count":1,"href":"https:\/\/magistrarcursos.com.br\/blog\/wp-json\/wp\/v2\/posts\/45411\/revisions"}],"predecessor-version":[{"id":45417,"href":"https:\/\/magistrarcursos.com.br\/blog\/wp-json\/wp\/v2\/posts\/45411\/revisions\/45417"}],"wp:featuredmedia":[{"embeddable":true,"href":"https:\/\/magistrarcursos.com.br\/blog\/wp-json\/wp\/v2\/media\/25899"}],"wp:attachment":[{"href":"https:\/\/magistrarcursos.com.br\/blog\/wp-json\/wp\/v2\/media?parent=45411"}],"wp:term":[{"taxonomy":"category","embeddable":true,"href":"https:\/\/magistrarcursos.com.br\/blog\/wp-json\/wp\/v2\/categories?post=45411"},{"taxonomy":"post_tag","embeddable":true,"href":"https:\/\/magistrarcursos.com.br\/blog\/wp-json\/wp\/v2\/tags?post=45411"}],"curies":[{"name":"wp","href":"https:\/\/api.w.org\/{rel}","templated":true}]}}