{"id":45420,"date":"2026-08-31T08:47:21","date_gmt":"2026-08-31T11:47:21","guid":{"rendered":"https:\/\/magistrarcursos.com.br\/blog\/?p=45420"},"modified":"2026-08-31T08:48:19","modified_gmt":"2026-08-31T11:48:19","slug":"concurso-cartorios-rr-prova-oral-e-suspensa-pelo-tjrr-nova-data-ainda-nao-foi-definida","status":"publish","type":"post","link":"https:\/\/magistrarcursos.com.br\/blog\/concurso-cartorios-rr-prova-oral-e-suspensa-pelo-tjrr-nova-data-ainda-nao-foi-definida\/","title":{"rendered":"Concurso Cart\u00f3rios RR: prova oral \u00e9 suspensa pelo TJRR; nova data ainda n\u00e3o foi definida"},"content":{"rendered":"\n<p>O <strong>Tribunal de Justi\u00e7a de Roraima (TJRR)<\/strong> suspendeu a aplica\u00e7\u00e3o da prova oral do II <a href=\"https:\/\/magistrarcursos.com.br\/blog\/concurso-cartorios-rr\/\" target=\"_blank\" rel=\"noreferrer noopener\">Concurso P\u00fablico para Outorga de Delega\u00e7\u00f5es de Serventias Extrajudiciais de Notas e de Registro<\/a> do estado. A etapa estava prevista para <strong>6 de setembro de 2026<\/strong>, mas n\u00e3o ser\u00e1 mais realizada na data inicialmente programada.<\/p>\n\n\n\n<p>A suspens\u00e3o foi formalizada pelo <a href=\"https:\/\/cdn.cebraspe.org.br\/concursos\/tj_rr_25\/arquivos\/837FD41C99F928263E74337FCFBCD565CDA4A21A0F477D9BF9517EBE6E0C7FDC.pdf\" target=\"_blank\" rel=\"noreferrer noopener\">Edital n\u00ba 23 \u2013 TJRR Not\u00e1rios<\/a>, de 28 de agosto de 2026, publicado pelo tribunal. O documento cita a <strong>Decis\u00e3o CGJ 2902360<\/strong>, a <strong>Resolu\u00e7\u00e3o CNJ n\u00ba 631\/2025<\/strong>, que alterou a Resolu\u00e7\u00e3o CNJ n\u00ba 81\/2009, e a <strong>Resolu\u00e7\u00e3o CNJ n\u00ba 696\/2026<\/strong>, que revogou a norma anterior.<\/p>\n\n\n\n<p>De acordo com o TJRR, uma <strong>nova data para a prova oral ser\u00e1 divulgada posteriormente, por meio de edital espec\u00edfico<\/strong>.<\/p>\n\n\n\n<p>O concurso oferece <strong>sete serventias extrajudiciais<\/strong>, sendo <strong>cinco para provimento e duas para remo\u00e7\u00e3o<\/strong>. Na modalidade de provimento, foram registrados <strong>418 candidatos para cinco vagas<\/strong>, enquanto a modalidade de remo\u00e7\u00e3o teve <strong>sete candidatos para duas vagas<\/strong>. Entre as vagas reservadas, <strong>54 candidatos disputam uma vaga destinada a pessoas com defici\u00eancia e 90 concorrem a uma vaga reservada pelas cotas<\/strong>, conforme os dados divulgados sobre o certame.<\/p>\n\n\n\n<p>A remunera\u00e7\u00e3o dos delegat\u00e1rios n\u00e3o \u00e9 estabelecida como sal\u00e1rio fixo. Os titulares recebem <strong>exclusivamente por meio dos emolumentos cobrados em raz\u00e3o dos servi\u00e7os prestados<\/strong>, conforme a legisla\u00e7\u00e3o espec\u00edfica.<\/p>\n\n\n\n<p><a href=\"https:\/\/magistrarcursos.com.br\/blog\/concurso-cartorios-rr\/\" target=\"_blank\" rel=\"noreferrer noopener\"><strong>Confira mais informa\u00e7\u00f5es sobre o Concurso Cart\u00f3rios RR<\/strong><\/a><\/p>\n\n\n\n<h2 class=\"wp-block-heading\">Pr\u00f3ximos passos<\/h2>\n\n\n\n<p>Com a suspens\u00e3o da prova oral, o pr\u00f3ximo passo ser\u00e1 a publica\u00e7\u00e3o de um <strong>novo edital com a data da etapa<\/strong>. O TJRR n\u00e3o estabeleceu, at\u00e9 o momento, uma previs\u00e3o para a realiza\u00e7\u00e3o da avalia\u00e7\u00e3o.<\/p>\n\n\n\n<p>A prova oral ser\u00e1 realizada pelo <a href=\"https:\/\/www.cebraspe.org.br\/concursos\/tj_rr_25\" target=\"_blank\" rel=\"noreferrer noopener\"><strong>Cebraspe<\/strong><\/a> e ter\u00e1 car\u00e1ter eliminat\u00f3rio e classificat\u00f3rio. O edital de normas da etapa previa avalia\u00e7\u00e3o de <strong>dom\u00ednio do conhecimento jur\u00eddico, adequa\u00e7\u00e3o da linguagem, articula\u00e7\u00e3o do racioc\u00ednio, capacidade de argumenta\u00e7\u00e3o e uso correto do vern\u00e1culo<\/strong>.<\/p>\n\n\n\n<p>Ap\u00f3s a realiza\u00e7\u00e3o da prova oral, o concurso ainda ter\u00e1 a <strong>avalia\u00e7\u00e3o de t\u00edtulos<\/strong>, \u00faltima etapa prevista no edital. O acompanhamento dever\u00e1 ser feito pelo portal do Cebraspe, onde ser\u00e3o divulgadas as novas informa\u00e7\u00f5es sobre o cronograma.<\/p>\n\n\n\n<p>O Conselho Nacional de Justi\u00e7a tamb\u00e9m registra a publica\u00e7\u00e3o do <strong>Edital n\u00ba 23, de 28 de agosto de 2026<\/strong>, como documento mais recente do acompanhamento do concurso, especificamente sobre a suspens\u00e3o da prova oral.<\/p>\n\n\n\n<div style=\"text-align: center;margin: 30px 0;font-family: 'Segoe UI', Roboto, 'Helvetica Neue', sans-serif\">\n  <a href=\"https:\/\/instagram.com\/magistrarcursos\" target=\"_blank\" rel=\"noopener noreferrer\" style=\"align-items: center;gap: 12px;background-color: #000000;color: #D4AF37;padding: 14px 28px;border-radius: 50px;text-decoration: none;font-weight: bold;font-size: 1.2rem;letter-spacing: 1px;border: 1px solid #D4AF37\">\n    \n      \n      \n      \n    \n    <span>Siga @magistrarcursos<\/span>\n  <\/a>\n  <div style=\"margin-top: 12px;font-size: 0.85rem;color: #444;font-weight: 500\">\n    \ud83d\udcda Conte\u00fados di\u00e1rios, dicas de estudos e novidades sobre concursos jur\u00eddicos\n  <\/div>\n<\/div>\n","protected":false},"excerpt":{"rendered":"<p>Etapa estava prevista para 6 de setembro de 2026 e foi suspensa ap\u00f3s mudan\u00e7as nas normas do CNJ<\/p>\n","protected":false},"author":17,"featured_media":35286,"comment_status":"closed","ping_status":"closed","sticky":false,"template":"","format":"standard","meta":{"footnotes":""},"categories":[48,116],"tags":[],"class_list":["post-45420","post","type-post","status-publish","format-standard","has-post-thumbnail","hentry","category-noticias","category-cartorios"],"_links":{"self":[{"href":"https:\/\/magistrarcursos.com.br\/blog\/wp-json\/wp\/v2\/posts\/45420","targetHints":{"allow":["GET"]}}],"collection":[{"href":"https:\/\/magistrarcursos.com.br\/blog\/wp-json\/wp\/v2\/posts"}],"about":[{"href":"https:\/\/magistrarcursos.com.br\/blog\/wp-json\/wp\/v2\/types\/post"}],"author":[{"embeddable":true,"href":"https:\/\/magistrarcursos.com.br\/blog\/wp-json\/wp\/v2\/users\/17"}],"replies":[{"embeddable":true,"href":"https:\/\/magistrarcursos.com.br\/blog\/wp-json\/wp\/v2\/comments?post=45420"}],"version-history":[{"count":3,"href":"https:\/\/magistrarcursos.com.br\/blog\/wp-json\/wp\/v2\/posts\/45420\/revisions"}],"predecessor-version":[{"id":45423,"href":"https:\/\/magistrarcursos.com.br\/blog\/wp-json\/wp\/v2\/posts\/45420\/revisions\/45423"}],"wp:featuredmedia":[{"embeddable":true,"href":"https:\/\/magistrarcursos.com.br\/blog\/wp-json\/wp\/v2\/media\/35286"}],"wp:attachment":[{"href":"https:\/\/magistrarcursos.com.br\/blog\/wp-json\/wp\/v2\/media?parent=45420"}],"wp:term":[{"taxonomy":"category","embeddable":true,"href":"https:\/\/magistrarcursos.com.br\/blog\/wp-json\/wp\/v2\/categories?post=45420"},{"taxonomy":"post_tag","embeddable":true,"href":"https:\/\/magistrarcursos.com.br\/blog\/wp-json\/wp\/v2\/tags?post=45420"}],"curies":[{"name":"wp","href":"https:\/\/api.w.org\/{rel}","templated":true}]}}