{"id":45426,"date":"2026-08-31T10:15:26","date_gmt":"2026-08-31T13:15:26","guid":{"rendered":"https:\/\/magistrarcursos.com.br\/blog\/?p=45426"},"modified":"2026-08-31T10:15:26","modified_gmt":"2026-08-31T13:15:26","slug":"aos-51-anos-aluna-do-magistrar-supera-trajetoria-de-dificuldades-e-e-aprovada-no-enam-2026","status":"publish","type":"post","link":"https:\/\/magistrarcursos.com.br\/blog\/aos-51-anos-aluna-do-magistrar-supera-trajetoria-de-dificuldades-e-e-aprovada-no-enam-2026\/","title":{"rendered":"Aos 51 anos, aluna do Magistrar supera trajet\u00f3ria de dificuldades e \u00e9 aprovada no ENAM 2026.1"},"content":{"rendered":"\n<p>A aprova\u00e7\u00e3o no <strong><a href=\"https:\/\/magistrarcursos.com.br\/blog\/enam-exame-nacional-magistratura\/\" target=\"_blank\" data-type=\"link\" data-id=\"https:\/\/magistrarcursos.com.br\/blog\/enam-exame-nacional-magistratura\/\" rel=\"noreferrer noopener\">Exame Nacional da Magistratura (ENAM)<\/a><\/strong> marcou uma nova etapa na trajet\u00f3ria de Simone Rabello Louback, 51 anos. Advogada e m\u00e3e, ela conquistou <strong>59 acertos<\/strong> na prova e transformou anos de dificuldades, pausas nos estudos e recome\u00e7os em combust\u00edvel para seguir em busca do sonho de se tornar magistrada.<\/p>\n\n\n\n<p>A hist\u00f3ria de Simone \u00e9 marcada pela persist\u00eancia. Criada em uma fam\u00edlia simples, ela estudou em escola p\u00fablica no Rio de Janeiro e come\u00e7ou a trabalhar ainda aos 14 anos. Naquela \u00e9poca, n\u00e3o tinha informa\u00e7\u00f5es sobre a necessidade de prestar vestibular para continuar os estudos, e sua fam\u00edlia tamb\u00e9m n\u00e3o possu\u00eda refer\u00eancias acad\u00eamicas que pudessem orient\u00e1-la.<\/p>\n\n\n\n<blockquote class=\"wp-block-quote is-layout-flow wp-block-quote-is-layout-flow\">\n<p>\u201cSempre tive dificuldade de estudo. Comecei meus estudos no col\u00e9gio p\u00fablico\u201d, relembra.<\/p>\n<\/blockquote>\n\n\n\n<p>Ap\u00f3s concluir o ensino m\u00e9dio t\u00e9cnico em Contabilidade, Simone come\u00e7ou a trabalhar. Aos 18 anos, tornou-se m\u00e3e pela primeira vez e, aos 20, teve a segunda filha. Depois da separa\u00e7\u00e3o do pai das crian\u00e7as, criou as filhas sozinha e passou a trabalhar ainda mais para proporcionar a elas oportunidades que ela pr\u00f3pria n\u00e3o teve.<\/p>\n\n\n\n<p>Foi somente aos 30 anos que decidiu retomar os estudos e ingressar no ensino superior.<\/p>\n\n\n\n<div class=\"wp-block-media-text is-stacked-on-mobile\" style=\"grid-template-columns:35% auto\"><figure class=\"wp-block-media-text__media\"><img fetchpriority=\"high\" decoding=\"async\" width=\"1024\" height=\"1017\" src=\"https:\/\/magistrarcursos.com.br\/blog\/wp-content\/uploads\/2026\/08\/WhatsApp-Image-2026-08-27-at-14.59.01-1024x1017.jpeg\" alt=\"\" class=\"wp-image-45427 size-full\" srcset=\"https:\/\/magistrarcursos.com.br\/blog\/wp-content\/uploads\/2026\/08\/WhatsApp-Image-2026-08-27-at-14.59.01-1024x1017.jpeg 1024w, https:\/\/magistrarcursos.com.br\/blog\/wp-content\/uploads\/2026\/08\/WhatsApp-Image-2026-08-27-at-14.59.01-300x298.jpeg 300w, https:\/\/magistrarcursos.com.br\/blog\/wp-content\/uploads\/2026\/08\/WhatsApp-Image-2026-08-27-at-14.59.01-150x150.jpeg 150w, https:\/\/magistrarcursos.com.br\/blog\/wp-content\/uploads\/2026\/08\/WhatsApp-Image-2026-08-27-at-14.59.01-768x763.jpeg 768w, https:\/\/magistrarcursos.com.br\/blog\/wp-content\/uploads\/2026\/08\/WhatsApp-Image-2026-08-27-at-14.59.01.jpeg 1079w\" sizes=\"(max-width: 1024px) 100vw, 1024px\" \/><\/figure><div class=\"wp-block-media-text__content\">\n<blockquote class=\"wp-block-quote is-layout-flow wp-block-quote-is-layout-flow\">\n<p>Eu abracei essa ideia das minhas filhas comigo e sempre procurei dar para elas aquilo que eu n\u00e3o tive, n\u00e9? Ent\u00e3o, trabalhava muito para poder dar um estudo particular para elas. E foi assim at\u00e9 eu completar 30 anos. Quando eu fiz 30 anos, e minhas filhas j\u00e1 estavam maiores, eu resolvi entrar para faculdade.<\/p>\n<\/blockquote>\n<\/div><\/div>\n\n\n\n<div style=\"text-align: center;margin: 30px 0;font-family: 'Segoe UI', Roboto, 'Helvetica Neue', sans-serif\">\n  <a href=\"https:\/\/instagram.com\/magistrarcursos\" target=\"_blank\" rel=\"noopener noreferrer\" style=\"align-items: center;gap: 12px;background-color: #000000;color: #D4AF37;padding: 14px 28px;border-radius: 50px;text-decoration: none;font-weight: bold;font-size: 1.2rem;letter-spacing: 1px;border: 1px solid #D4AF37\">\n    \n      \n      \n      \n    \n    <span>Siga @magistrarcursos<\/span>\n  <\/a>\n  <div style=\"margin-top: 12px;font-size: 0.85rem;color: #444;font-weight: 500\">\n    \ud83d\udcda Conte\u00fados di\u00e1rios, dicas de estudos e novidades sobre concursos jur\u00eddicos\n  <\/div>\n<\/div>\n\n\n\n<h2 class=\"wp-block-heading\">Faculdade de Direito veio aos 30 anos<\/h2>\n\n\n\n<p>Na \u00e9poca, Simone trabalhava como vendedora de carros e recebeu da concession\u00e1ria uma ajuda de custo para pagar a faculdade. Entre as op\u00e7\u00f5es dispon\u00edveis, escolheu o curso de Direito.<\/p>\n\n\n\n<p>A gradua\u00e7\u00e3o foi conciliada com trabalho e maternidade. Enquanto trabalhava durante o dia e estudava \u00e0 noite, as duas filhas ainda eram crian\u00e7as.<\/p>\n\n\n\n<p>Depois da faculdade, veio outro desafio: a <strong><a href=\"https:\/\/magistrarcursos.com.br\/blog\/oab-47\/\" target=\"_blank\" data-type=\"link\" data-id=\"https:\/\/magistrarcursos.com.br\/blog\/oab-47\/\" rel=\"noreferrer noopener\">OAB<\/a><\/strong>. Simone foi aprovada na segunda tentativa. Na primeira prova, havia conseguido aprova\u00e7\u00e3o na etapa objetiva, mas n\u00e3o avan\u00e7ou na fase discursiva.<\/p>\n\n\n\n<p>A aprova\u00e7\u00e3o, por\u00e9m, n\u00e3o significou o fim dos estudos. Pelo contr\u00e1rio. Simone passou a buscar cursos preparat\u00f3rios e, em 2013, chegou a estudar em institui\u00e7\u00f5es voltadas \u00e0 prepara\u00e7\u00e3o para <strong><a href=\"https:\/\/magistrarcursos.com.br\/blog\/concursos-juridicos-com-comissao-formada-veja-quais-aguardam-definicao-de-banca\/\" target=\"_blank\" data-type=\"link\" data-id=\"https:\/\/magistrarcursos.com.br\/blog\/concursos-juridicos-com-comissao-formada-veja-quais-aguardam-definicao-de-banca\/\" rel=\"noreferrer noopener\">carreiras jur\u00eddicas<\/a><\/strong>.<\/p>\n\n\n\n<p>Em 2017, retomou novamente a prepara\u00e7\u00e3o, dessa vez com o objetivo de prestar o concurso para <strong><a href=\"https:\/\/magistrarcursos.com.br\/blog\/concurso-delegado-pf\/\" target=\"_blank\" data-type=\"link\" data-id=\"https:\/\/magistrarcursos.com.br\/blog\/concurso-delegado-pf\/\" rel=\"noreferrer noopener\">Delegado da Pol\u00edcia Federal<\/a><\/strong>. Estudou para a sele\u00e7\u00e3o, mas acabou perdendo o prazo de inscri\u00e7\u00e3o e n\u00e3o chegou a realizar a prova.<\/p>\n\n\n\n<p>Mais uma vez, interrompeu os estudos.<\/p>\n\n\n\n<p><strong>Leia tamb\u00e9m: <a href=\"https:\/\/magistrarcursos.com.br\/blog\/enam-2026-2-inscricoes-abertas-veja-prazo-taxa-e-como-se-inscrever\/\" target=\"_blank\" data-type=\"link\" data-id=\"https:\/\/magistrarcursos.com.br\/blog\/enam-2026-2-inscricoes-abertas-veja-prazo-taxa-e-como-se-inscrever\/\" rel=\"noreferrer noopener\">ENAM 2026.2: inscri\u00e7\u00f5es abertas; veja prazo, taxa e como se inscrever<\/a><br><\/strong><\/p>\n\n\n\n<h2 class=\"wp-block-heading\">O recome\u00e7o veio pelo YouTube<\/h2>\n\n\n\n<p>Anos depois, em meio a mudan\u00e7as pessoais, Simone decidiu que precisava fazer algo diferente e voltou a estudar.<\/p>\n\n\n\n<p>O primeiro passo foi buscar aulas gratuitas no YouTube. Em outubro, come\u00e7ou uma nova rotina de prepara\u00e7\u00e3o e, pouco tempo depois, decidiu se inscrever em concursos para <strong>Analista da Assembleia Legislativa do Rio de Janeiro (Alerj)<\/strong> e para <strong>Analista do Tribunal de Justi\u00e7a do Rio de Janeiro (TJ RJ)<\/strong>.<\/p>\n\n\n\n<p>Mesmo estudando de forma independente, conseguiu um resultado que renovou sua confian\u00e7a: foi aprovada nas duas provas.<\/p>\n\n\n\n<p>\u201cEu fiquei muito feliz. Eu falei: \u2018Poxa, que legal\u2019\u201d, conta.<\/p>\n\n\n\n<p>Ao mesmo tempo, Simone come\u00e7ou a acompanhar os conte\u00fados do Magistrar pelas aulas dispon\u00edveis no YouTube. A experi\u00eancia despertou seu interesse pela prepara\u00e7\u00e3o voltada \u00e0 Magistratura.<\/p>\n\n\n\n<div style=\"text-align: center;margin: 30px 0\">\r\n  <a href=\"https:\/\/www.youtube.com\/@magistrar\" target=\"_blank\" rel=\"noopener noreferrer\" style=\"background: #FF0000;color: #FFFFFF;padding: 15px 30px;border-radius: 6px;text-decoration: none;font-size: 17px;font-weight: 700\">\r\n     Se inscreva no canal do Magistrar no YouTube\r\n  <\/a>\r\n<\/div>\n\n\n\n<h2 class=\"wp-block-heading\">Prepara\u00e7\u00e3o para o ENAM come\u00e7ou em fevereiro<\/h2>\n\n\n\n<p>Depois das provas de Analista, Simone decidiu encarar um novo desafio: o <strong>ENAM<\/strong>.<\/p>\n\n\n\n<p>No final de fevereiro, ingressou no <strong>Reta Final ENAM do Magistrar<\/strong> e come\u00e7ou a intensificar os estudos. Pouco depois, migrou para o <strong><a href=\"https:\/\/mentoria.magistrarcursos.com.br\/\" target=\"_blank\" data-type=\"link\" data-id=\"https:\/\/mentoria.magistrarcursos.com.br\/\" rel=\"noreferrer noopener\">Magistrar Black<\/a><\/strong>, passando a ter acesso a uma prepara\u00e7\u00e3o mais completa, incluindo aulas, simulados e ferramentas de estudo.<\/p>\n\n\n\n<p>Um dos recursos que mais contribu\u00edram para sua prepara\u00e7\u00e3o foi o <strong><a href=\"https:\/\/t.magistrarcursos.com.br\/cerebro-juridico-b\/?utm_source=blog&amp;_gl=1*18z6e86*_gcl_aw*R0NMLjE3ODc3NjAzNTkuQ2owS0NRanduYnJVQmhET0FSSXNBS0toUHBjaGZ6VWxyY044YlFKODBkNHFXd2E4T0JVQ2xWQmlFZ0s0MjAwLWtZQjBibVB0a1I1R1FXMGFBa1puRUFMd193Y0I.*_gcl_au*MzcwMjIyMDIuMTc4NjM1OTc4NA..*_ga*MTg1NjUyMTQ2Ny4xNzcwMzA0ODI4*_ga_Q2E1VNCPVY*czE3ODgxNzQzODYkbzQ1NCRnMSR0MTc4ODE3ODI1NyRqMTAkbDAkaDE0NTI0NTE1NzY.*_fplc*M0NxTmRxc0YxV1VuazVWaEEwVzc4JTJCJTJGcWM1dVJZeDExQ1hDTnY0TDRidUtVVzlvVU85Ynl2WEc5bzQ0clNQV1JYbGQ3QlIxMXpGM0drJTJGdllFZGY1SHVQcnFLN1hLUER3Y3JUR01Ib2daQjRvbDdhcGVOTjlualklMkJyZW5EZkElM0QlM0Q.\" target=\"_blank\" data-type=\"link\" data-id=\"https:\/\/t.magistrarcursos.com.br\/cerebro-juridico-b\/?utm_source=blog&amp;_gl=1*18z6e86*_gcl_aw*R0NMLjE3ODc3NjAzNTkuQ2owS0NRanduYnJVQmhET0FSSXNBS0toUHBjaGZ6VWxyY044YlFKODBkNHFXd2E4T0JVQ2xWQmlFZ0s0MjAwLWtZQjBibVB0a1I1R1FXMGFBa1puRUFMd193Y0I.*_gcl_au*MzcwMjIyMDIuMTc4NjM1OTc4NA..*_ga*MTg1NjUyMTQ2Ny4xNzcwMzA0ODI4*_ga_Q2E1VNCPVY*czE3ODgxNzQzODYkbzQ1NCRnMSR0MTc4ODE3ODI1NyRqMTAkbDAkaDE0NTI0NTE1NzY.*_fplc*M0NxTmRxc0YxV1VuazVWaEEwVzc4JTJCJTJGcWM1dVJZeDExQ1hDTnY0TDRidUtVVzlvVU85Ynl2WEc5bzQ0clNQV1JYbGQ3QlIxMXpGM0drJTJGdllFZGY1SHVQcnFLN1hLUER3Y3JUR01Ib2daQjRvbDdhcGVOTjlualklMkJyZW5EZkElM0QlM0Q.\" rel=\"noreferrer noopener\">C\u00e9rebro<\/a><\/strong>, plataforma de estudos do Magistrar.<\/p>\n\n\n\n<p>Simone tamb\u00e9m destaca as aulas de imers\u00e3o, os simulados, o estudo da legisla\u00e7\u00e3o e a revis\u00e3o de v\u00e9spera como elementos fundamentais para sua prepara\u00e7\u00e3o.<\/p>\n\n\n\n<p>\u201cEu me senti muito melhor, mais confiante\u201d, afirma.<\/p>\n\n\n\n<p>A rotina foi intensa. Mesmo tendo ficado anos afastada dos estudos, Simone passou a dedicar cerca de <strong>oito horas por dia \u00e0 prepara\u00e7\u00e3o<\/strong>, inclusive aos s\u00e1bados e domingos, seguindo o cronograma do Reta Final ENAM.<\/p>\n\n\n\n<figure class=\"wp-block-image size-large\"><a href=\"https:\/\/t.magistrarcursos.com.br\/enam-3em1\/?utm_source=blog\" target=\"_blank\" rel=\" noreferrer noopener\"><img decoding=\"async\" width=\"1024\" height=\"426\" src=\"https:\/\/magistrarcursos.com.br\/blog\/wp-content\/uploads\/2026\/07\/banner-3em1-blog-1024x426.webp\" alt=\"\" class=\"wp-image-43121\" srcset=\"https:\/\/magistrarcursos.com.br\/blog\/wp-content\/uploads\/2026\/07\/banner-3em1-blog-1024x426.webp 1024w, https:\/\/magistrarcursos.com.br\/blog\/wp-content\/uploads\/2026\/07\/banner-3em1-blog-300x125.webp 300w, https:\/\/magistrarcursos.com.br\/blog\/wp-content\/uploads\/2026\/07\/banner-3em1-blog-768x320.webp 768w, https:\/\/magistrarcursos.com.br\/blog\/wp-content\/uploads\/2026\/07\/banner-3em1-blog-1536x639.webp 1536w, https:\/\/magistrarcursos.com.br\/blog\/wp-content\/uploads\/2026\/07\/banner-3em1-blog-2048x852.webp 2048w\" sizes=\"(max-width: 1024px) 100vw, 1024px\" \/><\/a><\/figure>\n\n\n\n<h2 class=\"wp-block-heading\">\u201cEu vou passar\u201d<\/h2>\n\n\n\n<p>A confian\u00e7a constru\u00edda durante a prepara\u00e7\u00e3o foi decisiva para Simone.<\/p>\n\n\n\n<p>Na v\u00e9spera da prova, ela conta que foi dormir com a sensa\u00e7\u00e3o de que j\u00e1 havia conseguido a aprova\u00e7\u00e3o.<\/p>\n\n\n\n<blockquote class=\"wp-block-quote is-layout-flow wp-block-quote-is-layout-flow\">\n<p>\u201cNo s\u00e1bado antes da prova, eu fui dormir com uma sensa\u00e7\u00e3o de que eu j\u00e1 tinha passado.\u201d<\/p>\n<\/blockquote>\n\n\n\n<p>No dia do exame, manteve a mesma convic\u00e7\u00e3o.<\/p>\n\n\n\n<p>O resultado confirmou o esfor\u00e7o: <strong>59 acertos no ENAM 2026.1<\/strong> e a t\u00e3o sonhada habilita\u00e7\u00e3o para seguir avan\u00e7ando na trajet\u00f3ria rumo \u00e0 Magistratura.<\/p>\n\n\n\n<p>Para Simone, a conquista representa muito mais do que uma pontua\u00e7\u00e3o.<\/p>\n\n\n\n<p>Aos 51 anos, depois de come\u00e7ar a trabalhar aos 14, tornar-se m\u00e3e ainda jovem, criar duas filhas, cursar Direito conciliando trabalho e maternidade e enfrentar sucessivas interrup\u00e7\u00f5es nos estudos, ela conseguiu retornar ao projeto de uma carreira jur\u00eddica.<\/p>\n\n\n\n<blockquote class=\"wp-block-quote is-layout-flow wp-block-quote-is-layout-flow\">\n<p>\u201cHoje eu estou com 51 anos e estudando para ser magistrada. Isso me deixa muito feliz, me d\u00e1 uma sensa\u00e7\u00e3o de realiza\u00e7\u00e3o.\u201d<\/p>\n<\/blockquote>\n\n\n\n<p><strong>Leia tamb\u00e9m: <a href=\"https:\/\/magistrarcursos.com.br\/blog\/materias-enam\/\" target=\"_blank\" data-type=\"link\" data-id=\"https:\/\/magistrarcursos.com.br\/blog\/materias-enam\/\" rel=\"noreferrer noopener\">Mat\u00e9rias ENAM 2026.2: o que cai na prova e como estudar para 80 quest\u00f5es<\/a><br><\/strong><\/p>\n\n\n\n<h2 class=\"wp-block-heading\">Pr\u00f3ximo objetivo: Magistratura<\/h2>\n\n\n\n<p>A aprova\u00e7\u00e3o no ENAM n\u00e3o encerrou a jornada de Simone. Pelo contr\u00e1rio: abriu uma nova fase.<\/p>\n\n\n\n<p>Agora, ela est\u00e1 na Mentoria da <strong><a href=\"https:\/\/magistrarcursos.com.br\/blog\/concurso-juiz-trabalho\/\" target=\"_blank\" data-type=\"link\" data-id=\"https:\/\/magistrarcursos.com.br\/blog\/concurso-juiz-trabalho\/\" rel=\"noreferrer noopener\">Magistratura do Trabalho<\/a><\/strong> do Magistrar e mant\u00e9m o foco na prepara\u00e7\u00e3o para os pr\u00f3ximos passos da carreira.<\/p>\n\n\n\n<p>Com a expectativa de que ainda demore para sair o edital do concurso que pretende prestar, Simone chegou a consultar o professor Alexandre sobre a possibilidade de aproveitar o intervalo para realizar outras provas, como a da <strong><a href=\"https:\/\/magistrarcursos.com.br\/blog\/concurso-dpe-rj-defensor\/\" target=\"_blank\" data-type=\"link\" data-id=\"https:\/\/magistrarcursos.com.br\/blog\/concurso-dpe-rj-defensor\/\" rel=\"noreferrer noopener\">Defensoria P\u00fablica do Rio de Janeiro (DPE RJ)<\/a><\/strong>.<\/p>\n\n\n\n<p>A orienta\u00e7\u00e3o foi aproveitar as oportunidades, mas sem perder o foco no objetivo principal e no cronograma de estudos.<\/p>\n\n\n\n<p>Para Simone, esse equil\u00edbrio ser\u00e1 importante para continuar avan\u00e7ando sem repetir os per\u00edodos de interrup\u00e7\u00e3o que marcaram sua trajet\u00f3ria.<\/p>\n\n\n\n<figure class=\"wp-block-image aligncenter size-full\"><a href=\"https:\/\/mentoria.magistrarcursos.com.br\/?utm_source=blog\" target=\"_blank\" rel=\" noreferrer noopener\"><img decoding=\"async\" width=\"650\" height=\"280\" src=\"https:\/\/magistrarcursos.com.br\/blog\/wp-content\/uploads\/2026\/07\/banner-mentoria-2027.webp\" alt=\"\" class=\"wp-image-42199\" srcset=\"https:\/\/magistrarcursos.com.br\/blog\/wp-content\/uploads\/2026\/07\/banner-mentoria-2027.webp 650w, https:\/\/magistrarcursos.com.br\/blog\/wp-content\/uploads\/2026\/07\/banner-mentoria-2027-300x129.webp 300w\" sizes=\"(max-width: 650px) 100vw, 650px\" \/><\/a><\/figure>\n\n\n\n<h2 class=\"wp-block-heading\">Uma hist\u00f3ria de recome\u00e7os<\/h2>\n\n\n\n<p>A aprova\u00e7\u00e3o no ENAM 2026.1 mostra que a trajet\u00f3ria at\u00e9 a Magistratura n\u00e3o precisa seguir um caminho linear.<\/p>\n\n\n\n<p>Simone come\u00e7ou a trabalhar ainda adolescente, teve as filhas muito jovem, demorou para chegar \u00e0 faculdade, conciliou trabalho e maternidade durante a gradua\u00e7\u00e3o, passou pela OAB, interrompeu os estudos diversas vezes e voltou aos livros anos depois.<\/p>\n\n\n\n<p>Quando decidiu recome\u00e7ar, encontrou no estudo uma nova oportunidade.<\/p>\n\n\n\n<p>Aos 51 anos, os <strong>59 acertos no ENAM<\/strong> representam n\u00e3o apenas uma aprova\u00e7\u00e3o, mas a confirma\u00e7\u00e3o de que ainda era poss\u00edvel transformar um sonho antigo em projeto de vida.<\/p>\n\n\n\n<p>E, para Simone, essa hist\u00f3ria ainda est\u00e1 apenas come\u00e7ando.<\/p>\n\n\n\n<p><strong>Leia tamb\u00e9m: <a href=\"https:\/\/magistrarcursos.com.br\/blog\/cronograma-enam-2026-2-guia-completo-com-datas-e-prazos\/\" target=\"_blank\" rel=\"noreferrer noopener\">Cronograma ENAM 2026.2: guia completo com datas e prazos<\/a><br><\/strong><\/p>\n\n\n\n<figure class=\"wp-block-image size-full\"><a href=\"https:\/\/t.magistrarcursos.com.br\/cerebro-juridico\/?utm_source=blog\" target=\"_blank\" rel=\" noreferrer noopener\"><img loading=\"lazy\" decoding=\"async\" width=\"800\" height=\"237\" src=\"https:\/\/magistrarcursos.com.br\/blog\/wp-content\/uploads\/2026\/04\/banner-vitalicia-cerebro.webp\" alt=\"\" class=\"wp-image-34598\" srcset=\"https:\/\/magistrarcursos.com.br\/blog\/wp-content\/uploads\/2026\/04\/banner-vitalicia-cerebro.webp 800w, https:\/\/magistrarcursos.com.br\/blog\/wp-content\/uploads\/2026\/04\/banner-vitalicia-cerebro-300x89.webp 300w, https:\/\/magistrarcursos.com.br\/blog\/wp-content\/uploads\/2026\/04\/banner-vitalicia-cerebro-768x228.webp 768w\" sizes=\"(max-width: 800px) 100vw, 800px\" \/><\/a><\/figure>\n\n\n\n<p><\/p>\n","protected":false},"excerpt":{"rendered":"<p>Advogada e m\u00e3e, Simone Rabello Louback conquistou 59 acertos no exame e agora mant\u00e9m o foco no sonho de ingressar na Magistratura<\/p>\n","protected":false},"author":18,"featured_media":45436,"comment_status":"closed","ping_status":"closed","sticky":false,"template":"","format":"standard","meta":{"footnotes":""},"categories":[48,103],"tags":[],"class_list":["post-45426","post","type-post","status-publish","format-standard","has-post-thumbnail","hentry","category-noticias","category-enam"],"_links":{"self":[{"href":"https:\/\/magistrarcursos.com.br\/blog\/wp-json\/wp\/v2\/posts\/45426","targetHints":{"allow":["GET"]}}],"collection":[{"href":"https:\/\/magistrarcursos.com.br\/blog\/wp-json\/wp\/v2\/posts"}],"about":[{"href":"https:\/\/magistrarcursos.com.br\/blog\/wp-json\/wp\/v2\/types\/post"}],"author":[{"embeddable":true,"href":"https:\/\/magistrarcursos.com.br\/blog\/wp-json\/wp\/v2\/users\/18"}],"replies":[{"embeddable":true,"href":"https:\/\/magistrarcursos.com.br\/blog\/wp-json\/wp\/v2\/comments?post=45426"}],"version-history":[{"count":1,"href":"https:\/\/magistrarcursos.com.br\/blog\/wp-json\/wp\/v2\/posts\/45426\/revisions"}],"predecessor-version":[{"id":45437,"href":"https:\/\/magistrarcursos.com.br\/blog\/wp-json\/wp\/v2\/posts\/45426\/revisions\/45437"}],"wp:featuredmedia":[{"embeddable":true,"href":"https:\/\/magistrarcursos.com.br\/blog\/wp-json\/wp\/v2\/media\/45436"}],"wp:attachment":[{"href":"https:\/\/magistrarcursos.com.br\/blog\/wp-json\/wp\/v2\/media?parent=45426"}],"wp:term":[{"taxonomy":"category","embeddable":true,"href":"https:\/\/magistrarcursos.com.br\/blog\/wp-json\/wp\/v2\/categories?post=45426"},{"taxonomy":"post_tag","embeddable":true,"href":"https:\/\/magistrarcursos.com.br\/blog\/wp-json\/wp\/v2\/tags?post=45426"}],"curies":[{"name":"wp","href":"https:\/\/api.w.org\/{rel}","templated":true}]}}