{"id":45466,"date":"2026-08-31T16:12:59","date_gmt":"2026-08-31T19:12:59","guid":{"rendered":"https:\/\/magistrarcursos.com.br\/blog\/?p=45466"},"modified":"2026-08-31T16:12:59","modified_gmt":"2026-08-31T19:12:59","slug":"enac-2026-2-inscricoes-estao-abertas","status":"publish","type":"post","link":"https:\/\/magistrarcursos.com.br\/blog\/enac-2026-2-inscricoes-estao-abertas\/","title":{"rendered":"ENAC 2026.2: inscri\u00e7\u00f5es est\u00e3o abertas!"},"content":{"rendered":"\n<p>As <strong>inscri\u00e7\u00f5es para o <a href=\"https:\/\/magistrarcursos.com.br\/blog\/enac\/\" target=\"_blank\" rel=\"noreferrer noopener\">ENAC 2026.2<\/a> est\u00e3o abertas<\/strong> desde as <strong>16h desta segunda-feira (31)<\/strong> para a quarta edi\u00e7\u00e3o do Exame Nacional dos Cart\u00f3rios. O procedimento poder\u00e1 ser realizado at\u00e9 as <strong>16h de 29 de setembro de 2026<\/strong>, exclusivamente pelo <a href=\"https:\/\/conhecimento.fgv.br\/exames\/enac\/4exame\" target=\"_blank\" rel=\"noreferrer noopener\">site da <strong>Funda\u00e7\u00e3o Getulio Vargas (FGV)<\/strong><\/a>, organizadora do exame. A taxa de inscri\u00e7\u00e3o \u00e9 de <strong>R$ 150<\/strong>.<\/p>\n\n\n\n<p>O exame \u00e9 promovido pelo <strong>Conselho Nacional de Justi\u00e7a (CNJ)<\/strong> em parceria com a FGV e funciona como requisito para quem pretende participar de <a href=\"https:\/\/magistrarcursos.com.br\/blog\/concursos-cartorios\/\" target=\"_blank\" rel=\"noreferrer noopener\">concursos p\u00fablicos de cart\u00f3rios<\/a> realizados pelos Tribunais de Justi\u00e7a.<\/p>\n\n\n\n<p>Podem participar <strong>bachar\u00e9is em Direito<\/strong>, com forma\u00e7\u00e3o em institui\u00e7\u00e3o reconhecida pelo Minist\u00e9rio da Educa\u00e7\u00e3o (MEC), ou pessoas que tenham exercido atividade em servi\u00e7os notariais ou de registro por pelo menos <strong>10 anos<\/strong>. A comprova\u00e7\u00e3o da forma\u00e7\u00e3o ou da experi\u00eancia profissional poder\u00e1 ser apresentada at\u00e9 <strong>6 de novembro de 2026<\/strong>.<\/p>\n\n\n\n<p>A <strong>prova objetiva est\u00e1 marcada para 22 de novembro de 2026<\/strong>, das 14h \u00e0s 19h, em todas as capitais dos estados e em Bras\u00edlia\/DF. A avalia\u00e7\u00e3o ter\u00e1 <strong>100 quest\u00f5es de m\u00faltipla escolha<\/strong> e dura\u00e7\u00e3o de cinco horas.<\/p>\n\n\n\n<p><a href=\"https:\/\/magistrarcursos.com.br\/blog\/enac\/\" target=\"_blank\" rel=\"noreferrer noopener\"><strong>Confira mais informa\u00e7\u00f5es do ENAC 2026.2<\/strong><\/a><\/p>\n\n\n\n<h2 class=\"wp-block-heading\">ENAC 2026.2: como fazer a inscri\u00e7\u00e3o?<\/h2>\n\n\n\n<p>As inscri\u00e7\u00f5es <strong>j\u00e1 est\u00e3o abertas<\/strong> e devem ser realizadas exclusivamente pela internet, por meio da p\u00e1gina do ENAC 2026.2 no site da FGV. O candidato dever\u00e1 preencher o requerimento, informar a cidade onde pretende realizar a prova, enviar os documentos exigidos e emitir a guia para pagamento da taxa.<\/p>\n\n\n\n<p>O prazo para inscri\u00e7\u00e3o termina \u00e0s <strong>16h de 29 de setembro de 2026<\/strong>. J\u00e1 o pagamento da taxa poder\u00e1 ser feito at\u00e9 <strong>30 de setembro de 2026<\/strong>.<\/p>\n\n\n\n<p>O prazo para solicitar a <strong>isen\u00e7\u00e3o da taxa<\/strong> tamb\u00e9m j\u00e1 est\u00e1 aberto e termina \u00e0s <strong>16h de 2 de setembro de 2026<\/strong>, conforme as condi\u00e7\u00f5es estabelecidas no edital.<\/p>\n\n\n\n<p>A inscri\u00e7\u00e3o tamb\u00e9m exige o envio de documento de identifica\u00e7\u00e3o com CPF e de fotografia recente, al\u00e9m da documenta\u00e7\u00e3o espec\u00edfica para candidatos que concorrerem nas condi\u00e7\u00f5es destinadas a pessoas com defici\u00eancia, ind\u00edgenas ou quilombolas.<\/p>\n\n\n\n<h2 class=\"wp-block-heading\">Prova objetiva<\/h2>\n\n\n\n<p>A prova ser\u00e1 realizada em <strong>etapa \u00fanica<\/strong>, com 100 quest\u00f5es de m\u00faltipla escolha e dura\u00e7\u00e3o de cinco horas. Para obter a habilita\u00e7\u00e3o, ser\u00e1 necess\u00e1rio alcan\u00e7ar pelo menos <strong>60 acertos<\/strong>.<\/p>\n\n\n\n<p>Para pessoas autodeclaradas <strong>negras, ind\u00edgenas, quilombolas ou com defici\u00eancia<\/strong>, o edital estabelece o m\u00ednimo de <strong>50 acertos<\/strong> para habilita\u00e7\u00e3o.<\/p>\n\n\n\n<p>O conte\u00fado ter\u00e1 maior concentra\u00e7\u00e3o em <strong>Direito Notarial e Registral<\/strong>, com 60 quest\u00f5es. As demais ser\u00e3o distribu\u00eddas entre Direito Constitucional, Administrativo, Tribut\u00e1rio, Civil, Processual Civil, Empresarial, Penal, Processual Penal, do Trabalho e Processual do Trabalho.<\/p>\n\n\n\n<h2 class=\"wp-block-heading\">ENAC 2026.2: principais datas<\/h2>\n\n\n\n<figure class=\"wp-block-table\"><table class=\"has-fixed-layout\"><thead><tr><th>Etapa<\/th><th>Data<\/th><\/tr><\/thead><tbody><tr><td>In\u00edcio das inscri\u00e7\u00f5es<\/td><td><strong>31 de agosto de 2026, \u00e0s 16h<\/strong><\/td><\/tr><tr><td>In\u00edcio do prazo para isen\u00e7\u00e3o<\/td><td><strong>31 de agosto de 2026, \u00e0s 16h<\/strong><\/td><\/tr><tr><td>Fim do prazo para isen\u00e7\u00e3o<\/td><td><strong>2 de setembro de 2026, \u00e0s 16h<\/strong><\/td><\/tr><tr><td>Fim das inscri\u00e7\u00f5es<\/td><td><strong>29 de setembro de 2026, \u00e0s 16h<\/strong><\/td><\/tr><tr><td>Prazo final para pagamento da taxa<\/td><td><strong>30 de setembro de 2026<\/strong><\/td><\/tr><tr><td>Prazo para comprova\u00e7\u00e3o da forma\u00e7\u00e3o ou experi\u00eancia<\/td><td><strong>6 de novembro de 2026<\/strong><\/td><\/tr><tr><td>Prova objetiva<\/td><td><strong>22 de novembro de 2026<\/strong><\/td><\/tr><tr><td>Resultado definitivo e homologa\u00e7\u00e3o<\/td><td><strong>18 de janeiro de 2027<\/strong><\/td><\/tr><\/tbody><\/table><\/figure>\n\n\n\n<p>A prova ser\u00e1 aplicada simultaneamente nas capitais dos 26 estados e em <strong>Bras\u00edlia\/DF<\/strong>, conforme o cronograma e as regras estabelecidas no edital.<\/p>\n\n\n\n<div style=\"text-align: center;margin: 30px 0;font-family: 'Segoe UI', Roboto, 'Helvetica Neue', sans-serif\">\n  <a href=\"https:\/\/instagram.com\/magistrarcursos\" target=\"_blank\" rel=\"noopener noreferrer\" style=\"align-items: center;gap: 12px;background-color: #000000;color: #D4AF37;padding: 14px 28px;border-radius: 50px;text-decoration: none;font-weight: bold;font-size: 1.2rem;letter-spacing: 1px;border: 1px solid #D4AF37\">\n    \n      \n      \n      \n    \n    <span>Siga @magistrarcursos<\/span>\n  <\/a>\n  <div style=\"margin-top: 12px;font-size: 0.85rem;color: #444;font-weight: 500\">\n    \ud83d\udcda Conte\u00fados di\u00e1rios, dicas de estudos e novidades sobre concursos jur\u00eddicos\n  <\/div>\n<\/div>\n","protected":false},"excerpt":{"rendered":"<p>4\u00ba Exame Nacional dos Cart\u00f3rios recebe inscri\u00e7\u00f5es at\u00e9 29 de setembro; prova objetiva ser\u00e1 aplicada em novembro<\/p>\n","protected":false},"author":17,"featured_media":27970,"comment_status":"closed","ping_status":"closed","sticky":false,"template":"","format":"standard","meta":{"footnotes":""},"categories":[48,116],"tags":[],"class_list":["post-45466","post","type-post","status-publish","format-standard","has-post-thumbnail","hentry","category-noticias","category-cartorios"],"_links":{"self":[{"href":"https:\/\/magistrarcursos.com.br\/blog\/wp-json\/wp\/v2\/posts\/45466","targetHints":{"allow":["GET"]}}],"collection":[{"href":"https:\/\/magistrarcursos.com.br\/blog\/wp-json\/wp\/v2\/posts"}],"about":[{"href":"https:\/\/magistrarcursos.com.br\/blog\/wp-json\/wp\/v2\/types\/post"}],"author":[{"embeddable":true,"href":"https:\/\/magistrarcursos.com.br\/blog\/wp-json\/wp\/v2\/users\/17"}],"replies":[{"embeddable":true,"href":"https:\/\/magistrarcursos.com.br\/blog\/wp-json\/wp\/v2\/comments?post=45466"}],"version-history":[{"count":1,"href":"https:\/\/magistrarcursos.com.br\/blog\/wp-json\/wp\/v2\/posts\/45466\/revisions"}],"predecessor-version":[{"id":45467,"href":"https:\/\/magistrarcursos.com.br\/blog\/wp-json\/wp\/v2\/posts\/45466\/revisions\/45467"}],"wp:featuredmedia":[{"embeddable":true,"href":"https:\/\/magistrarcursos.com.br\/blog\/wp-json\/wp\/v2\/media\/27970"}],"wp:attachment":[{"href":"https:\/\/magistrarcursos.com.br\/blog\/wp-json\/wp\/v2\/media?parent=45466"}],"wp:term":[{"taxonomy":"category","embeddable":true,"href":"https:\/\/magistrarcursos.com.br\/blog\/wp-json\/wp\/v2\/categories?post=45466"},{"taxonomy":"post_tag","embeddable":true,"href":"https:\/\/magistrarcursos.com.br\/blog\/wp-json\/wp\/v2\/tags?post=45466"}],"curies":[{"name":"wp","href":"https:\/\/api.w.org\/{rel}","templated":true}]}}